{"id":10331,"date":"2025-04-29T21:30:42","date_gmt":"2025-04-29T21:30:42","guid":{"rendered":"https:\/\/prueba.ciep.cl\/?p=10331"},"modified":"2025-04-30T19:26:16","modified_gmt":"2025-04-30T19:26:16","slug":"como-afecta-el-cambio-climatico-a-los-fiordos-australes","status":"publish","type":"post","link":"https:\/\/ciep.cl\/inicio\/2025\/04\/29\/como-afecta-el-cambio-climatico-a-los-fiordos-australes\/","title":{"rendered":"\u00bfC\u00d3MO AFECTA EL CAMBIO CLIM\u00c1TICO A LOS FIORDOS AUSTRALES?"},"content":{"rendered":"\t\t<div data-elementor-type=\"wp-post\" data-elementor-id=\"10331\" class=\"elementor elementor-10331\" data-elementor-post-type=\"post\">\n\t\t\t\t<div class=\"elementor-element elementor-element-6914efb2 e-flex e-con-boxed e-con e-parent\" data-id=\"6914efb2\" data-element_type=\"container\">\n\t\t\t\t\t<div class=\"e-con-inner\">\n\t\t<div class=\"elementor-element elementor-element-55174642 e-con-full e-flex e-con e-child\" data-id=\"55174642\" data-element_type=\"container\">\n\t\t\t\t<div class=\"elementor-element elementor-element-6e04c3de elementor-widget elementor-widget-theme-post-featured-image elementor-widget-image\" data-id=\"6e04c3de\" data-element_type=\"widget\" data-widget_type=\"theme-post-featured-image.default\">\n\t\t\t\t<div class=\"elementor-widget-container\">\n\t\t\t\t\t\t\t\t\t\t\t\t\t\t\t<img fetchpriority=\"high\" decoding=\"async\" width=\"896\" height=\"898\" src=\"https:\/\/ciep.cl\/inicio\/wp-content\/uploads\/2025\/04\/Captura-de-pantalla-2025-04-29-a-las-5.29.47\u202fp.m.png\" class=\"attachment-large size-large wp-image-10336\" alt=\"\" srcset=\"https:\/\/ciep.cl\/inicio\/wp-content\/uploads\/2025\/04\/Captura-de-pantalla-2025-04-29-a-las-5.29.47\u202fp.m.png 896w, https:\/\/ciep.cl\/inicio\/wp-content\/uploads\/2025\/04\/Captura-de-pantalla-2025-04-29-a-las-5.29.47\u202fp.m-300x300.png 300w, https:\/\/ciep.cl\/inicio\/wp-content\/uploads\/2025\/04\/Captura-de-pantalla-2025-04-29-a-las-5.29.47\u202fp.m-150x150.png 150w, https:\/\/ciep.cl\/inicio\/wp-content\/uploads\/2025\/04\/Captura-de-pantalla-2025-04-29-a-las-5.29.47\u202fp.m-768x770.png 768w\" sizes=\"(max-width: 896px) 100vw, 896px\" \/>\t\t\t\t\t\t\t\t\t\t\t\t\t\t\t<\/div>\n\t\t\t\t<\/div>\n\t\t\t\t<\/div>\n\t\t<div class=\"elementor-element elementor-element-2fd892f9 e-con-full e-flex e-con e-child\" data-id=\"2fd892f9\" data-element_type=\"container\">\n\t\t\t\t<div class=\"elementor-element elementor-element-40bf2f85 elementor-widget elementor-widget-theme-post-title elementor-page-title elementor-widget-heading\" data-id=\"40bf2f85\" data-element_type=\"widget\" data-widget_type=\"theme-post-title.default\">\n\t\t\t\t<div class=\"elementor-widget-container\">\n\t\t\t\t\t<h1 class=\"elementor-heading-title elementor-size-default\">\u00bfC\u00d3MO AFECTA EL CAMBIO CLIM\u00c1TICO A LOS FIORDOS AUSTRALES?<\/h1>\t\t\t\t<\/div>\n\t\t\t\t<\/div>\n\t\t\t\t<div class=\"elementor-element elementor-element-455b0a02 elementor-widget elementor-widget-text-editor\" data-id=\"455b0a02\" data-element_type=\"widget\" data-widget_type=\"text-editor.default\">\n\t\t\t\t<div class=\"elementor-widget-container\">\n\t\t\t\t\t\t\t\t\t<p>El planeta Tierra ha pasado por varios cambios clim\u00e1ticos a lo largo de su historia, es decir, es un proceso natural. Lamentablemente, en los \u00faltimos a\u00f1os hemos contribuido a acelerar este proceso natural de la Tierra y de una manera nunca antes vista.<\/p>\t\t\t\t\t\t\t\t<\/div>\n\t\t\t\t<\/div>\n\t\t\t\t<div class=\"elementor-element elementor-element-1ff5b4fa elementor-widget elementor-widget-button\" data-id=\"1ff5b4fa\" data-element_type=\"widget\" data-widget_type=\"button.default\">\n\t\t\t\t<div class=\"elementor-widget-container\">\n\t\t\t\t\t\t\t\t\t<div class=\"elementor-button-wrapper\">\n\t\t\t\t\t<a class=\"elementor-button elementor-button-link elementor-size-sm\" href=\"https:\/\/www.instagram.com\/p\/CDZm7BunMRx\/\" target=\"_blank\">\n\t\t\t\t\t\t<span class=\"elementor-button-content-wrapper\">\n\t\t\t\t\t\t<span class=\"elementor-button-icon\">\n\t\t\t\t<svg aria-hidden=\"true\" class=\"e-font-icon-svg e-fas-cloud-download-alt\" viewBox=\"0 0 640 512\" xmlns=\"http:\/\/www.w3.org\/2000\/svg\"><path d=\"M537.6 226.6c4.1-10.7 6.4-22.4 6.4-34.6 0-53-43-96-96-96-19.7 0-38.1 6-53.3 16.2C367 64.2 315.3 32 256 32c-88.4 0-160 71.6-160 160 0 2.7.1 5.4.2 8.1C40.2 219.8 0 273.2 0 336c0 79.5 64.5 144 144 144h368c70.7 0 128-57.3 128-128 0-61.9-44-113.6-102.4-125.4zm-132.9 88.7L299.3 420.7c-6.2 6.2-16.4 6.2-22.6 0L171.3 315.3c-10.1-10.1-2.9-27.3 11.3-27.3H248V176c0-8.8 7.2-16 16-16h48c8.8 0 16 7.2 16 16v112h65.4c14.2 0 21.4 17.2 11.3 27.3z\"><\/path><\/svg>\t\t\t<\/span>\n\t\t\t\t\t\t\t\t\t<span class=\"elementor-button-text\">Descarga este recurso<\/span>\n\t\t\t\t\t<\/span>\n\t\t\t\t\t<\/a>\n\t\t\t\t<\/div>\n\t\t\t\t\t\t\t\t<\/div>\n\t\t\t\t<\/div>\n\t\t\t\t<\/div>\n\t\t\t\t\t<\/div>\n\t\t\t\t<\/div>\n\t\t\t\t<\/div>\n\t\t","protected":false},"excerpt":{"rendered":"<p>El planeta Tierra ha pasado por varios cambios clim\u00e1ticos a lo largo de su historia, es decir, es un proceso natural. Lamentablemente, en los \u00faltimos a\u00f1os hemos contribuido a acelerar este proceso natural de la Tierra y de una manera &#8230; <\/p>\n<p class=\"read-more-container\"><a title=\"\u00bfC\u00d3MO AFECTA EL CAMBIO CLIM\u00c1TICO A LOS FIORDOS AUSTRALES?\" class=\"read-more button\" href=\"https:\/\/ciep.cl\/inicio\/2025\/04\/29\/como-afecta-el-cambio-climatico-a-los-fiordos-australes\/#more-10331\" aria-label=\"Leer m\u00e1s sobre \u00bfC\u00d3MO AFECTA EL CAMBIO CLIM\u00c1TICO A LOS FIORDOS AUSTRALES?\">Leer m\u00e1s<\/a><\/p>\n","protected":false},"author":2,"featured_media":10336,"comment_status":"closed","ping_status":"closed","sticky":false,"template":"elementor_header_footer","format":"standard","meta":{"footnotes":""},"categories":[20],"tags":[],"class_list":["post-10331","post","type-post","status-publish","format-standard","has-post-thumbnail","hentry","category-infografias","infinite-scroll-item"],"_links":{"self":[{"href":"https:\/\/ciep.cl\/inicio\/wp-json\/wp\/v2\/posts\/10331","targetHints":{"allow":["GET"]}}],"collection":[{"href":"https:\/\/ciep.cl\/inicio\/wp-json\/wp\/v2\/posts"}],"about":[{"href":"https:\/\/ciep.cl\/inicio\/wp-json\/wp\/v2\/types\/post"}],"author":[{"embeddable":true,"href":"https:\/\/ciep.cl\/inicio\/wp-json\/wp\/v2\/users\/2"}],"replies":[{"embeddable":true,"href":"https:\/\/ciep.cl\/inicio\/wp-json\/wp\/v2\/comments?post=10331"}],"version-history":[{"count":4,"href":"https:\/\/ciep.cl\/inicio\/wp-json\/wp\/v2\/posts\/10331\/revisions"}],"predecessor-version":[{"id":10350,"href":"https:\/\/ciep.cl\/inicio\/wp-json\/wp\/v2\/posts\/10331\/revisions\/10350"}],"wp:featuredmedia":[{"embeddable":true,"href":"https:\/\/ciep.cl\/inicio\/wp-json\/wp\/v2\/media\/10336"}],"wp:attachment":[{"href":"https:\/\/ciep.cl\/inicio\/wp-json\/wp\/v2\/media?parent=10331"}],"wp:term":[{"taxonomy":"category","embeddable":true,"href":"https:\/\/ciep.cl\/inicio\/wp-json\/wp\/v2\/categories?post=10331"},{"taxonomy":"post_tag","embeddable":true,"href":"https:\/\/ciep.cl\/inicio\/wp-json\/wp\/v2\/tags?post=10331"}],"curies":[{"name":"wp","href":"https:\/\/api.w.org\/{rel}","templated":true}]}}