{"id":10659,"date":"2025-05-22T20:48:37","date_gmt":"2025-05-22T20:48:37","guid":{"rendered":"https:\/\/ciep.cl\/inicio\/?p=10659"},"modified":"2025-06-16T20:49:25","modified_gmt":"2025-06-16T20:49:25","slug":"delegado-jorge-diaz-destaco-contribucion-del-ciep-al-desarrollo-regional-sostenible","status":"publish","type":"post","link":"https:\/\/ciep.cl\/inicio\/2025\/05\/22\/delegado-jorge-diaz-destaco-contribucion-del-ciep-al-desarrollo-regional-sostenible\/","title":{"rendered":"Delegado Jorge D\u00edaz destac\u00f3 contribuci\u00f3n del CIEP al desarrollo regional sostenible"},"content":{"rendered":"\n<hr class=\"wp-block-separator has-alpha-channel-opacity\" \/>\n\n\n\n<p>Como parte del programa de actividades de los 20 a\u00f1os del Centro de Investigaci\u00f3n en Ecosistemas de la Patagonia (CIEP), el delegado presidencial regional de Ays\u00e9n, Jorge D\u00edaz Guzm\u00e1n acompa\u00f1ado por la seremi de Gobierno, \u00darsula Mix, visit\u00f3 las instalaciones del referente cient\u00edfico, ubicadas en el sector Alto Baguales, Coyhaique.<\/p>\n\n\n\n<p>El recorrido fue guiado por el director ejecutivo del CIEP, Dr. Gerard Olivar, junto al subdirector cient\u00edfico, Dr. Brian Reid, y el subdirector de Vinculaci\u00f3n y Transferencia, Dr. Claudio Herrera.<\/p>\n\n\n\n<p>Adem\u00e1s, proporcionaron antecedentes, la jefa del Laboratorio CIEP, Soraya Villagra, los investigadores de Ecolog\u00eda Forestal, Dra. M\u00f3nica Toro y el Dr. Alejandro Huertas; la coordinadora del Laboratorio EcoClim\u00e1tico, Manuela L\u00f3pez, y los profesionales \u00c1lvaro Mascare\u00f1o y Basti\u00e1n Cifuentes.<\/p>\n\n\n\n<p>En este contexto, el delegado Jorge D\u00edaz subray\u00f3 la importancia de una fluida relaci\u00f3n entre las instituciones del sector p\u00fablico, privado, academia e investigaci\u00f3n, para contribuir en el proceso de toma de decisiones y al desarrollo regional sostenible en sinton\u00eda con desaf\u00edos como los efectos del calentamiento global.<\/p>\n\n\n\n<p>\u201cUna regi\u00f3n que quiera progresar, desarrollarse y manejar bien su territorio, necesita conocimiento, informaci\u00f3n que sea posible aplicar en funci\u00f3n de las alternativas de desarrollo que tiene nuestra regi\u00f3n y c\u00f3mo, nosotros como Gobierno, transformamos eso para el bienestar de las personas\u201d, indic\u00f3.<\/p>\n\n\n<div class=\"wp-block-image\">\n<figure class=\"aligncenter size-full\"><img fetchpriority=\"high\" decoding=\"async\" width=\"800\" height=\"600\" src=\"https:\/\/ciep.cl\/inicio\/wp-content\/uploads\/2025\/06\/VISITA-Delegado-Presidencial-Regioanl-Jorge-Diaz-Guzman.jpg\" alt=\"\" class=\"wp-image-10661\" srcset=\"https:\/\/ciep.cl\/inicio\/wp-content\/uploads\/2025\/06\/VISITA-Delegado-Presidencial-Regioanl-Jorge-Diaz-Guzman.jpg 800w, https:\/\/ciep.cl\/inicio\/wp-content\/uploads\/2025\/06\/VISITA-Delegado-Presidencial-Regioanl-Jorge-Diaz-Guzman-300x225.jpg 300w, https:\/\/ciep.cl\/inicio\/wp-content\/uploads\/2025\/06\/VISITA-Delegado-Presidencial-Regioanl-Jorge-Diaz-Guzman-768x576.jpg 768w\" sizes=\"(max-width: 800px) 100vw, 800px\" \/><\/figure>\n<\/div>\n\n\n<p>Por su parte, el Dr. Gerard Olivar relev\u00f3 que \u201ccumplimos 20 a\u00f1os y es muy importante que est\u00e9 el delegado presidencial visitando el CIEP, viendo las investigaciones que estamos haciendo, en qu\u00e9 condiciones hacemos la investigaci\u00f3n y hemos recibido muy buenas recomendaciones en el \u00e1mbito de la cooperaci\u00f3n internacional y de otros temas que ata\u00f1en directamente a nuestro trabajo\u201d.<\/p>\n\n\n\n<p>En tanto, la seremi \u00darsula Mix manifest\u00f3 que \u201cpara m\u00ed fue muy interesante conocer a los investigadores, quienes fueron explicando los procesos que est\u00e1n realizando. Me voy muy encantada de conocer el trabajo que est\u00e1n realizando y c\u00f3mo pondr\u00e1n ese conocimiento a disposici\u00f3n de toda la comunidad de Ays\u00e9n\u201d.<\/p>\n\n\n\n<p>Las l\u00edneas de investigaci\u00f3n permanentes que en la actualidad desarrolla CIEP son Ecosistemas Acu\u00e1ticos; \u2060Ecosistemas Terrestres; \u2060Arqueolog\u00eda y Patrimonio; \u2060Pesca y Acuicultura; \u2060Turismo Sustentable y ;\u2060Clima y Contaminaci\u00f3n.<\/p>\n\n\n\n<p><\/p>\n","protected":false},"excerpt":{"rendered":"<p>Como parte del programa de actividades de los 20 a\u00f1os del Centro de Investigaci\u00f3n en Ecosistemas de la Patagonia (CIEP), el delegado presidencial regional de Ays\u00e9n, Jorge D\u00edaz Guzm\u00e1n acompa\u00f1ado por la seremi de Gobierno, \u00darsula Mix, visit\u00f3 las instalaciones &#8230; <\/p>\n<p class=\"read-more-container\"><a title=\"Delegado Jorge D\u00edaz destac\u00f3 contribuci\u00f3n del CIEP al desarrollo regional sostenible\" class=\"read-more button\" href=\"https:\/\/ciep.cl\/inicio\/2025\/05\/22\/delegado-jorge-diaz-destaco-contribucion-del-ciep-al-desarrollo-regional-sostenible\/#more-10659\" aria-label=\"Leer m\u00e1s sobre Delegado Jorge D\u00edaz destac\u00f3 contribuci\u00f3n del CIEP al desarrollo regional sostenible\">Leer m\u00e1s<\/a><\/p>\n","protected":false},"author":4,"featured_media":10660,"comment_status":"closed","ping_status":"closed","sticky":false,"template":"","format":"standard","meta":{"footnotes":""},"categories":[5],"tags":[],"class_list":["post-10659","post","type-post","status-publish","format-standard","has-post-thumbnail","hentry","category-noticias","infinite-scroll-item"],"_links":{"self":[{"href":"https:\/\/ciep.cl\/inicio\/wp-json\/wp\/v2\/posts\/10659","targetHints":{"allow":["GET"]}}],"collection":[{"href":"https:\/\/ciep.cl\/inicio\/wp-json\/wp\/v2\/posts"}],"about":[{"href":"https:\/\/ciep.cl\/inicio\/wp-json\/wp\/v2\/types\/post"}],"author":[{"embeddable":true,"href":"https:\/\/ciep.cl\/inicio\/wp-json\/wp\/v2\/users\/4"}],"replies":[{"embeddable":true,"href":"https:\/\/ciep.cl\/inicio\/wp-json\/wp\/v2\/comments?post=10659"}],"version-history":[{"count":1,"href":"https:\/\/ciep.cl\/inicio\/wp-json\/wp\/v2\/posts\/10659\/revisions"}],"predecessor-version":[{"id":10662,"href":"https:\/\/ciep.cl\/inicio\/wp-json\/wp\/v2\/posts\/10659\/revisions\/10662"}],"wp:featuredmedia":[{"embeddable":true,"href":"https:\/\/ciep.cl\/inicio\/wp-json\/wp\/v2\/media\/10660"}],"wp:attachment":[{"href":"https:\/\/ciep.cl\/inicio\/wp-json\/wp\/v2\/media?parent=10659"}],"wp:term":[{"taxonomy":"category","embeddable":true,"href":"https:\/\/ciep.cl\/inicio\/wp-json\/wp\/v2\/categories?post=10659"},{"taxonomy":"post_tag","embeddable":true,"href":"https:\/\/ciep.cl\/inicio\/wp-json\/wp\/v2\/tags?post=10659"}],"curies":[{"name":"wp","href":"https:\/\/api.w.org\/{rel}","templated":true}]}}