{"id":10683,"date":"2025-03-21T13:25:33","date_gmt":"2025-03-21T13:25:33","guid":{"rendered":"https:\/\/ciep.cl\/inicio\/?p=10683"},"modified":"2026-01-28T15:31:57","modified_gmt":"2026-01-28T15:31:57","slug":"core-rocco-martiniello-dialogo-con-investigadores-ciep","status":"publish","type":"post","link":"https:\/\/ciep.cl\/inicio\/2025\/03\/21\/core-rocco-martiniello-dialogo-con-investigadores-ciep\/","title":{"rendered":"Core Rocco Martiniello dialog\u00f3 con investigadores CIEP"},"content":{"rendered":"\n<p>En la primera visita de este 2025 a las dependencias del CIEP,&nbsp;<strong>el&nbsp;consejero regional&nbsp;por la Provincia de Coyhaique<\/strong>, <strong>Rocco Martiniello \u00c1vila,<\/strong> recorri\u00f3 las dependencias de nuestros laboratorios y espacios de trabajo en el edificio del sector Alto Baguales, en Coyhaique.<\/p>\n\n\n\n<p>Martiniello, quien integra las <strong>comisiones de Infraestructura, Transporte y Telecomunicaciones; de R\u00e9gimen Interno; y de Seguridad P\u00fablica y Emergencias<\/strong>, se mostr\u00f3 altamente interesado en los avances de las l\u00edneas de investigaci\u00f3n que desarrollan los investigadores residentes, valorando su aplicaci\u00f3n, divulgaci\u00f3n y transferencia a los distintos p\u00fablicos y especialistas para la toma de decisiones en la regi\u00f3n.<\/p>\n\n\n\n<p>Acompa\u00f1ado del <strong>subdirector de Vinculaci\u00f3n y Transferencia, Dr. Claudio Herrera,<\/strong> el representante en el Consejo Regional de Ays\u00e9n comenz\u00f3 dialogando con la <strong>jefa de laboratorio, Soraya Villagr\u00e1n,<\/strong> quien junto a diversos investigadores del \u00e1rea de <strong>Ecosistemas Acu\u00e1ticos, Ecosistemas Terrestres, y de Pesca y Acuicultura, <\/strong>presentaron los estudios en marcha y compartieron sus puntos de inter\u00e9s al respecto.<\/p>\n\n\n\n<p>Finalmente, en la <strong>l\u00ednea de Clima y Contaminaci\u00f3n<\/strong>, el Core Martiniello conoci\u00f3 el proyecto de \u201cAbatimiento\u201d con las mediciones y tecnolog\u00edas de consumo de combustible en distintos artefactos, los cuales son monitoreados con sensores especializados y analizados en el <strong>Laboratorio EcoClim\u00e1tico.<\/strong><\/p>\n\n\n\n<p><\/p>\n","protected":false},"excerpt":{"rendered":"<p>En la primera visita de este 2025 a las dependencias del CIEP,&nbsp;el&nbsp;consejero regional&nbsp;por la Provincia de Coyhaique, Rocco Martiniello \u00c1vila, recorri\u00f3 las dependencias de nuestros laboratorios y espacios de trabajo en el edificio del sector Alto Baguales, en Coyhaique. Martiniello, &#8230; <\/p>\n<p class=\"read-more-container\"><a title=\"Core Rocco Martiniello dialog\u00f3 con investigadores CIEP\" class=\"read-more button\" href=\"https:\/\/ciep.cl\/inicio\/2025\/03\/21\/core-rocco-martiniello-dialogo-con-investigadores-ciep\/#more-10683\" aria-label=\"Leer m\u00e1s sobre Core Rocco Martiniello dialog\u00f3 con investigadores CIEP\">Leer m\u00e1s<\/a><\/p>\n","protected":false},"author":4,"featured_media":10684,"comment_status":"closed","ping_status":"closed","sticky":false,"template":"","format":"standard","meta":{"footnotes":""},"categories":[5],"tags":[],"class_list":["post-10683","post","type-post","status-publish","format-standard","has-post-thumbnail","hentry","category-noticias","infinite-scroll-item"],"_links":{"self":[{"href":"https:\/\/ciep.cl\/inicio\/wp-json\/wp\/v2\/posts\/10683","targetHints":{"allow":["GET"]}}],"collection":[{"href":"https:\/\/ciep.cl\/inicio\/wp-json\/wp\/v2\/posts"}],"about":[{"href":"https:\/\/ciep.cl\/inicio\/wp-json\/wp\/v2\/types\/post"}],"author":[{"embeddable":true,"href":"https:\/\/ciep.cl\/inicio\/wp-json\/wp\/v2\/users\/4"}],"replies":[{"embeddable":true,"href":"https:\/\/ciep.cl\/inicio\/wp-json\/wp\/v2\/comments?post=10683"}],"version-history":[{"count":2,"href":"https:\/\/ciep.cl\/inicio\/wp-json\/wp\/v2\/posts\/10683\/revisions"}],"predecessor-version":[{"id":11973,"href":"https:\/\/ciep.cl\/inicio\/wp-json\/wp\/v2\/posts\/10683\/revisions\/11973"}],"wp:featuredmedia":[{"embeddable":true,"href":"https:\/\/ciep.cl\/inicio\/wp-json\/wp\/v2\/media\/10684"}],"wp:attachment":[{"href":"https:\/\/ciep.cl\/inicio\/wp-json\/wp\/v2\/media?parent=10683"}],"wp:term":[{"taxonomy":"category","embeddable":true,"href":"https:\/\/ciep.cl\/inicio\/wp-json\/wp\/v2\/categories?post=10683"},{"taxonomy":"post_tag","embeddable":true,"href":"https:\/\/ciep.cl\/inicio\/wp-json\/wp\/v2\/tags?post=10683"}],"curies":[{"name":"wp","href":"https:\/\/api.w.org\/{rel}","templated":true}]}}