{"id":10711,"date":"2025-04-15T14:49:27","date_gmt":"2025-04-15T14:49:27","guid":{"rendered":"https:\/\/ciep.cl\/inicio\/?p=10711"},"modified":"2025-06-17T14:55:30","modified_gmt":"2025-06-17T14:55:30","slug":"consejero-benjamin-infante-visito-el-ciep","status":"publish","type":"post","link":"https:\/\/ciep.cl\/inicio\/2025\/04\/15\/consejero-benjamin-infante-visito-el-ciep\/","title":{"rendered":"Consejero Benjam\u00edn Infante visit\u00f3 el CIEP"},"content":{"rendered":"\n<p>En visita a las dependencias del CIEP, lleg\u00f3 el <strong>presidente de la Comisi\u00f3n de Ciencia, Tecnolog\u00eda e Innovaci\u00f3n del Consejo Regional de Ays\u00e9n, consejero regional Benjam\u00edn Infante Rodr\u00edguez-Pe\u00f1a<\/strong>, quien pudo conocer detalles del trabajo de los investigadores, as\u00ed como el equipamiento de avanzada con que cuenta nuestro Centro de Investigaci\u00f3n en el sector de Alto Baguales.<\/p>\n\n\n<div class=\"wp-block-image\">\n<figure class=\"alignright size-large is-resized\"><img fetchpriority=\"high\" decoding=\"async\" width=\"1024\" height=\"719\" src=\"https:\/\/ciep.cl\/inicio\/wp-content\/uploads\/2025\/04\/Benajmin-Infante-en-CIEP-2-1024x719.jpg\" alt=\"\" class=\"wp-image-10715\" style=\"width:452px;height:auto\" srcset=\"https:\/\/ciep.cl\/inicio\/wp-content\/uploads\/2025\/04\/Benajmin-Infante-en-CIEP-2-1024x719.jpg 1024w, https:\/\/ciep.cl\/inicio\/wp-content\/uploads\/2025\/04\/Benajmin-Infante-en-CIEP-2-300x211.jpg 300w, https:\/\/ciep.cl\/inicio\/wp-content\/uploads\/2025\/04\/Benajmin-Infante-en-CIEP-2-768x539.jpg 768w, https:\/\/ciep.cl\/inicio\/wp-content\/uploads\/2025\/04\/Benajmin-Infante-en-CIEP-2-1536x1078.jpg 1536w, https:\/\/ciep.cl\/inicio\/wp-content\/uploads\/2025\/04\/Benajmin-Infante-en-CIEP-2.jpg 1900w\" sizes=\"(max-width: 1024px) 100vw, 1024px\" \/><\/figure>\n<\/div>\n\n\n<p>El Core Infante, representante de la Provincia de Coyhaique, fue recibido por el<strong> subdirector de Vinculaci\u00f3n y Transferencia, Dr. Claudio Herrera,<\/strong> y recorri\u00f3 con detalle el laboratorio central acompa\u00f1ado por la analista de laboratorio, Rosita Torres. Tambi\u00e9n conoci\u00f3 aspectos de las investigaciones que llevan a cabo la <strong>Dra. M\u00f3nica Toro y el Dr. Alejandro Huertas,<\/strong> de Ecolog\u00eda Forestal de Ecosistemas Terrestres, y luego recibi\u00f3 informaci\u00f3n detallada de los resultados y an\u00e1lisis del monitoreo sobre la contaminaci\u00f3n atmosf\u00e9rica en la zona, por parte de la <strong>investigadora Manuela L\u00f3pez<\/strong> en el Laboratorio EcoClim\u00e1tico.<\/p>\n\n\n\n<p>Posteriormente, tuvo conocimiento pormenorizado del trabajo en peque\u00f1as cuencas hidrogr\u00e1ficas de parte del <strong>investigador Dr. Paulo Moreno y el subdirector cient\u00edfico, Brian Reid<\/strong>, sosteniendo en \u00faltimo t\u00e9rmino un dialogo directo con los investigadores, al que se sumaron la <strong>arque\u00f3loga Constanza Roa, y la Dra Valentina \u00c1lvarez<\/strong>, mieles y patrimonio arqueol\u00f3gico de la Patagonia.<\/p>\n\n\n\n<p>Por su parte el consejero Benjam\u00edn Infante calific\u00f3 el encuentro como <strong>\u201cuna gran visita\u201d<\/strong> y relev\u00f3 adem\u00e1s el que \u201cse est\u00e1 produciendo ciencia y evidencia para justificar la pol\u00edtica p\u00fablica pertinente (\u2026) estoy muy contento de conocer este trabajo, por lo que invito a<strong> valorar la ciencia y el conocimiento<\/strong> que se produce aqu\u00ed en la Patagonia para resolver los problemas de nuestra gente\u201d.<\/p>\n","protected":false},"excerpt":{"rendered":"<p>En visita a las dependencias del CIEP, lleg\u00f3 el presidente de la Comisi\u00f3n de Ciencia, Tecnolog\u00eda e Innovaci\u00f3n del Consejo Regional de Ays\u00e9n, consejero regional Benjam\u00edn Infante Rodr\u00edguez-Pe\u00f1a, quien pudo conocer detalles del trabajo de los investigadores, as\u00ed como el &#8230; <\/p>\n<p class=\"read-more-container\"><a title=\"Consejero Benjam\u00edn Infante visit\u00f3 el CIEP\" class=\"read-more button\" href=\"https:\/\/ciep.cl\/inicio\/2025\/04\/15\/consejero-benjamin-infante-visito-el-ciep\/#more-10711\" aria-label=\"Leer m\u00e1s sobre Consejero Benjam\u00edn Infante visit\u00f3 el CIEP\">Leer m\u00e1s<\/a><\/p>\n","protected":false},"author":4,"featured_media":10712,"comment_status":"closed","ping_status":"closed","sticky":false,"template":"","format":"standard","meta":{"footnotes":""},"categories":[5],"tags":[122,124,123],"class_list":["post-10711","post","type-post","status-publish","format-standard","has-post-thumbnail","hentry","category-noticias","tag-benjamin-infante","tag-laboratorio","tag-visita","infinite-scroll-item"],"_links":{"self":[{"href":"https:\/\/ciep.cl\/inicio\/wp-json\/wp\/v2\/posts\/10711","targetHints":{"allow":["GET"]}}],"collection":[{"href":"https:\/\/ciep.cl\/inicio\/wp-json\/wp\/v2\/posts"}],"about":[{"href":"https:\/\/ciep.cl\/inicio\/wp-json\/wp\/v2\/types\/post"}],"author":[{"embeddable":true,"href":"https:\/\/ciep.cl\/inicio\/wp-json\/wp\/v2\/users\/4"}],"replies":[{"embeddable":true,"href":"https:\/\/ciep.cl\/inicio\/wp-json\/wp\/v2\/comments?post=10711"}],"version-history":[{"count":2,"href":"https:\/\/ciep.cl\/inicio\/wp-json\/wp\/v2\/posts\/10711\/revisions"}],"predecessor-version":[{"id":10716,"href":"https:\/\/ciep.cl\/inicio\/wp-json\/wp\/v2\/posts\/10711\/revisions\/10716"}],"wp:featuredmedia":[{"embeddable":true,"href":"https:\/\/ciep.cl\/inicio\/wp-json\/wp\/v2\/media\/10712"}],"wp:attachment":[{"href":"https:\/\/ciep.cl\/inicio\/wp-json\/wp\/v2\/media?parent=10711"}],"wp:term":[{"taxonomy":"category","embeddable":true,"href":"https:\/\/ciep.cl\/inicio\/wp-json\/wp\/v2\/categories?post=10711"},{"taxonomy":"post_tag","embeddable":true,"href":"https:\/\/ciep.cl\/inicio\/wp-json\/wp\/v2\/tags?post=10711"}],"curies":[{"name":"wp","href":"https:\/\/api.w.org\/{rel}","templated":true}]}}