{"id":10827,"date":"2025-06-19T13:34:12","date_gmt":"2025-06-19T13:34:12","guid":{"rendered":"https:\/\/ciep.cl\/inicio\/?p=10827"},"modified":"2025-06-19T13:47:48","modified_gmt":"2025-06-19T13:47:48","slug":"guia-de-valorizacion-de-la-reserva-de-la-biosfera-laguna-san-rafael-y-el-guayaneco","status":"publish","type":"post","link":"https:\/\/ciep.cl\/inicio\/2025\/06\/19\/guia-de-valorizacion-de-la-reserva-de-la-biosfera-laguna-san-rafael-y-el-guayaneco\/","title":{"rendered":"Gu\u00eda de Valorizaci\u00f3n de la Reserva de la Biosfera Laguna San Rafael y el Guayaneco"},"content":{"rendered":"\t\t<div data-elementor-type=\"wp-post\" data-elementor-id=\"10827\" class=\"elementor elementor-10827\" data-elementor-post-type=\"post\">\n\t\t\t\t<div class=\"elementor-element elementor-element-5532dde4 e-flex e-con-boxed e-con e-parent\" data-id=\"5532dde4\" data-element_type=\"container\">\n\t\t\t\t\t<div class=\"e-con-inner\">\n\t\t<div class=\"elementor-element elementor-element-7c7d9f8e e-con-full e-flex e-con e-child\" data-id=\"7c7d9f8e\" data-element_type=\"container\">\n\t\t\t\t<div class=\"elementor-element elementor-element-1b5431ab elementor-widget elementor-widget-theme-post-featured-image elementor-widget-image\" data-id=\"1b5431ab\" data-element_type=\"widget\" data-widget_type=\"theme-post-featured-image.default\">\n\t\t\t\t<div class=\"elementor-widget-container\">\n\t\t\t\t\t\t\t\t\t\t\t\t\t\t\t<img fetchpriority=\"high\" decoding=\"async\" width=\"310\" height=\"585\" src=\"https:\/\/ciep.cl\/inicio\/wp-content\/uploads\/2025\/06\/image-1.jpg\" class=\"attachment-large size-large wp-image-10825\" alt=\"\" srcset=\"https:\/\/ciep.cl\/inicio\/wp-content\/uploads\/2025\/06\/image-1.jpg 310w, https:\/\/ciep.cl\/inicio\/wp-content\/uploads\/2025\/06\/image-1-159x300.jpg 159w\" sizes=\"(max-width: 310px) 100vw, 310px\" \/>\t\t\t\t\t\t\t\t\t\t\t\t\t\t\t<\/div>\n\t\t\t\t<\/div>\n\t\t\t\t<\/div>\n\t\t<div class=\"elementor-element elementor-element-672235d1 e-con-full e-flex e-con e-child\" data-id=\"672235d1\" data-element_type=\"container\">\n\t\t\t\t<div class=\"elementor-element elementor-element-c85255 elementor-widget elementor-widget-theme-post-title elementor-page-title elementor-widget-heading\" data-id=\"c85255\" data-element_type=\"widget\" data-widget_type=\"theme-post-title.default\">\n\t\t\t\t<div class=\"elementor-widget-container\">\n\t\t\t\t\t<h1 class=\"elementor-heading-title elementor-size-default\">Gu\u00eda de Valorizaci\u00f3n de la Reserva de la Biosfera Laguna San Rafael y el Guayaneco<\/h1>\t\t\t\t<\/div>\n\t\t\t\t<\/div>\n\t\t\t\t<div class=\"elementor-element elementor-element-50e6e20d elementor-widget elementor-widget-text-editor\" data-id=\"50e6e20d\" data-element_type=\"widget\" data-widget_type=\"text-editor.default\">\n\t\t\t\t<div class=\"elementor-widget-container\">\n\t\t\t\t\t\t\t\t\t<p>Este material busca poner en valor este tesoro natural que es parte esencial de nuestra regi\u00f3n. Para ello, creemos que es fundamental que todas y todos podamos conocer lo que la Reserva nos entrega. sus funciones, sus \u00e1reas y zonas.\u00a0<\/p>\t\t\t\t\t\t\t\t<\/div>\n\t\t\t\t<\/div>\n\t\t\t\t<div class=\"elementor-element elementor-element-7b03d43b elementor-widget elementor-widget-button\" data-id=\"7b03d43b\" data-element_type=\"widget\" data-widget_type=\"button.default\">\n\t\t\t\t<div class=\"elementor-widget-container\">\n\t\t\t\t\t\t\t\t\t<div class=\"elementor-button-wrapper\">\n\t\t\t\t\t<a class=\"elementor-button elementor-button-link elementor-size-sm\" href=\"https:\/\/ciep.cl\/inicio\/wp-content\/uploads\/2025\/06\/GUIA-RESERVA-DE-LA-BIOSFERA-LSR-G.pdf\" target=\"_blank\">\n\t\t\t\t\t\t<span class=\"elementor-button-content-wrapper\">\n\t\t\t\t\t\t<span class=\"elementor-button-icon\">\n\t\t\t\t<svg aria-hidden=\"true\" class=\"e-font-icon-svg e-fas-cloud-download-alt\" viewBox=\"0 0 640 512\" xmlns=\"http:\/\/www.w3.org\/2000\/svg\"><path d=\"M537.6 226.6c4.1-10.7 6.4-22.4 6.4-34.6 0-53-43-96-96-96-19.7 0-38.1 6-53.3 16.2C367 64.2 315.3 32 256 32c-88.4 0-160 71.6-160 160 0 2.7.1 5.4.2 8.1C40.2 219.8 0 273.2 0 336c0 79.5 64.5 144 144 144h368c70.7 0 128-57.3 128-128 0-61.9-44-113.6-102.4-125.4zm-132.9 88.7L299.3 420.7c-6.2 6.2-16.4 6.2-22.6 0L171.3 315.3c-10.1-10.1-2.9-27.3 11.3-27.3H248V176c0-8.8 7.2-16 16-16h48c8.8 0 16 7.2 16 16v112h65.4c14.2 0 21.4 17.2 11.3 27.3z\"><\/path><\/svg>\t\t\t<\/span>\n\t\t\t\t\t\t\t\t\t<span class=\"elementor-button-text\">Descarga este recurso<\/span>\n\t\t\t\t\t<\/span>\n\t\t\t\t\t<\/a>\n\t\t\t\t<\/div>\n\t\t\t\t\t\t\t\t<\/div>\n\t\t\t\t<\/div>\n\t\t\t\t<\/div>\n\t\t\t\t\t<\/div>\n\t\t\t\t<\/div>\n\t\t\t\t<\/div>\n\t\t","protected":false},"excerpt":{"rendered":"<p>Este material busca poner en valor este tesoro natural que es parte esencial de nuestra regi\u00f3n. Para ello, creemos que es fundamental que todas y todos podamos conocer lo que la Reserva nos entrega. sus funciones, sus \u00e1reas y zonas.\u00a0 &#8230; <\/p>\n<p class=\"read-more-container\"><a title=\"Gu\u00eda de Valorizaci\u00f3n de la Reserva de la Biosfera Laguna San Rafael y el Guayaneco\" class=\"read-more button\" href=\"https:\/\/ciep.cl\/inicio\/2025\/06\/19\/guia-de-valorizacion-de-la-reserva-de-la-biosfera-laguna-san-rafael-y-el-guayaneco\/#more-10827\" aria-label=\"Leer m\u00e1s sobre Gu\u00eda de Valorizaci\u00f3n de la Reserva de la Biosfera Laguna San Rafael y el Guayaneco\">Leer m\u00e1s<\/a><\/p>\n","protected":false},"author":3,"featured_media":10825,"comment_status":"closed","ping_status":"closed","sticky":false,"template":"elementor_header_footer","format":"standard","meta":{"footnotes":""},"categories":[16,21],"tags":[80,42],"class_list":["post-10827","post","type-post","status-publish","format-standard","has-post-thumbnail","hentry","category-material-de-divulgacion","category-otros-documentos","tag-alexandra-salazar","tag-fabien-bourlon","infinite-scroll-item"],"_links":{"self":[{"href":"https:\/\/ciep.cl\/inicio\/wp-json\/wp\/v2\/posts\/10827","targetHints":{"allow":["GET"]}}],"collection":[{"href":"https:\/\/ciep.cl\/inicio\/wp-json\/wp\/v2\/posts"}],"about":[{"href":"https:\/\/ciep.cl\/inicio\/wp-json\/wp\/v2\/types\/post"}],"author":[{"embeddable":true,"href":"https:\/\/ciep.cl\/inicio\/wp-json\/wp\/v2\/users\/3"}],"replies":[{"embeddable":true,"href":"https:\/\/ciep.cl\/inicio\/wp-json\/wp\/v2\/comments?post=10827"}],"version-history":[{"count":4,"href":"https:\/\/ciep.cl\/inicio\/wp-json\/wp\/v2\/posts\/10827\/revisions"}],"predecessor-version":[{"id":10832,"href":"https:\/\/ciep.cl\/inicio\/wp-json\/wp\/v2\/posts\/10827\/revisions\/10832"}],"wp:featuredmedia":[{"embeddable":true,"href":"https:\/\/ciep.cl\/inicio\/wp-json\/wp\/v2\/media\/10825"}],"wp:attachment":[{"href":"https:\/\/ciep.cl\/inicio\/wp-json\/wp\/v2\/media?parent=10827"}],"wp:term":[{"taxonomy":"category","embeddable":true,"href":"https:\/\/ciep.cl\/inicio\/wp-json\/wp\/v2\/categories?post=10827"},{"taxonomy":"post_tag","embeddable":true,"href":"https:\/\/ciep.cl\/inicio\/wp-json\/wp\/v2\/tags?post=10827"}],"curies":[{"name":"wp","href":"https:\/\/api.w.org\/{rel}","templated":true}]}}