{"id":11008,"date":"2025-06-25T18:09:40","date_gmt":"2025-06-25T18:09:40","guid":{"rendered":"https:\/\/ciep.cl\/inicio\/?p=11008"},"modified":"2025-06-25T18:22:05","modified_gmt":"2025-06-25T18:22:05","slug":"proyecto-2024-exploradores-de-bordemar-arqueologia-y-memoria-territorial-en-raul-marin-balmaceda","status":"publish","type":"post","link":"https:\/\/ciep.cl\/inicio\/2025\/06\/25\/proyecto-2024-exploradores-de-bordemar-arqueologia-y-memoria-territorial-en-raul-marin-balmaceda\/","title":{"rendered":"Proyecto\/2024\/Exploradores de Bordemar: Arqueolog\u00eda y Memoria Territorial en Ra\u00fal Mar\u00edn Balmaceda"},"content":{"rendered":"\n<p>Proyecto financiado por el Fondo del Patrimonio Cultural Concurso Regional 2023, FONPAT 83142 (Convocatoria 2023). <br>2023-2024<br>Su objetivo principal es contribuir a la identidad y memoria territorial de Pto. Ra\u00fal Mar\u00edn Balmaceda a partir del catastro de sitios arqueol\u00f3gicos existentes en la localidad. La memoria territorial es la historia que guarda un territorio, la que puede ser conocida a trav\u00e9s del conocimiento tradicional y de los vestigios de quienes all\u00ed habitaron. Mediante esta investigaci\u00f3n se espera articular el pasado remoto y el pasado reciente marinense, poniendo en relevancia las pr\u00e1cticas y formas de vida acontecidas en este territorio.<\/p>\n","protected":false},"excerpt":{"rendered":"<p>Proyecto financiado por el Fondo del Patrimonio Cultural Concurso Regional 2023, FONPAT 83142 (Convocatoria 2023). 2023-2024Su objetivo principal es contribuir a la identidad y memoria territorial de Pto. Ra\u00fal Mar\u00edn Balmaceda a partir del catastro de sitios arqueol\u00f3gicos existentes en &#8230; <\/p>\n<p class=\"read-more-container\"><a title=\"Proyecto\/2024\/Exploradores de Bordemar: Arqueolog\u00eda y Memoria Territorial en Ra\u00fal Mar\u00edn Balmaceda\" class=\"read-more button\" href=\"https:\/\/ciep.cl\/inicio\/2025\/06\/25\/proyecto-2024-exploradores-de-bordemar-arqueologia-y-memoria-territorial-en-raul-marin-balmaceda\/#more-11008\" aria-label=\"Leer m\u00e1s sobre Proyecto\/2024\/Exploradores de Bordemar: Arqueolog\u00eda y Memoria Territorial en Ra\u00fal Mar\u00edn Balmaceda\">Leer m\u00e1s<\/a><\/p>\n","protected":false},"author":3,"featured_media":0,"comment_status":"closed","ping_status":"closed","sticky":false,"template":"","format":"standard","meta":{"footnotes":""},"categories":[47,107],"tags":[95],"class_list":["post-11008","post","type-post","status-publish","format-standard","hentry","category-arqueologia-y-patrimonio-proyectos","category-proyectos-ciep","tag-constanza-roa","infinite-scroll-item"],"_links":{"self":[{"href":"https:\/\/ciep.cl\/inicio\/wp-json\/wp\/v2\/posts\/11008","targetHints":{"allow":["GET"]}}],"collection":[{"href":"https:\/\/ciep.cl\/inicio\/wp-json\/wp\/v2\/posts"}],"about":[{"href":"https:\/\/ciep.cl\/inicio\/wp-json\/wp\/v2\/types\/post"}],"author":[{"embeddable":true,"href":"https:\/\/ciep.cl\/inicio\/wp-json\/wp\/v2\/users\/3"}],"replies":[{"embeddable":true,"href":"https:\/\/ciep.cl\/inicio\/wp-json\/wp\/v2\/comments?post=11008"}],"version-history":[{"count":3,"href":"https:\/\/ciep.cl\/inicio\/wp-json\/wp\/v2\/posts\/11008\/revisions"}],"predecessor-version":[{"id":11016,"href":"https:\/\/ciep.cl\/inicio\/wp-json\/wp\/v2\/posts\/11008\/revisions\/11016"}],"wp:attachment":[{"href":"https:\/\/ciep.cl\/inicio\/wp-json\/wp\/v2\/media?parent=11008"}],"wp:term":[{"taxonomy":"category","embeddable":true,"href":"https:\/\/ciep.cl\/inicio\/wp-json\/wp\/v2\/categories?post=11008"},{"taxonomy":"post_tag","embeddable":true,"href":"https:\/\/ciep.cl\/inicio\/wp-json\/wp\/v2\/tags?post=11008"}],"curies":[{"name":"wp","href":"https:\/\/api.w.org\/{rel}","templated":true}]}}