{"id":11059,"date":"2025-04-08T12:50:47","date_gmt":"2025-04-08T12:50:47","guid":{"rendered":"https:\/\/ciep.cl\/inicio\/?p=11059"},"modified":"2025-07-01T13:34:27","modified_gmt":"2025-07-01T13:34:27","slug":"encuentro-en-magallanes-reunira-ciencia-tecnologia-y-comunidad-para-la-planificacion-territorial","status":"publish","type":"post","link":"https:\/\/ciep.cl\/inicio\/2025\/04\/08\/encuentro-en-magallanes-reunira-ciencia-tecnologia-y-comunidad-para-la-planificacion-territorial\/","title":{"rendered":"Encuentro en Magallanes reunir\u00e1 ciencia, tecnolog\u00eda y comunidad para la planificaci\u00f3n territorial"},"content":{"rendered":"\n<p>\u00bfVives en la Regi\u00f3n de Magallanes y Ant\u00e1rtica Chilena? \u00bfTe relacionas con la planificaci\u00f3n territorial y\/o la gesti\u00f3n del cambio clim\u00e1tico en instituciones p\u00fablicas, privadas u organizaciones locales? Las redes macrozonales Nodo Ciencia Austral, Nodo Ant\u00e1rtico y Nodo Laboratorio Natural Subant\u00e1rtico invitan a participar del <strong>\u201cEncuentro Austral: Conocimiento cient\u00edfico al servicio de la planificaci\u00f3n territorial\u201d<\/strong>, un espacio de formaci\u00f3n de capacidades e intercambio de experiencias sobre el rol de la ciencia y las geotecnolog\u00edas para la toma de decisiones territoriales en la Macrozona Austral, en un contexto de cambio global y crisis clim\u00e1tica.<\/p>\n\n\n\n<p>\u201cEl Encuentro Austral, al que estamos invitando, es una muestra m\u00e1s de c\u00f3mo la ciencia se puede poner a disposici\u00f3n de las necesidades de nuestras regiones, en este caso estamos impulsando el uso de una herramienta de planificaci\u00f3n territorial que es el Geoportal Ciencia Austral para los requerimientos de nuestras comunidades, en particular para quienes tienen que planificar el uso de nuestros territorios y el uso de herramientas de sistemas de informaci\u00f3n geogr\u00e1fica, para finalmente mejorar la gesti\u00f3n de los recursos\u201d, comenta el <strong>director de Nodo Ciencia Austral, Dr. Juan Carlos Aravena.<\/strong><\/p>\n\n\n\n<p>Esta iniciativa comenzar\u00e1 ma\u00f1ana mi\u00e9rcoles 9 de abril y contempla tres d\u00edas de actividades presenciales que incluyen charlas, paneles y talleres en espacios como el <strong>Auditorio CADI-UMAG, el hall central del Instituto Ant\u00e1rtico Chileno (INACH) y la Reserva Nacional Magallanes.<\/strong> Est\u00e1 dirigida a profesionales del sector p\u00fablico, organizaciones sociales, investigadores, estudiantes y a la comunidad en general interesada en la gesti\u00f3n sustentable del territorio.<\/p>\n\n\n\n<p>El evento es impulsado por el <strong>Nodo Ciencia Austral, el Nodo Laboratorios Naturales Subant\u00e1rticos y el Centro de Investigaci\u00f3n en Ecosistemas de la Patagonia (CIEP)<\/strong>, en colaboraci\u00f3n con el Gobierno Regional de Magallanes, el Nodo Laboratorio Natural Ant\u00e1rtico y la Universidad de Magallanes. La iniciativa cuenta con financiamiento de la <strong>Agencia Nacional de Investigaci\u00f3n y Desarrollo (ANID).<\/strong><\/p>\n\n\n\n<p>\u201cLos datos georeferenciados son cada vez m\u00e1s importantes en la toma de decisiones. Este tipo de datos se generan desde servicios p\u00fablicos y tambi\u00e9n instituciones acad\u00e9micas, iniciativas privadas que est\u00e1n generando este tipo de informaci\u00f3n en forma independiente, a veces incluso con sistemas que no conversan entre s\u00ed. Lo que pretendemos con el Encuentro Austral de Geotecnolog\u00edas es poder conversar las dificultades para la interoperabilidad de estos sistemas y avanzar en formas de colaboraci\u00f3n m\u00e1s efectiva que, en definitiva, alimenten la toma de decisiones m\u00e1s informadas\u201d, comenta la directora del <strong>Nodo Laboratorio Natural Subant\u00e1rtico, Dra. Laura S\u00e1nchez Jard\u00f3n.<\/strong><\/p>\n\n\n\n<p>La invitaci\u00f3n contempla actividades presenciales y transmisi\u00f3n por streaming de charlas magistrales, presentaciones de plataformas y conversatorios en tem\u00e1ticas como herramientas geoespaciales para la gesti\u00f3n y planificaci\u00f3n territorial desde la evidencia cient\u00edfica, y tambi\u00e9n en relaci\u00f3n a hallazgos cient\u00edficos a trav\u00e9s de las geotecnolog\u00edas que tienen como objetivo transferir el conocimiento, como por ejemplo, el <a href=\"https:\/\/geoportalcienciaaustral-ciep.hub.arcgis.com\/\">Geoportal Ciencia Austral<\/a>. Adem\u00e1s de incluir un taller de ciencia ciudadana enfocado en qu\u00e9 sabemos y qu\u00e9 queremos saber de los hongos australes, a cargo del equipo del Nodo Laboratorio Natural Subant\u00e1rtico.<\/p>\n\n\n\n<p>\u201cDesde el Nodo Laboratorio Natural Ant\u00e1rtico se abordar\u00e1n experiencias concretas de gesti\u00f3n territorial en la Ant\u00e1rtica a trav\u00e9s del an\u00e1lisis de dos casos clave: una propuesta de \u00c1rea Marina Protegida impulsada por Chile y Argentina, y la administraci\u00f3n de la Isla Decepci\u00f3n para la protecci\u00f3n de valores naturales y arqueol\u00f3gicos. A partir de estas experiencias, se discutir\u00e1 c\u00f3mo se recopilan, utilizan y comunican los datos geoespaciales para coordinar actividades cient\u00edficas, econ\u00f3micas, log\u00edsticas y tur\u00edsticas. Adem\u00e1s, se presentar\u00e1 una herramienta del Geoportal que permite visualizar esta informaci\u00f3n de forma integrada, para luego dar paso a una conversaci\u00f3n abierta sobre los desaf\u00edos y oportunidades del uso de datos en la toma de decisiones y la gobernanza regional\u201d, indic\u00f3 el Dr. Luis Caro, profesional del Nodo Laboratorio Natural Ant\u00e1rtico.<\/p>\n\n\n\n<p>Para los interesados en participar, se requiere inscripci\u00f3n previa en el siguiente link, donde tambi\u00e9n se puede encontrar el programa completo de la actividad. <a href=\"https:\/\/docs.google.com\/forms\/d\/e\/1FAIpQLSfQhxL6g6jbtkU9rladdzkWiu-hBB-TszKSMXWBpZuuUaCWfg\/viewform\">https:\/\/docs.google.com\/forms\/d\/e\/1FAIpQLSfQhxL6g6jbtkU9rladdzkWiu-hBB-TszKSMXWBpZuuUaCWfg\/viewform<\/a><\/p>\n\n\n\n<p>\u201cEsperamos que nos puedan acompa\u00f1ar en este encuentro que realizamos en Coyhaique la semana pasada y en Punta Arenas los pr\u00f3ximos d\u00edas, para poder seguir construyendo juntos un sistema de ciencia, tecnolog\u00eda, conocimiento e innovaci\u00f3n m\u00e1s robusto y colaborativo\u201d, concluye la investigadora Laura S\u00e1nchez.<\/p>\n","protected":false},"excerpt":{"rendered":"<p>\u00bfVives en la Regi\u00f3n de Magallanes y Ant\u00e1rtica Chilena? \u00bfTe relacionas con la planificaci\u00f3n territorial y\/o la gesti\u00f3n del cambio clim\u00e1tico en instituciones p\u00fablicas, privadas u organizaciones locales? Las redes macrozonales Nodo Ciencia Austral, Nodo Ant\u00e1rtico y Nodo Laboratorio Natural &#8230; <\/p>\n<p class=\"read-more-container\"><a title=\"Encuentro en Magallanes reunir\u00e1 ciencia, tecnolog\u00eda y comunidad para la planificaci\u00f3n territorial\" class=\"read-more button\" href=\"https:\/\/ciep.cl\/inicio\/2025\/04\/08\/encuentro-en-magallanes-reunira-ciencia-tecnologia-y-comunidad-para-la-planificacion-territorial\/#more-11059\" aria-label=\"Leer m\u00e1s sobre Encuentro en Magallanes reunir\u00e1 ciencia, tecnolog\u00eda y comunidad para la planificaci\u00f3n territorial\">Leer m\u00e1s<\/a><\/p>\n","protected":false},"author":4,"featured_media":11071,"comment_status":"closed","ping_status":"closed","sticky":false,"template":"","format":"standard","meta":{"footnotes":""},"categories":[5],"tags":[130,128,129],"class_list":["post-11059","post","type-post","status-publish","format-standard","has-post-thumbnail","hentry","category-noticias","tag-geoportal","tag-nodo-austral","tag-planificacion-territorial","infinite-scroll-item"],"_links":{"self":[{"href":"https:\/\/ciep.cl\/inicio\/wp-json\/wp\/v2\/posts\/11059","targetHints":{"allow":["GET"]}}],"collection":[{"href":"https:\/\/ciep.cl\/inicio\/wp-json\/wp\/v2\/posts"}],"about":[{"href":"https:\/\/ciep.cl\/inicio\/wp-json\/wp\/v2\/types\/post"}],"author":[{"embeddable":true,"href":"https:\/\/ciep.cl\/inicio\/wp-json\/wp\/v2\/users\/4"}],"replies":[{"embeddable":true,"href":"https:\/\/ciep.cl\/inicio\/wp-json\/wp\/v2\/comments?post=11059"}],"version-history":[{"count":1,"href":"https:\/\/ciep.cl\/inicio\/wp-json\/wp\/v2\/posts\/11059\/revisions"}],"predecessor-version":[{"id":11072,"href":"https:\/\/ciep.cl\/inicio\/wp-json\/wp\/v2\/posts\/11059\/revisions\/11072"}],"wp:featuredmedia":[{"embeddable":true,"href":"https:\/\/ciep.cl\/inicio\/wp-json\/wp\/v2\/media\/11071"}],"wp:attachment":[{"href":"https:\/\/ciep.cl\/inicio\/wp-json\/wp\/v2\/media?parent=11059"}],"wp:term":[{"taxonomy":"category","embeddable":true,"href":"https:\/\/ciep.cl\/inicio\/wp-json\/wp\/v2\/categories?post=11059"},{"taxonomy":"post_tag","embeddable":true,"href":"https:\/\/ciep.cl\/inicio\/wp-json\/wp\/v2\/tags?post=11059"}],"curies":[{"name":"wp","href":"https:\/\/api.w.org\/{rel}","templated":true}]}}