{"id":11073,"date":"2025-05-15T13:35:53","date_gmt":"2025-05-15T13:35:53","guid":{"rendered":"https:\/\/ciep.cl\/inicio\/?p=11073"},"modified":"2025-07-01T13:39:46","modified_gmt":"2025-07-01T13:39:46","slug":"cientificos-del-ciep-fortalecen-vinculo-con-la-comunidad-de-raul-marin-balmaceda","status":"publish","type":"post","link":"https:\/\/ciep.cl\/inicio\/2025\/05\/15\/cientificos-del-ciep-fortalecen-vinculo-con-la-comunidad-de-raul-marin-balmaceda\/","title":{"rendered":"Cient\u00edficos del CIEP fortalecen v\u00ednculo con la comunidad de Ra\u00fal Mar\u00edn Balmaceda"},"content":{"rendered":"\n<p>Entre el 7 y el 11 de mayo, investigadores del CIEP de la l\u00ednea <strong>Pesca Artesanal y Acuicultura,<\/strong> se trasladaron a Ra\u00fal Mar\u00edn Balmaceda para desarrollar diversas actividades, las cuales incluyeron reuniones con pescadores locales, jornadas educativas en la escuela b\u00e1sica Amanda Labarca, y monitoreo de bosques de algas, con el objetivo de promover la sostenibilidad de los recursos marinos y la conservaci\u00f3n de los ecosistemas.<\/p>\n\n\n\n<p>Seg\u00fan explic\u00f3 <strong>Paula Ortiz, investigadora del CIEP<\/strong>, se convers\u00f3 con representantes de la pesca artesanal \u201cpara presentar los resultados del estudio y discutir los desaf\u00edos del manejo y gesti\u00f3n de los recursos bent\u00f3nicos en un \u00e1rea marina costera protegida\u201d.<\/p>\n\n\n\n<p>La investigadora destac\u00f3, de igual forma, la importancia de la colaboraci\u00f3n comunitaria para la sostenibilidad de las pesquer\u00edas.<\/p>\n\n\n\n<p>Adem\u00e1s, explic\u00f3<strong> Alexis Catal\u00e1n, investigador del CIEP<\/strong>, se efectu\u00f3 una jornada pr\u00e1ctica en la <strong>escuela b\u00e1sica Amanda Labarca<\/strong>, \u201ceducando a estudiantes y profesores sobre la biodiversidad marina y los desaf\u00edos del cambio global\u201d.<\/p>\n\n\n\n<p>Esta actividad busca fomentar la conciencia ambiental en las nuevas generaciones y promover la conservaci\u00f3n de los ecosistemas locales, explicaron desde en CIEP.<\/p>\n\n\n\n<p>La salida a terreno incluy\u00f3 el <strong>monitoreo de bosques de algas y su biodiversidad asociada en zonas de estudio espec\u00edficas.<\/strong> Para ambos investigadores estos ecosistemas son vitales para la salud del ecosistema marino, proporcionando alimento y refugio a especies de inter\u00e9s comercial.<\/p>\n\n\n\n<p>Cabe destacar que estas actividades se dan en el marco del estudio titulado <strong>\u201cInvestigaci\u00f3n sobre la distribuci\u00f3n y abundancia de erizo y loco en el litoral de Ays\u00e9n\u201d,<\/strong> financiado por el Gobierno Regional de Ays\u00e9n y su Consejo.<\/p>\n\n\n\n<p>Finalmente, desde CIEP indicaron que el monitoreo continuo es crucial para la implementaci\u00f3n de medidas de gesti\u00f3n efectivas y la sostenibilidad de la pesca artesanal en el sector.<\/p>\n\n\n\n<figure class=\"wp-block-gallery has-nested-images columns-default is-cropped wp-block-gallery-1 is-layout-flex wp-block-gallery-is-layout-flex\">\n<figure class=\"wp-block-image size-large\"><img fetchpriority=\"high\" decoding=\"async\" width=\"1024\" height=\"768\" data-id=\"11077\" src=\"https:\/\/ciep.cl\/inicio\/wp-content\/uploads\/2025\/07\/Raul_Marin_Escuela-1024x768.jpg\" alt=\"\" class=\"wp-image-11077\" srcset=\"https:\/\/ciep.cl\/inicio\/wp-content\/uploads\/2025\/07\/Raul_Marin_Escuela-1024x768.jpg 1024w, https:\/\/ciep.cl\/inicio\/wp-content\/uploads\/2025\/07\/Raul_Marin_Escuela-300x225.jpg 300w, https:\/\/ciep.cl\/inicio\/wp-content\/uploads\/2025\/07\/Raul_Marin_Escuela-768x576.jpg 768w, https:\/\/ciep.cl\/inicio\/wp-content\/uploads\/2025\/07\/Raul_Marin_Escuela.jpg 1200w\" sizes=\"(max-width: 1024px) 100vw, 1024px\" \/><\/figure>\n\n\n\n<figure class=\"wp-block-image size-large\"><img decoding=\"async\" width=\"1024\" height=\"576\" data-id=\"11075\" src=\"https:\/\/ciep.cl\/inicio\/wp-content\/uploads\/2025\/07\/RMB_algas-1024x576.jpg\" alt=\"\" class=\"wp-image-11075\" srcset=\"https:\/\/ciep.cl\/inicio\/wp-content\/uploads\/2025\/07\/RMB_algas-1024x576.jpg 1024w, https:\/\/ciep.cl\/inicio\/wp-content\/uploads\/2025\/07\/RMB_algas-300x169.jpg 300w, https:\/\/ciep.cl\/inicio\/wp-content\/uploads\/2025\/07\/RMB_algas-768x432.jpg 768w, https:\/\/ciep.cl\/inicio\/wp-content\/uploads\/2025\/07\/RMB_algas.jpg 1200w\" sizes=\"(max-width: 1024px) 100vw, 1024px\" \/><\/figure>\n\n\n\n<figure class=\"wp-block-image size-large\"><img decoding=\"async\" width=\"1024\" height=\"768\" data-id=\"11076\" src=\"https:\/\/ciep.cl\/inicio\/wp-content\/uploads\/2025\/07\/RMB_escuela_2-1024x768.jpg\" alt=\"\" class=\"wp-image-11076\" srcset=\"https:\/\/ciep.cl\/inicio\/wp-content\/uploads\/2025\/07\/RMB_escuela_2-1024x768.jpg 1024w, https:\/\/ciep.cl\/inicio\/wp-content\/uploads\/2025\/07\/RMB_escuela_2-300x225.jpg 300w, https:\/\/ciep.cl\/inicio\/wp-content\/uploads\/2025\/07\/RMB_escuela_2-768x576.jpg 768w, https:\/\/ciep.cl\/inicio\/wp-content\/uploads\/2025\/07\/RMB_escuela_2.jpg 1200w\" sizes=\"(max-width: 1024px) 100vw, 1024px\" \/><\/figure>\n<\/figure>\n","protected":false},"excerpt":{"rendered":"<p>Entre el 7 y el 11 de mayo, investigadores del CIEP de la l\u00ednea Pesca Artesanal y Acuicultura, se trasladaron a Ra\u00fal Mar\u00edn Balmaceda para desarrollar diversas actividades, las cuales incluyeron reuniones con pescadores locales, jornadas educativas en la escuela &#8230; <\/p>\n<p class=\"read-more-container\"><a title=\"Cient\u00edficos del CIEP fortalecen v\u00ednculo con la comunidad de Ra\u00fal Mar\u00edn Balmaceda\" class=\"read-more button\" href=\"https:\/\/ciep.cl\/inicio\/2025\/05\/15\/cientificos-del-ciep-fortalecen-vinculo-con-la-comunidad-de-raul-marin-balmaceda\/#more-11073\" aria-label=\"Leer m\u00e1s sobre Cient\u00edficos del CIEP fortalecen v\u00ednculo con la comunidad de Ra\u00fal Mar\u00edn Balmaceda\">Leer m\u00e1s<\/a><\/p>\n","protected":false},"author":4,"featured_media":11074,"comment_status":"closed","ping_status":"closed","sticky":false,"template":"","format":"standard","meta":{"footnotes":""},"categories":[5],"tags":[133,132,131],"class_list":["post-11073","post","type-post","status-publish","format-standard","has-post-thumbnail","hentry","category-noticias","tag-monitoreo","tag-pesca-y-acuicultura","tag-raul-marin-balmaceda","infinite-scroll-item"],"_links":{"self":[{"href":"https:\/\/ciep.cl\/inicio\/wp-json\/wp\/v2\/posts\/11073","targetHints":{"allow":["GET"]}}],"collection":[{"href":"https:\/\/ciep.cl\/inicio\/wp-json\/wp\/v2\/posts"}],"about":[{"href":"https:\/\/ciep.cl\/inicio\/wp-json\/wp\/v2\/types\/post"}],"author":[{"embeddable":true,"href":"https:\/\/ciep.cl\/inicio\/wp-json\/wp\/v2\/users\/4"}],"replies":[{"embeddable":true,"href":"https:\/\/ciep.cl\/inicio\/wp-json\/wp\/v2\/comments?post=11073"}],"version-history":[{"count":1,"href":"https:\/\/ciep.cl\/inicio\/wp-json\/wp\/v2\/posts\/11073\/revisions"}],"predecessor-version":[{"id":11078,"href":"https:\/\/ciep.cl\/inicio\/wp-json\/wp\/v2\/posts\/11073\/revisions\/11078"}],"wp:featuredmedia":[{"embeddable":true,"href":"https:\/\/ciep.cl\/inicio\/wp-json\/wp\/v2\/media\/11074"}],"wp:attachment":[{"href":"https:\/\/ciep.cl\/inicio\/wp-json\/wp\/v2\/media?parent=11073"}],"wp:term":[{"taxonomy":"category","embeddable":true,"href":"https:\/\/ciep.cl\/inicio\/wp-json\/wp\/v2\/categories?post=11073"},{"taxonomy":"post_tag","embeddable":true,"href":"https:\/\/ciep.cl\/inicio\/wp-json\/wp\/v2\/tags?post=11073"}],"curies":[{"name":"wp","href":"https:\/\/api.w.org\/{rel}","templated":true}]}}