{"id":11079,"date":"2025-05-16T13:41:45","date_gmt":"2025-05-16T13:41:45","guid":{"rendered":"https:\/\/ciep.cl\/inicio\/?p=11079"},"modified":"2025-07-01T14:06:38","modified_gmt":"2025-07-01T14:06:38","slug":"con-encuentro-cientifico-en-puerto-cisnes-ciep-explico-la-relacion-de-los-rios-y-el-fiordo","status":"publish","type":"post","link":"https:\/\/ciep.cl\/inicio\/2025\/05\/16\/con-encuentro-cientifico-en-puerto-cisnes-ciep-explico-la-relacion-de-los-rios-y-el-fiordo\/","title":{"rendered":"Con encuentro cient\u00edfico en Puerto Cisnes CIEP explic\u00f3 la relaci\u00f3n de los r\u00edos y el fiordo"},"content":{"rendered":"\n<p>El pasado 9 de mayo de 2025, un equipo de investigadores del CIEP se traslad\u00f3 hasta esta localidad para reunirse con la comunidad y explicar, a trav\u00e9s de exposiciones y relatos, la <strong>din\u00e1mica de los fiordos y de la cuenca que alberga el r\u00edo Cisnes <\/strong>y sus diversos afluentes.<\/p>\n\n\n\n<p>La actividad fue guiada por los <strong>investigadores Anna Astorga y Paulo Moreno, <\/strong>quienes formularon preguntas como <strong>\u201c\u00bfQu\u00e9 es un fiordo?\u201d o \u201c\u00bfC\u00f3mo se relaciona con nosotros, las personas?\u201d,<\/strong> que fueron respondidas por distintos miembros del equipo con el apoyo de presentaciones visuales e incluso actuaciones, en un esfuerzo por acercar la ciencia a la comunidad. Se busc\u00f3 as\u00ed explicar c\u00f3mo los procesos que ocurren a lo largo del r\u00edo Cisnes \u2014desde su origen en la frontera con Argentina, pasando por diversas zonas h\u00famedas hasta su desembocadura\u2014 alimentan el fiordo con elementos como el s\u00edlice y el fierro, influyendo en los cambios f\u00edsicos, qu\u00edmicos y biol\u00f3gicos, tanto por causas naturales como por actividades humanas. De esa forma se busc\u00f3 poder explicar sistemas complejos desde distintas disciplinas. Este tipo de conceptos siempre representa un desaf\u00edo por ser invisibles, pero son fundamentales para los ecosistemas marinos.<\/p>\n\n\n\n<p>Paralelamente, <strong>se instal\u00f3 un stand con informaci\u00f3n sobre especies y equipamiento utilizado por las y los investigadores en terreno<\/strong>, se mostraron im\u00e1genes de buceo y un recorrido visual por la cuenca desde la frontera hasta la desembocadura gracias a tecnolog\u00edas geoespaciales.\u00a0<\/p>\n\n\n\n<p>\u201cEsta actividad muestra c\u00f3mo en CIEP estamos impulsando una ciencia m\u00e1s interconectada, trabajando de manera coordinada entre diferentes \u00e1reas de estudio. Por el estilo de comunicaci\u00f3n que utilizamos, me encantar\u00eda replicar esta presentaci\u00f3n con estudiantes de la regi\u00f3n, y demostrar de forma visual y comprensible lo cercana que puede ser la ciencia. Desde mi perspectiva, fue una experiencia muy enriquecedora\u201d, relat\u00f3 el <strong>subdirector cient\u00edfico del CIEP, Brian Reid.<\/strong><\/p>\n\n\n\n<p>En el encuentro participaron los <strong>cient\u00edficos Madeleine Hamam\u00e9, Lenna Ortiz, Iv\u00e1n P\u00e9rez, B\u00e1rbara Jacob, Gustavo Aedo y Aranza P\u00e9rez, del grupo de Ecosistemas Marinos,<\/strong> y Brian Reid, adem\u00e1s de Astorga y Moreno del grupo de <strong>Ecosistemas de Agua Dulce<\/strong>. Entre los asistentes se encontraban representantes de la <strong>I. Municipalidad de Cisnes, de la Armada de Chile, del Liceo Arturo Prat Chac\u00f3n,<\/strong> miembros de la Agrupaci\u00f3n de Turismo N\u00e1utico y Conservaci\u00f3n de Cet\u00e1ceos de Puerto Cisnes, entre otros actores locales.<\/p>\n\n\n\n<p><strong>Ariel Riquelme, miembro de la agrupaci\u00f3n Cet\u00e1ceos de Puerto Cisnes y residente de la comuna<\/strong>, valor\u00f3 positivamente la iniciativa:<\/p>\n\n\n\n<p>\u201cMuy importante la informaci\u00f3n que se entreg\u00f3, desde conceptos b\u00e1sicos como qu\u00e9 es un fiordo, su diferencia con un canal, hasta la importancia de las cuencas y su influencia en la vida marina. Las charlas fueron muy interesantes, y reflejan a\u00f1os de trabajo cient\u00edfico en la regi\u00f3n. Este tipo de instancias otorgan a la comunidad herramientas para comprender la importancia del ecosistema que nos rodea, y nos motivan a buscar formas de protegerlo, ya que el ecosistema nos da vida y sustento\u201d.<\/p>\n\n\n<div class=\"wp-block-image\">\n<figure class=\"aligncenter size-large\"><img fetchpriority=\"high\" decoding=\"async\" width=\"1024\" height=\"768\" src=\"https:\/\/ciep.cl\/inicio\/wp-content\/uploads\/2025\/07\/DJI_0604-1024x768.jpg\" alt=\"\" class=\"wp-image-11081\" srcset=\"https:\/\/ciep.cl\/inicio\/wp-content\/uploads\/2025\/07\/DJI_0604-1024x768.jpg 1024w, https:\/\/ciep.cl\/inicio\/wp-content\/uploads\/2025\/07\/DJI_0604-300x225.jpg 300w, https:\/\/ciep.cl\/inicio\/wp-content\/uploads\/2025\/07\/DJI_0604-768x576.jpg 768w, https:\/\/ciep.cl\/inicio\/wp-content\/uploads\/2025\/07\/DJI_0604-1536x1152.jpg 1536w, https:\/\/ciep.cl\/inicio\/wp-content\/uploads\/2025\/07\/DJI_0604.jpg 1900w\" sizes=\"(max-width: 1024px) 100vw, 1024px\" \/><figcaption class=\"wp-element-caption\">DCIM\\100MEDIA\\DJI_0604.JPG<\/figcaption><\/figure>\n<\/div>","protected":false},"excerpt":{"rendered":"<p>El pasado 9 de mayo de 2025, un equipo de investigadores del CIEP se traslad\u00f3 hasta esta localidad para reunirse con la comunidad y explicar, a trav\u00e9s de exposiciones y relatos, la din\u00e1mica de los fiordos y de la cuenca &#8230; <\/p>\n<p class=\"read-more-container\"><a title=\"Con encuentro cient\u00edfico en Puerto Cisnes CIEP explic\u00f3 la relaci\u00f3n de los r\u00edos y el fiordo\" class=\"read-more button\" href=\"https:\/\/ciep.cl\/inicio\/2025\/05\/16\/con-encuentro-cientifico-en-puerto-cisnes-ciep-explico-la-relacion-de-los-rios-y-el-fiordo\/#more-11079\" aria-label=\"Leer m\u00e1s sobre Con encuentro cient\u00edfico en Puerto Cisnes CIEP explic\u00f3 la relaci\u00f3n de los r\u00edos y el fiordo\">Leer m\u00e1s<\/a><\/p>\n","protected":false},"author":4,"featured_media":11080,"comment_status":"closed","ping_status":"closed","sticky":false,"template":"","format":"standard","meta":{"footnotes":""},"categories":[5],"tags":[140,141,69,135,134,136,110,138],"class_list":["post-11079","post","type-post","status-publish","format-standard","has-post-thumbnail","hentry","category-noticias","tag-aranza-perez","tag-ariel-riquelme","tag-barbara-jacob-2","tag-cisnes","tag-dulceacuicola","tag-ivan-perez","tag-lenna-ortiz","tag-madeleine-hamame-2","infinite-scroll-item"],"_links":{"self":[{"href":"https:\/\/ciep.cl\/inicio\/wp-json\/wp\/v2\/posts\/11079","targetHints":{"allow":["GET"]}}],"collection":[{"href":"https:\/\/ciep.cl\/inicio\/wp-json\/wp\/v2\/posts"}],"about":[{"href":"https:\/\/ciep.cl\/inicio\/wp-json\/wp\/v2\/types\/post"}],"author":[{"embeddable":true,"href":"https:\/\/ciep.cl\/inicio\/wp-json\/wp\/v2\/users\/4"}],"replies":[{"embeddable":true,"href":"https:\/\/ciep.cl\/inicio\/wp-json\/wp\/v2\/comments?post=11079"}],"version-history":[{"count":1,"href":"https:\/\/ciep.cl\/inicio\/wp-json\/wp\/v2\/posts\/11079\/revisions"}],"predecessor-version":[{"id":11082,"href":"https:\/\/ciep.cl\/inicio\/wp-json\/wp\/v2\/posts\/11079\/revisions\/11082"}],"wp:featuredmedia":[{"embeddable":true,"href":"https:\/\/ciep.cl\/inicio\/wp-json\/wp\/v2\/media\/11080"}],"wp:attachment":[{"href":"https:\/\/ciep.cl\/inicio\/wp-json\/wp\/v2\/media?parent=11079"}],"wp:term":[{"taxonomy":"category","embeddable":true,"href":"https:\/\/ciep.cl\/inicio\/wp-json\/wp\/v2\/categories?post=11079"},{"taxonomy":"post_tag","embeddable":true,"href":"https:\/\/ciep.cl\/inicio\/wp-json\/wp\/v2\/tags?post=11079"}],"curies":[{"name":"wp","href":"https:\/\/api.w.org\/{rel}","templated":true}]}}