{"id":11101,"date":"2025-07-04T15:16:35","date_gmt":"2025-07-04T15:16:35","guid":{"rendered":"https:\/\/ciep.cl\/inicio\/?p=11101"},"modified":"2025-07-04T15:27:55","modified_gmt":"2025-07-04T15:27:55","slug":"podcast-ciencia-al-fin-del-mundo","status":"publish","type":"post","link":"https:\/\/ciep.cl\/inicio\/2025\/07\/04\/podcast-ciencia-al-fin-del-mundo\/","title":{"rendered":"Podcast Ciencia al fin del mundo"},"content":{"rendered":"\t\t<div data-elementor-type=\"wp-post\" data-elementor-id=\"11101\" class=\"elementor elementor-11101\" data-elementor-post-type=\"post\">\n\t\t\t\t<div class=\"elementor-element elementor-element-1da340e0 e-flex e-con-boxed e-con e-parent\" data-id=\"1da340e0\" data-element_type=\"container\">\n\t\t\t\t\t<div class=\"e-con-inner\">\n\t\t\t\t\t<\/div>\n\t\t\t\t<\/div>\n\t\t<div class=\"elementor-element elementor-element-541458df e-flex e-con-boxed e-con e-parent\" data-id=\"541458df\" data-element_type=\"container\">\n\t\t\t\t\t<div class=\"e-con-inner\">\n\t\t<div class=\"elementor-element elementor-element-3ef03c8b e-con-full e-flex e-con e-child\" data-id=\"3ef03c8b\" data-element_type=\"container\">\n\t\t\t\t<div class=\"elementor-element elementor-element-2e3dd5b elementor-widget elementor-widget-theme-post-featured-image elementor-widget-image\" data-id=\"2e3dd5b\" data-element_type=\"widget\" data-widget_type=\"theme-post-featured-image.default\">\n\t\t\t\t<div class=\"elementor-widget-container\">\n\t\t\t\t\t\t\t\t\t\t\t\t\t\t\t<img fetchpriority=\"high\" decoding=\"async\" width=\"1024\" height=\"1024\" src=\"https:\/\/ciep.cl\/inicio\/wp-content\/uploads\/2025\/07\/ilustracion-podcast-1024x1024.jpg\" class=\"attachment-large size-large wp-image-11100\" alt=\"\" srcset=\"https:\/\/ciep.cl\/inicio\/wp-content\/uploads\/2025\/07\/ilustracion-podcast-1024x1024.jpg 1024w, https:\/\/ciep.cl\/inicio\/wp-content\/uploads\/2025\/07\/ilustracion-podcast-300x300.jpg 300w, https:\/\/ciep.cl\/inicio\/wp-content\/uploads\/2025\/07\/ilustracion-podcast-150x150.jpg 150w, https:\/\/ciep.cl\/inicio\/wp-content\/uploads\/2025\/07\/ilustracion-podcast-768x768.jpg 768w, https:\/\/ciep.cl\/inicio\/wp-content\/uploads\/2025\/07\/ilustracion-podcast-1536x1536.jpg 1536w, https:\/\/ciep.cl\/inicio\/wp-content\/uploads\/2025\/07\/ilustracion-podcast-2048x2048.jpg 2048w\" sizes=\"(max-width: 1024px) 100vw, 1024px\" \/>\t\t\t\t\t\t\t\t\t\t\t\t\t\t\t<\/div>\n\t\t\t\t<\/div>\n\t\t\t\t<\/div>\n\t\t<div class=\"elementor-element elementor-element-3c3d41e0 e-con-full e-flex e-con e-child\" data-id=\"3c3d41e0\" data-element_type=\"container\">\n\t\t\t\t<div class=\"elementor-element elementor-element-12920c42 elementor-widget elementor-widget-theme-post-title elementor-page-title elementor-widget-heading\" data-id=\"12920c42\" data-element_type=\"widget\" data-widget_type=\"theme-post-title.default\">\n\t\t\t\t<div class=\"elementor-widget-container\">\n\t\t\t\t\t<h1 class=\"elementor-heading-title elementor-size-default\">Podcast Ciencia al fin del mundo<\/h1>\t\t\t\t<\/div>\n\t\t\t\t<\/div>\n\t\t\t\t<div class=\"elementor-element elementor-element-5610e42c elementor-widget elementor-widget-text-editor\" data-id=\"5610e42c\" data-element_type=\"widget\" data-widget_type=\"text-editor.default\">\n\t\t\t\t<div class=\"elementor-widget-container\">\n\t\t\t\t\t\t\t\t\t<p>Rese\u00f1a<br \/>Desde los fiordos, bosques, cordilleras y estepas de la Patagonia, les damos la bienvenida al podcast Ciencia al fin del mundo. Conversaciones que tejen redes entre Ays\u00e9n y Magallanes, con grandes invitados que han dedicado su vida a la investigaci\u00f3n cient\u00edfica. Una iniciativa de Nodo Ciencia Austral.<\/p>\t\t\t\t\t\t\t\t<\/div>\n\t\t\t\t<\/div>\n\t\t\t\t<div class=\"elementor-element elementor-element-6c85e17 elementor-widget elementor-widget-button\" data-id=\"6c85e17\" data-element_type=\"widget\" data-widget_type=\"button.default\">\n\t\t\t\t<div class=\"elementor-widget-container\">\n\t\t\t\t\t\t\t\t\t<div class=\"elementor-button-wrapper\">\n\t\t\t\t\t<a class=\"elementor-button elementor-button-link elementor-size-sm\" href=\"https:\/\/open.spotify.com\/episode\/0h87JzehHMUhMQttWL7EMS?si=d9bafa73e0524405\" target=\"_blank\">\n\t\t\t\t\t\t<span class=\"elementor-button-content-wrapper\">\n\t\t\t\t\t\t<span class=\"elementor-button-icon\">\n\t\t\t\t<svg aria-hidden=\"true\" class=\"e-font-icon-svg e-fas-cloud-download-alt\" viewBox=\"0 0 640 512\" xmlns=\"http:\/\/www.w3.org\/2000\/svg\"><path d=\"M537.6 226.6c4.1-10.7 6.4-22.4 6.4-34.6 0-53-43-96-96-96-19.7 0-38.1 6-53.3 16.2C367 64.2 315.3 32 256 32c-88.4 0-160 71.6-160 160 0 2.7.1 5.4.2 8.1C40.2 219.8 0 273.2 0 336c0 79.5 64.5 144 144 144h368c70.7 0 128-57.3 128-128 0-61.9-44-113.6-102.4-125.4zm-132.9 88.7L299.3 420.7c-6.2 6.2-16.4 6.2-22.6 0L171.3 315.3c-10.1-10.1-2.9-27.3 11.3-27.3H248V176c0-8.8 7.2-16 16-16h48c8.8 0 16 7.2 16 16v112h65.4c14.2 0 21.4 17.2 11.3 27.3z\"><\/path><\/svg>\t\t\t<\/span>\n\t\t\t\t\t\t\t\t\t<span class=\"elementor-button-text\">Escuchar este Podcast<\/span>\n\t\t\t\t\t<\/span>\n\t\t\t\t\t<\/a>\n\t\t\t\t<\/div>\n\t\t\t\t\t\t\t\t<\/div>\n\t\t\t\t<\/div>\n\t\t\t\t<\/div>\n\t\t\t\t\t<\/div>\n\t\t\t\t<\/div>\n\t\t\t\t<\/div>\n\t\t","protected":false},"excerpt":{"rendered":"<p>Rese\u00f1aDesde los fiordos, bosques, cordilleras y estepas de la Patagonia, les damos la bienvenida al podcast Ciencia al fin del mundo. Conversaciones que tejen redes entre Ays\u00e9n y Magallanes, con grandes invitados que han dedicado su vida a la investigaci\u00f3n &#8230; <\/p>\n<p class=\"read-more-container\"><a title=\"Podcast Ciencia al fin del mundo\" class=\"read-more button\" href=\"https:\/\/ciep.cl\/inicio\/2025\/07\/04\/podcast-ciencia-al-fin-del-mundo\/#more-11101\" aria-label=\"Leer m\u00e1s sobre Podcast Ciencia al fin del mundo\">Leer m\u00e1s<\/a><\/p>\n","protected":false},"author":3,"featured_media":11100,"comment_status":"closed","ping_status":"closed","sticky":false,"template":"elementor_header_footer","format":"standard","meta":{"footnotes":""},"categories":[16,19],"tags":[99],"class_list":["post-11101","post","type-post","status-publish","format-standard","has-post-thumbnail","hentry","category-material-de-divulgacion","category-podcast","tag-catalina-espinosa","infinite-scroll-item"],"_links":{"self":[{"href":"https:\/\/ciep.cl\/inicio\/wp-json\/wp\/v2\/posts\/11101","targetHints":{"allow":["GET"]}}],"collection":[{"href":"https:\/\/ciep.cl\/inicio\/wp-json\/wp\/v2\/posts"}],"about":[{"href":"https:\/\/ciep.cl\/inicio\/wp-json\/wp\/v2\/types\/post"}],"author":[{"embeddable":true,"href":"https:\/\/ciep.cl\/inicio\/wp-json\/wp\/v2\/users\/3"}],"replies":[{"embeddable":true,"href":"https:\/\/ciep.cl\/inicio\/wp-json\/wp\/v2\/comments?post=11101"}],"version-history":[{"count":7,"href":"https:\/\/ciep.cl\/inicio\/wp-json\/wp\/v2\/posts\/11101\/revisions"}],"predecessor-version":[{"id":11109,"href":"https:\/\/ciep.cl\/inicio\/wp-json\/wp\/v2\/posts\/11101\/revisions\/11109"}],"wp:featuredmedia":[{"embeddable":true,"href":"https:\/\/ciep.cl\/inicio\/wp-json\/wp\/v2\/media\/11100"}],"wp:attachment":[{"href":"https:\/\/ciep.cl\/inicio\/wp-json\/wp\/v2\/media?parent=11101"}],"wp:term":[{"taxonomy":"category","embeddable":true,"href":"https:\/\/ciep.cl\/inicio\/wp-json\/wp\/v2\/categories?post=11101"},{"taxonomy":"post_tag","embeddable":true,"href":"https:\/\/ciep.cl\/inicio\/wp-json\/wp\/v2\/tags?post=11101"}],"curies":[{"name":"wp","href":"https:\/\/api.w.org\/{rel}","templated":true}]}}