{"id":11129,"date":"2025-07-10T17:02:40","date_gmt":"2025-07-10T17:02:40","guid":{"rendered":"https:\/\/ciep.cl\/inicio\/?p=11129"},"modified":"2025-07-10T17:04:12","modified_gmt":"2025-07-10T17:04:12","slug":"estrenan-nueva-temporada-del-podcast-ciencia-al-fin-del-mundo-con-destacados-investigadores-de-la-macrozona","status":"publish","type":"post","link":"https:\/\/ciep.cl\/inicio\/2025\/07\/10\/estrenan-nueva-temporada-del-podcast-ciencia-al-fin-del-mundo-con-destacados-investigadores-de-la-macrozona\/","title":{"rendered":"Estrenan nueva temporada del podcast Ciencia al fin del mundo\u00a0con destacados investigadores de la Macrozona"},"content":{"rendered":"\n<p><strong>Este podcast, desarrollado por Nodo Ciencia Austral, estren\u00f3 su segunda temporada en Spotify y radios de la Macrozona Austral, buscando acercar el conocimiento cient\u00edfico a las comunidades de Ays\u00e9n y Magallanes. La primera invitada de la temporada fue Judith Pardo, destacada paleont\u00f3loga de Punta Arenas quien relata sus fascinantes hallazgos de ictiosaurios.&nbsp;<\/strong><\/p>\n\n\n\n<p>\u201cDesde los fiordos, bosques, cordilleras y estepas de la Patagonia chilena, nace Ciencia al fin del mundo\u201d. As\u00ed comienza cada cap\u00edtulo del podcast desarrollado por el equipo de comunicaciones de la red colaborativa Nodo Ciencia Austral.&nbsp;<\/p>\n\n\n\n<p>\u201cEn un mundo cada vez m\u00e1s complejo, comprender c\u00f3mo funciona la ciencia y su impacto en la vida humana y no humana es crucial para tomar mejores decisiones, tanto personales como comunitarias. Los podcasts, en este contexto, son herramientas fascinantes para la divulgaci\u00f3n cient\u00edfica, tienen adem\u00e1s esa gracia de ser atemporales y sin fronteras\u201d, comenta la conductora Catalina Espinosa, quien integra el equipo de comunicaciones de Nodo Ciencia Austral y el Centro de Investigaci\u00f3n en Ecosistemas de la Patagonia.<\/p>\n\n\n\n<p>Este podcast y programa radial tiene un prop\u00f3sito claro: visibilizar y socializar el conocimiento cient\u00edfico que se genera en los territorios australes. \u201cA trav\u00e9s de conversaciones enriquecedoras, y siempre en un formato ameno y cercano, buscamos tejer redes entre las regiones de Ays\u00e9n y Magallanes y de la Ant\u00e1rtica Chilena, acercando las voces de investigadoras, investigadores y divulgadores que comparten su pasi\u00f3n y experiencia\u201d, cuenta la periodista Jessica Pichulaf, conductora del podcast y tambi\u00e9n coordinadora de Nodo Ciencia Austral para la Regi\u00f3n de Ays\u00e9n.<\/p>\n\n\n\n<p>Glaciares, paleontolog\u00eda, Ant\u00e1rtica, turberas y la conexi\u00f3n entre arte y ciencia, son algunos de los temas centrales de esta segunda temporada, que puede escucharse a trav\u00e9s de la plataforma <a rel=\"noreferrer noopener\" target=\"_blank\" href=\"https:\/\/open.spotify.com\/show\/4YUPgSkwY4VcUR8R5iEGet?si=73bf26cef0d84714\">Spotify<\/a>, el <a rel=\"noreferrer noopener\" target=\"_blank\" href=\"https:\/\/www.youtube.com\/results?search_query=nodo+ciencia+austral\">canal de youtube de Nodo Ciencia Austral<\/a> y tambi\u00e9n en las radios Santa Mar\u00eda para la regi\u00f3n de Ays\u00e9n y Presidente Ib\u00e1\u00f1ez para la regi\u00f3n de Magallanes y de la Ant\u00e1rtica Chilena.&nbsp;<\/p>\n\n\n\n<p>Comenzando julio se estren\u00f3 el primer episodio de esta temporada, que tuvo como invitada a la destacada paleont\u00f3loga chilena Judith Pardo, acad\u00e9mica de la Universidad de Magallanes, quien ha dedicado su vida a investigar y rescatar la historia de los ictiosaurios&nbsp; (antiguos reptiles marinos que vivieron hace millones de a\u00f1os). Gracias a sus descubrimientos&nbsp; -que relata con fascinantes detalles en el podcast- realizados en el glaciar Tyndall, \u00e9ste se ha convertido en un lugar \u00fanico para la paleontolog\u00eda mundial.&nbsp;<\/p>\n\n\n\n<p>Para esta temporada, los otros invitados e invitadas son: Rodrigo Torres, bi\u00f3logo marino e investigador del Centro de Investigaci\u00f3n en Ecosistemas de la Patagonia (CIEP); Mar\u00eda Paz Mart\u00ednez, licenciada en ciencias biol\u00f3gicas e investigadora del Instituto Nacional de Innovaci\u00f3n Agraria (INIA); Sandra Ulloa, artista medial del colectivo Liquen Lab; Elias Barticevic, periodista e investigador del Instituto Ant\u00e1rtico Chileno (INACH); I\u00f1igo Irarrazabal, glaci\u00f3logo e investigador CIEP;&nbsp; Juan Jos\u00e9 Gaete, ge\u00f3grafo y realizador el geoportal Ciencia Austral; y tambi\u00e9n la divulgadora cient\u00edfica N\u00e9lida Pohl, quien convers\u00f3 con Ciencia al fin del mundo durante su paso por Coyhaique.&nbsp;<\/p>\n\n\n\n<p>Un total de ocho episodios se emiten cada jueves de julio y agosto a las 16:30 horas dando vida a esta segunda temporada y explorando diversas tem\u00e1ticas relevantes para el quehacer cient\u00edfico y tecnol\u00f3gico de la Macrozona Austral. \u201cAs\u00ed, Ciencia al Fin del Mundo trasciende fronteras, llevando el conocimiento cient\u00edfico desde los confines australes a todos los rincones del planeta. Nuestro objetivo es inspirar un di\u00e1logo global fundamentado en el entendimiento y el respeto hacia los ecosistemas subant\u00e1rticos y su relevancia\u201d, agregan desde el equipo de comunicaciones de Nodo Ciencia Austral, integrado por las periodistas Jessica Pichulaf, Loreto Medina y Catalina Camus, junto a la comunicadora audiovisual Catalina Espinosa y la dise\u00f1adora Camila Gratacos. Esta temporada cuenta tambi\u00e9n con el apoyo de Toma Producciones. Cabe se\u00f1alar que, buscando aportar a la descentralizaci\u00f3n y la equidad en materia de ciencia, tecnolog\u00eda, conocimiento e innovaci\u00f3n, esta red de trabajo colaborativo es integrada por 16 instituciones de la Macrozona Austral y es financiada por la Agencia Nacional de Investigaci\u00f3n y Desarrollo (ANID).<\/p>\n\n\n\n<figure class=\"wp-block-image size-large is-resized\"><img fetchpriority=\"high\" decoding=\"async\" width=\"1024\" height=\"768\" src=\"https:\/\/ciep.cl\/inicio\/wp-content\/uploads\/2025\/07\/Grabacion-podcast-con-cientifico-Rodrigo-Torres-1024x768.jpg\" alt=\"\" class=\"wp-image-11130\" style=\"width:467px;height:auto\" srcset=\"https:\/\/ciep.cl\/inicio\/wp-content\/uploads\/2025\/07\/Grabacion-podcast-con-cientifico-Rodrigo-Torres-1024x768.jpg 1024w, https:\/\/ciep.cl\/inicio\/wp-content\/uploads\/2025\/07\/Grabacion-podcast-con-cientifico-Rodrigo-Torres-300x225.jpg 300w, https:\/\/ciep.cl\/inicio\/wp-content\/uploads\/2025\/07\/Grabacion-podcast-con-cientifico-Rodrigo-Torres-768x576.jpg 768w, https:\/\/ciep.cl\/inicio\/wp-content\/uploads\/2025\/07\/Grabacion-podcast-con-cientifico-Rodrigo-Torres-1536x1152.jpg 1536w, https:\/\/ciep.cl\/inicio\/wp-content\/uploads\/2025\/07\/Grabacion-podcast-con-cientifico-Rodrigo-Torres-2048x1536.jpg 2048w\" sizes=\"(max-width: 1024px) 100vw, 1024px\" \/><\/figure>\n","protected":false},"excerpt":{"rendered":"<p>Este podcast, desarrollado por Nodo Ciencia Austral, estren\u00f3 su segunda temporada en Spotify y radios de la Macrozona Austral, buscando acercar el conocimiento cient\u00edfico a las comunidades de Ays\u00e9n y Magallanes. La primera invitada de la temporada fue Judith Pardo, &#8230; <\/p>\n<p class=\"read-more-container\"><a title=\"Estrenan nueva temporada del podcast Ciencia al fin del mundo\u00a0con destacados investigadores de la Macrozona\" class=\"read-more button\" href=\"https:\/\/ciep.cl\/inicio\/2025\/07\/10\/estrenan-nueva-temporada-del-podcast-ciencia-al-fin-del-mundo-con-destacados-investigadores-de-la-macrozona\/#more-11129\" aria-label=\"Leer m\u00e1s sobre Estrenan nueva temporada del podcast Ciencia al fin del mundo\u00a0con destacados investigadores de la Macrozona\">Leer m\u00e1s<\/a><\/p>\n","protected":false},"author":3,"featured_media":11100,"comment_status":"closed","ping_status":"closed","sticky":false,"template":"","format":"standard","meta":{"footnotes":""},"categories":[5],"tags":[99,147],"class_list":["post-11129","post","type-post","status-publish","format-standard","has-post-thumbnail","hentry","category-noticias","tag-catalina-espinosa","tag-ciencia-al-fin-del-mundo","infinite-scroll-item"],"_links":{"self":[{"href":"https:\/\/ciep.cl\/inicio\/wp-json\/wp\/v2\/posts\/11129","targetHints":{"allow":["GET"]}}],"collection":[{"href":"https:\/\/ciep.cl\/inicio\/wp-json\/wp\/v2\/posts"}],"about":[{"href":"https:\/\/ciep.cl\/inicio\/wp-json\/wp\/v2\/types\/post"}],"author":[{"embeddable":true,"href":"https:\/\/ciep.cl\/inicio\/wp-json\/wp\/v2\/users\/3"}],"replies":[{"embeddable":true,"href":"https:\/\/ciep.cl\/inicio\/wp-json\/wp\/v2\/comments?post=11129"}],"version-history":[{"count":1,"href":"https:\/\/ciep.cl\/inicio\/wp-json\/wp\/v2\/posts\/11129\/revisions"}],"predecessor-version":[{"id":11131,"href":"https:\/\/ciep.cl\/inicio\/wp-json\/wp\/v2\/posts\/11129\/revisions\/11131"}],"wp:featuredmedia":[{"embeddable":true,"href":"https:\/\/ciep.cl\/inicio\/wp-json\/wp\/v2\/media\/11100"}],"wp:attachment":[{"href":"https:\/\/ciep.cl\/inicio\/wp-json\/wp\/v2\/media?parent=11129"}],"wp:term":[{"taxonomy":"category","embeddable":true,"href":"https:\/\/ciep.cl\/inicio\/wp-json\/wp\/v2\/categories?post=11129"},{"taxonomy":"post_tag","embeddable":true,"href":"https:\/\/ciep.cl\/inicio\/wp-json\/wp\/v2\/tags?post=11129"}],"curies":[{"name":"wp","href":"https:\/\/api.w.org\/{rel}","templated":true}]}}