{"id":11175,"date":"2025-08-11T19:31:20","date_gmt":"2025-08-11T19:31:20","guid":{"rendered":"https:\/\/ciep.cl\/inicio\/?p=11175"},"modified":"2026-01-28T15:34:44","modified_gmt":"2026-01-28T15:34:44","slug":"lanzan-1er-congreso-jovenes-futuro-region-de-aysen-2025-emprendiendo-el-manana","status":"publish","type":"post","link":"https:\/\/ciep.cl\/inicio\/2025\/08\/11\/lanzan-1er-congreso-jovenes-futuro-region-de-aysen-2025-emprendiendo-el-manana\/","title":{"rendered":"Lanzamos el 1er \u201cCongreso J\u00f3venes Futuro Regi\u00f3n de Ays\u00e9n 2025: Emprendiendo el Ma\u00f1ana\u201d"},"content":{"rendered":"\n<p><\/p>\n\n\n\n<p><strong>\u00b7 El 28 y 29 de agosto se desarrollar\u00e1n, en Puerto Ays\u00e9n y Coyhaique, respectivamente, charlas sobre IA, videojuegos, derechos digitales, cambio clim\u00e1tico y emprendimiento, siendo la primera versi\u00f3n juvenil que -hasta ahora- se realiza fuera de Santiago.<\/strong><\/p>\n\n\n\n<p>&nbsp;&nbsp; Con una entretenida experiencia de realidad aumentada en tel\u00e9fonos m\u00f3viles, que proyect\u00f3 virtualmente en la explanada del Centro Cultural de Coyhaique el logo del Congreso J\u00f3venes Futuro en Ays\u00e9n, se lanz\u00f3 el evento de ciencia, innovaci\u00f3n y emprendimiento que -por primera vez- tendr\u00e1 lugar fuera de la capital nacional, ampliando su alcance territorial hasta la Patagonia Ays\u00e9n. \u201cCongreso J\u00f3venes Futuro Regi\u00f3n de Ays\u00e9n 2025: Emprendiendo el Ma\u00f1ana\u201d<em>,<\/em>&nbsp;es el t\u00edtulo de esta in\u00e9dita versi\u00f3n con car\u00e1cter regional, marcando un nuevo hito en la trayectoria de esta iniciativa, impulsada por la Comisi\u00f3n Desaf\u00edos del Futuro del Senado y Fundaci\u00f3n Encuentros del Futuro, que a nivel local organiza el centro de investigaci\u00f3n CIEP con el apoyo de CORFO Ays\u00e9n.<\/p>\n\n\n\n<p>&nbsp;&nbsp; El pasado viernes 8 de agosto, autoridades y entidades colaboradoras comunicaron oficialmente el entusiasmo de abrir este nuevo espacio de descentralizaci\u00f3n y el fortalecimiento del v\u00ednculo entre juventudes, el territorio y la ciencia, para una convocatoria abierta, que tendr\u00e1 su primera versi\u00f3n en regiones a fines de agosto.<\/p>\n\n\n\n<p>&nbsp;&nbsp; \u201cQueremos invitarlos para los d\u00edas 28 y 29 de agosto en Ays\u00e9n y en Coyhaique, en el Centro Cultural de ambas ciudades, se trata de un hito muy importante, porque Congreso Futuro, que es una experiencia que ya hemos conocido hace nueve a\u00f1os en la regi\u00f3n de Ays\u00e9n, va a cumplir 15 a\u00f1os y, recientemente, inauguramos junto al Presidente de la Rep\u00fablica, en Santiago, la sexta versi\u00f3n del Congreso J\u00f3venes Futuro. Es primera vez que logramos sacar este hito fuera de la Regi\u00f3n Metropolitana y me complace, me siento muy orgullosa, de que ese hito pueda tener un referente en la regi\u00f3n de Ays\u00e9n\u201d, coment\u00f3 la senadora Ximena \u00d3rdenes, presidenta de la Comisi\u00f3n Desaf\u00edos del Futuro del Senado.&nbsp;<\/p>\n\n\n\n<p>&nbsp;&nbsp; El Congreso J\u00f3venes Futuro en la Regi\u00f3n de Ays\u00e9n reunir\u00e1 a j\u00f3venes, autoridades, acad\u00e9micos y actores del ecosistema de innovaci\u00f3n para dialogar y reflexionar en torno a los desaf\u00edos del futuro desde una mirada descentralizada. Cerca de 20 expositoras y expositores, locales, nacionales e internacionales presentar\u00e1n temas como derechos digitales, inteligencia artificial, cambio clim\u00e1tico, participaci\u00f3n juvenil, mujeres en STEM, gamificaci\u00f3n, entre otros.&nbsp;<\/p>\n\n\n\n<p><strong>INSPIRAR Y DESCENTRALIZAR<\/strong><\/p>\n\n\n\n<p>&nbsp;&nbsp; El Dr. Brian Reid, director ejecutivo (s) del CIEP, coment\u00f3 la inspiraci\u00f3n que se busca motivar con la ciencia en los j\u00f3venes de Ays\u00e9n.<\/p>\n\n\n\n<p>&nbsp; &nbsp;\u201cRealmente me encanta la idea, porque la ciencia se trata de ideas y preguntas, y preguntas para las que a veces no hay una respuesta obvia. Y desde los cient\u00edficos viejos, a veces, nuestras ideas son bastante&nbsp;<em>fomes,&nbsp;<\/em>siempre lo mismo, pero desde los j\u00f3venes pueden salir nuevas cosas, y tengo mucha esperanza de ver lo que va a contribuir esta instancia. Estoy muy interesado en eso\u201d, valor\u00f3.<\/p>\n\n\n\n<p>&nbsp;&nbsp; &nbsp; Por su parte, el director de Corfo en la Regi\u00f3n de Ays\u00e9n, Humberto Mar\u00edn Leiva, coment\u00f3 que \u201cel programa Viraliza de Corfo es un programa que est\u00e1 en el marco de un proceso de descentralizaci\u00f3n, por lo tanto, descentralizar un espacio de conversaci\u00f3n con j\u00f3venes a nivel de la Regi\u00f3n de Ays\u00e9n es una tremenda se\u00f1al que como Corfo implementamos, esto est\u00e1 en el marco tambi\u00e9n del Comit\u00e9 de Fomento Productivo de Corfo, que lo que busca es precisamente financiar iniciativas de car\u00e1cter regional, y hoy vamos a trabajar este tema en conjunto con CIEP, tambi\u00e9n est\u00e1 la Universidad de Ays\u00e9n y con otras instituciones\u201d.<\/p>\n\n\n\n<p>&nbsp;&nbsp;&nbsp; Agreg\u00f3 que el sello distintivo de esta edici\u00f3n ser\u00e1 la innovaci\u00f3n y el emprendimiento, integrando adem\u00e1s ejes transversales como la inclusi\u00f3n, la sustentabilidad, el enfoque de g\u00e9nero y el valor de la cultura.<\/p>\n\n\n\n<p>&nbsp;&nbsp; Tambi\u00e9n participaron del lanzamiento el&nbsp;delegado presidencial regional, Jorge D\u00edaz Guzm\u00e1n, y en su calidad de co-ejecutores, la U. de Ays\u00e9n, con el director general de V\u00ednculos Gabriel N\u00fa\u00f1ez, y la U. Austral de Chile, con el director de la sede Campus Patagonia, Juan Carlos Miranda, adem\u00e1s de entidades colaboradoras, representadas por el director regional de IND, Javier Medina; el director de INJUV, Camilo Trivi\u00f1o; y la Direcci\u00f3n Provincial de Educaci\u00f3n de Coyhaique, representada por Michelle Grondona y Edgar Pradenas, entre otras.<\/p>\n\n\n\n<p>&nbsp;&nbsp; El jueves 28 de agosto, la Casa de la Cultura de Puerto Ays\u00e9n dar\u00e1 el inicio de las charlas en el auditorio, con un ExpoJoven en el segundo nivel, donde participar\u00e1n establecimientos educacionales y emprendedores. El viernes 29, en el Centro Cultural de Coyhaique se concentrar\u00e1 toda la jornada de cierre con un programa de expositores y conversatorios, adem\u00e1s de una feria cient\u00edfica de PAR Explora, micro podcast, talleres, una carpa externa de innovaci\u00f3n y emprendimiento, espacios de inclusi\u00f3n, exhibiciones deportivas y art\u00edstico-culturales, y todo lo necesario para generar un ambiente participativo, diverso y abierto a toda la comunidad.<\/p>\n\n\n\n<p>&nbsp; &nbsp; El detalle de la programaci\u00f3n se dar\u00e1 a conocer d\u00edas antes del evento.<\/p>\n\n\n\n<p><\/p>\n\n\n\n<p><strong>EXPOSITORES CONFIRMADOS<\/strong><\/p>\n\n\n\n<ul class=\"wp-block-list\">\n<li>\u00b7Valentina Mu\u00f1oz (Chica Rosadita) &#8211; Derechos Digitales y Tecnolog\u00eda.<\/li>\n\n\n\n<li>\u00b7Annabelee Araneda &#8211; Inteligencia Artificial e Innovaci\u00f3n Social.<\/li>\n\n\n\n<li>\u00b7Paz Quevedo &#8211; Mujeres y juventudes en STEM.<\/li>\n\n\n\n<li>\u00b7Emiko Sep\u00falveda &#8211; Experta en Cambio Clim\u00e1tico y participaci\u00f3n juvenil.<\/li>\n\n\n\n<li>\u00b7Macarena Mosqueira &#8211; Charla de apertura \u00abLa Sombra de la duda\u201d.<\/li>\n\n\n\n<li>\u00b7Hellen Araneda &#8211; Tutorial de habilidades (innovaci\u00f3n).<\/li>\n\n\n\n<li>\u00b7Basti\u00e1n Barr\u00eda &#8211; Conversatorio \u00abprotagonistas del territorio\u00bb.<\/li>\n\n\n\n<li>\u00b7Basti\u00e1n V\u00e1squez &#8211; Fot\u00f3grafo de naturaleza y emprendedor. Influencer.<\/li>\n\n\n\n<li>\u00b7Florencia Sol\u00eds &#8211; Investigaci\u00f3n en etnograf\u00eda e historia sobre los chonos.<\/li>\n\n\n\n<li>\u00b7Roc\u00edo Mieres &#8211;&nbsp;investigadora del impacto cultural y educativo de videojuegos.<\/li>\n\n\n\n<li>\u00b7Mar\u00eda Teresa Santander, secretaria ejecutiva de la Facultad de Ingenier\u00eda, USACh.<\/li>\n\n\n\n<li>\u00b7Julianna Vianna- Ciencias gen\u00f3micas.<\/li>\n\n\n\n<li>\u00b7Manuela L\u00f3pez, Laboratorio EcoClim\u00e1tico CIEP.<\/li>\n\n\n\n<li>\u00b7Patricio Campos, investigador Energ\u00eda CIEP.<\/li>\n\n\n\n<li>\u00b7Aranza P\u00e9rez, ge\u00f3grafa de CIEP<\/li>\n\n\n\n<li>\u00b7Diego Galleani, antrop\u00f3logo social de CIEP<\/li>\n\n\n\n<li>\u00b7Alexis Catal\u00e1n, Dr. en Biolog\u00eda Marina de CIEP<\/li>\n\n\n\n<li>\u00b7Dra Valentina \u00c1lvarez, investigadora de CIEP<\/li>\n<\/ul>\n\n\n\n<p><\/p>\n","protected":false},"excerpt":{"rendered":"<p>\u00b7 El 28 y 29 de agosto se desarrollar\u00e1n, en Puerto Ays\u00e9n y Coyhaique, respectivamente, charlas sobre IA, videojuegos, derechos digitales, cambio clim\u00e1tico y emprendimiento, siendo la primera versi\u00f3n juvenil que -hasta ahora- se realiza fuera de Santiago. &nbsp;&nbsp; Con &#8230; <\/p>\n<p class=\"read-more-container\"><a title=\"Lanzamos el 1er \u201cCongreso J\u00f3venes Futuro Regi\u00f3n de Ays\u00e9n 2025: Emprendiendo el Ma\u00f1ana\u201d\" class=\"read-more button\" href=\"https:\/\/ciep.cl\/inicio\/2025\/08\/11\/lanzan-1er-congreso-jovenes-futuro-region-de-aysen-2025-emprendiendo-el-manana\/#more-11175\" aria-label=\"Leer m\u00e1s sobre Lanzamos el 1er \u201cCongreso J\u00f3venes Futuro Regi\u00f3n de Ays\u00e9n 2025: Emprendiendo el Ma\u00f1ana\u201d\">Leer m\u00e1s<\/a><\/p>\n","protected":false},"author":4,"featured_media":11177,"comment_status":"closed","ping_status":"closed","sticky":false,"template":"","format":"standard","meta":{"footnotes":""},"categories":[5],"tags":[],"class_list":["post-11175","post","type-post","status-publish","format-standard","has-post-thumbnail","hentry","category-noticias","infinite-scroll-item"],"_links":{"self":[{"href":"https:\/\/ciep.cl\/inicio\/wp-json\/wp\/v2\/posts\/11175","targetHints":{"allow":["GET"]}}],"collection":[{"href":"https:\/\/ciep.cl\/inicio\/wp-json\/wp\/v2\/posts"}],"about":[{"href":"https:\/\/ciep.cl\/inicio\/wp-json\/wp\/v2\/types\/post"}],"author":[{"embeddable":true,"href":"https:\/\/ciep.cl\/inicio\/wp-json\/wp\/v2\/users\/4"}],"replies":[{"embeddable":true,"href":"https:\/\/ciep.cl\/inicio\/wp-json\/wp\/v2\/comments?post=11175"}],"version-history":[{"count":3,"href":"https:\/\/ciep.cl\/inicio\/wp-json\/wp\/v2\/posts\/11175\/revisions"}],"predecessor-version":[{"id":11975,"href":"https:\/\/ciep.cl\/inicio\/wp-json\/wp\/v2\/posts\/11175\/revisions\/11975"}],"wp:featuredmedia":[{"embeddable":true,"href":"https:\/\/ciep.cl\/inicio\/wp-json\/wp\/v2\/media\/11177"}],"wp:attachment":[{"href":"https:\/\/ciep.cl\/inicio\/wp-json\/wp\/v2\/media?parent=11175"}],"wp:term":[{"taxonomy":"category","embeddable":true,"href":"https:\/\/ciep.cl\/inicio\/wp-json\/wp\/v2\/categories?post=11175"},{"taxonomy":"post_tag","embeddable":true,"href":"https:\/\/ciep.cl\/inicio\/wp-json\/wp\/v2\/tags?post=11175"}],"curies":[{"name":"wp","href":"https:\/\/api.w.org\/{rel}","templated":true}]}}