{"id":11386,"date":"2025-10-14T14:29:39","date_gmt":"2025-10-14T14:29:39","guid":{"rendered":"https:\/\/ciep.cl\/inicio\/?p=11386"},"modified":"2025-10-14T14:33:55","modified_gmt":"2025-10-14T14:33:55","slug":"ciep-y-escuela-san-jose-obrero-impulsan-proyecto-sobre-calidad-del-aire","status":"publish","type":"post","link":"https:\/\/ciep.cl\/inicio\/2025\/10\/14\/ciep-y-escuela-san-jose-obrero-impulsan-proyecto-sobre-calidad-del-aire\/","title":{"rendered":"CIEP y Escuela San Jos\u00e9 Obrero impulsan proyecto sobre Calidad del Aire"},"content":{"rendered":"\n<p><\/p>\n\n\n\n<p>El <strong>Centro General de Padres y Apoderados de la Escuela San Jos\u00e9 Obrero de Coyhaique,<\/strong> junto al <strong>Laboratorio Ecoclim\u00e1tico del Centro de Investigaci\u00f3n en Ecosistemas de la Patagonia (CIEP)<\/strong>,  iniciaron el proyecto <strong>\u201cAire Limpio, un compromiso educativo\u201d,<\/strong> financiado por el <strong>Fondo de Protecci\u00f3n Ambiental (FPA) del Ministerio del Medio Ambiente.<\/strong><\/p>\n\n\n\n<p>El proyecto, que se ejecuta durante el segundo semestre del a\u00f1o escolar 2025, busca promover la conciencia ambiental sobre la contaminaci\u00f3n atmosf\u00e9rica y sus efectos en la salud, involucrando a estudiantes, docentes, familias y funcionarios del establecimiento.<\/p>\n\n\n\n<p>Coyhaique enfrenta, cada oto\u00f1o e invierno, una de las situaciones m\u00e1s cr\u00edticas del pa\u00eds en materia de calidad del aire, principalmente, producto del uso de le\u00f1a h\u00fameda para calefacci\u00f3n y de sus condiciones geogr\u00e1ficas. Esta realidad afecta directamente la salud de la poblaci\u00f3n y de manera particular de ni\u00f1as, ni\u00f1os y adultos mayores.<\/p>\n\n\n<div class=\"wp-block-image\">\n<figure class=\"alignright size-large is-resized\"><img fetchpriority=\"high\" decoding=\"async\" width=\"944\" height=\"1024\" src=\"https:\/\/ciep.cl\/inicio\/wp-content\/uploads\/2025\/10\/FPA-ESJO-ECOCLIMATICO-1-944x1024.jpeg\" alt=\"\" class=\"wp-image-11388\" style=\"width:397px;height:auto\" srcset=\"https:\/\/ciep.cl\/inicio\/wp-content\/uploads\/2025\/10\/FPA-ESJO-ECOCLIMATICO-1-944x1024.jpeg 944w, https:\/\/ciep.cl\/inicio\/wp-content\/uploads\/2025\/10\/FPA-ESJO-ECOCLIMATICO-1-276x300.jpeg 276w, https:\/\/ciep.cl\/inicio\/wp-content\/uploads\/2025\/10\/FPA-ESJO-ECOCLIMATICO-1-768x833.jpeg 768w, https:\/\/ciep.cl\/inicio\/wp-content\/uploads\/2025\/10\/FPA-ESJO-ECOCLIMATICO-1.jpeg 1186w\" sizes=\"(max-width: 944px) 100vw, 944px\" \/><\/figure>\n<\/div>\n\n\n<p>Desde la Escuela San Jos\u00e9 Obrero, ubicada en el centro de la ciudad, se observa de cerca este problema, con enfermedades respiratorias, ausentismo escolar y preocupaci\u00f3n constante de las familias por el bienestar de sus hijas e hijos. Ante ello, \u201cAire Limpio, un compromiso educativo\u201d surge como una respuesta pedag\u00f3gica que busca comprender el fen\u00f3meno y fomentar cambios de conducta desde la educaci\u00f3n y la participaci\u00f3n comunitaria.<\/p>\n\n\n\n<p>Entre sus principales acciones destacan la instalaci\u00f3n de sistemas demostrativos de monitoreo de material particulado, que permitir\u00e1n medir la calidad del aire dentro del establecimiento; charlas educativas y visitas al Laboratorio EcoClim\u00e1tico del CIEP para estudiantes de 4\u00b0 a 6\u00b0 b\u00e1sico; adem\u00e1s de actividades art\u00edsticas y de mediaci\u00f3n lectora, como el taller\u00a0\u201cCuentos que Respiran: Kamishibai por el aire y el medio ambiente\u201d, a cargo de la <strong>artista Leslie Becker.<\/strong><\/p>\n\n\n\n<p><\/p>\n\n\n\n<p class=\"has-medium-font-size\"><strong>MOCHILA CONCIENTIZADORA<\/strong><\/p>\n\n\n\n<p>Asimismo, se realizar\u00e1n charlas informativas para funcionarios y apoderados, y se pondr\u00e1 en marcha la \u201cMochila viajera por la calidad del aire\u201d, que llevar\u00e1 materiales educativos y cuentos ambientales a los hogares, promoviendo el aprendizaje compartido entre familias.<\/p>\n\n\n\n<p>M\u00e1s de 160 estudiantes del segundo ciclo b\u00e1sico participar\u00e1n en total en las actividades del proyecto, que busca combinar el conocimiento cient\u00edfico con la creatividad y el compromiso ciudadano.<\/p>\n\n\n\n<p>El <strong>director del establecimiento, Antonio Barrientos<\/strong>, destac\u00f3 la relevancia de la iniciativa, se\u00f1alando que \u201ceducar sobre el aire que respiramos es una urgencia en Coyhaique. Este proyecto busca generar conciencia y acci\u00f3n desde nuestra escuela, para que ni\u00f1os y ni\u00f1as no s\u00f3lo comprendan el problema, sino que tambi\u00e9n sean parte de la soluci\u00f3n junto a sus familias y comunidad educativa.\u201d<\/p>\n\n\n\n<p>Desde el Laboratorio Ecoclim\u00e1tico del CIEP, la <strong>investigadora Manuela L\u00f3pez Arancibia<\/strong> se\u00f1al\u00f3:<\/p>\n\n\n\n<p>\u201cPara nuestro equipo, que realiza el monitoreo de la calidad del aire en la Regi\u00f3n de Ays\u00e9n, este tipo de instancias es fundamental, ya que nos permite compartir con las comunidades educativas los resultados de nuestras investigaciones y la informaci\u00f3n generada. En ellas, destacamos que se trata de una problem\u00e1tica de salud p\u00fablica, ambiental y social, por lo que es especialmente relevante abordarla con ni\u00f1as y ni\u00f1os, quienes son receptores activos y con un fuerte potencial de vinculaci\u00f3n entre la ciencia y la comunidad.\u201d<\/p>\n\n\n\n<p>Finalmente, el <strong>seremi del Medio Ambiente,<\/strong>\u00a0<strong>Yoal D\u00edaz<\/strong>, subray\u00f3 que \u201cel Fondo de Protecci\u00f3n Ambiental permite que las comunidades sean protagonistas del cambio. Este proyecto refleja c\u00f3mo la educaci\u00f3n puede contribuir a mejorar la calidad del aire en Coyhaique, fortaleciendo el compromiso ambiental desde los propios establecimientos educacionales.\u201d<\/p>\n\n\n\n<p>Con esta iniciativa, la Escuela San Jos\u00e9 Obrero reafirma su compromiso con la educaci\u00f3n ambiental y la construcci\u00f3n de una ciudad m\u00e1s limpia y saludable para todas y todos.<\/p>\n","protected":false},"excerpt":{"rendered":"<p>El Centro General de Padres y Apoderados de la Escuela San Jos\u00e9 Obrero de Coyhaique, junto al Laboratorio Ecoclim\u00e1tico del Centro de Investigaci\u00f3n en Ecosistemas de la Patagonia (CIEP), iniciaron el proyecto \u201cAire Limpio, un compromiso educativo\u201d, financiado por el &#8230; <\/p>\n<p class=\"read-more-container\"><a title=\"CIEP y Escuela San Jos\u00e9 Obrero impulsan proyecto sobre Calidad del Aire\" class=\"read-more button\" href=\"https:\/\/ciep.cl\/inicio\/2025\/10\/14\/ciep-y-escuela-san-jose-obrero-impulsan-proyecto-sobre-calidad-del-aire\/#more-11386\" aria-label=\"Leer m\u00e1s sobre CIEP y Escuela San Jos\u00e9 Obrero impulsan proyecto sobre Calidad del Aire\">Leer m\u00e1s<\/a><\/p>\n","protected":false},"author":4,"featured_media":11387,"comment_status":"closed","ping_status":"closed","sticky":false,"template":"","format":"standard","meta":{"footnotes":""},"categories":[5,1],"tags":[171,170,169],"class_list":["post-11386","post","type-post","status-publish","format-standard","has-post-thumbnail","hentry","category-noticias","category-sin-categoria","tag-calidad-del-airw","tag-fpa","tag-medio-ambiente","infinite-scroll-item"],"_links":{"self":[{"href":"https:\/\/ciep.cl\/inicio\/wp-json\/wp\/v2\/posts\/11386","targetHints":{"allow":["GET"]}}],"collection":[{"href":"https:\/\/ciep.cl\/inicio\/wp-json\/wp\/v2\/posts"}],"about":[{"href":"https:\/\/ciep.cl\/inicio\/wp-json\/wp\/v2\/types\/post"}],"author":[{"embeddable":true,"href":"https:\/\/ciep.cl\/inicio\/wp-json\/wp\/v2\/users\/4"}],"replies":[{"embeddable":true,"href":"https:\/\/ciep.cl\/inicio\/wp-json\/wp\/v2\/comments?post=11386"}],"version-history":[{"count":2,"href":"https:\/\/ciep.cl\/inicio\/wp-json\/wp\/v2\/posts\/11386\/revisions"}],"predecessor-version":[{"id":11391,"href":"https:\/\/ciep.cl\/inicio\/wp-json\/wp\/v2\/posts\/11386\/revisions\/11391"}],"wp:featuredmedia":[{"embeddable":true,"href":"https:\/\/ciep.cl\/inicio\/wp-json\/wp\/v2\/media\/11387"}],"wp:attachment":[{"href":"https:\/\/ciep.cl\/inicio\/wp-json\/wp\/v2\/media?parent=11386"}],"wp:term":[{"taxonomy":"category","embeddable":true,"href":"https:\/\/ciep.cl\/inicio\/wp-json\/wp\/v2\/categories?post=11386"},{"taxonomy":"post_tag","embeddable":true,"href":"https:\/\/ciep.cl\/inicio\/wp-json\/wp\/v2\/tags?post=11386"}],"curies":[{"name":"wp","href":"https:\/\/api.w.org\/{rel}","templated":true}]}}