{"id":11444,"date":"2025-11-07T14:52:39","date_gmt":"2025-11-07T14:52:39","guid":{"rendered":"https:\/\/ciep.cl\/inicio\/?p=11444"},"modified":"2025-11-10T15:16:54","modified_gmt":"2025-11-10T15:16:54","slug":"andrea-foessel-asumio-como-nueva-directora-ejecutiva-de-ciep","status":"publish","type":"post","link":"https:\/\/ciep.cl\/inicio\/2025\/11\/07\/andrea-foessel-asumio-como-nueva-directora-ejecutiva-de-ciep\/","title":{"rendered":"Andrea Foessel asumi\u00f3 como nueva directora ejecutiva de CIEP"},"content":{"rendered":"\n<p>Este lunes 3 de noviembre asumi\u00f3 en la direcci\u00f3n ejecutiva de CIEP, la ingeniera comercial <strong>Andrea Foessel Bunting<\/strong>, quien fue ratificada por el directorio de la Corporaci\u00f3n, marcando as\u00ed una nueva etapa en el centro cient\u00edfico que cumple 20 a\u00f1os, aportando ciencia al desarrollo sostenible de los ecosistemas de la Regi\u00f3n de Ays\u00e9n.<\/p>\n\n\n\n<p>Foessel, nacida en Coyhaique,\u00a0es adem\u00e1s <strong>Mag\u00edster en Desarrollo Internacional, con foco en Sostenibilidad Ambiental y Planificaci\u00f3n del Desarrollo por la Universidad de Pittsburgh (EEUU)<\/strong>, y tambi\u00e9n <strong>Master Internacional en Gesti\u00f3n Universitaria por la Universidad de Alcal\u00e1 (Espa\u00f1a)<\/strong>. Asimismo, cuenta con m\u00e1s de 20 a\u00f1os de experiencia liderando equipos diversos y proyectos estrat\u00e9gicos de investigaci\u00f3n, innovaci\u00f3n y vinculaci\u00f3n territorial en instituciones p\u00fablicas, privadas y acad\u00e9micas, tanto en Chile como en EEUU.<\/p>\n\n\n\n<p>En el \u00e1mbito acad\u00e9mico, ha ocupado cargos de jefatura y direcci\u00f3n en la Universidad de Ays\u00e9n, donde lider\u00f3 la creaci\u00f3n y consolidaci\u00f3n de la Direcci\u00f3n de Investigaci\u00f3n, la implementaci\u00f3n de laboratorios cient\u00edficos y un Fablab (laboratorio de fabricaci\u00f3n digital), as\u00ed como el dise\u00f1o de pol\u00edticas institucionales de investigaci\u00f3n. En la misma l\u00ednea, Andrea Foessel destaca por haber impulsado el desarrollo y ejecuci\u00f3n de proyectos interdisciplinarios con impacto regional, <strong>fortaleciendo la relaci\u00f3n entre la academia, el sector p\u00fablico y las comunidades locales.<\/strong><\/p>\n\n\n\n<p>Su trayectoria se distingue por la conducci\u00f3n de equipos multidisciplinarios, la articulaci\u00f3n de alianzas estrat\u00e9gicas y la gesti\u00f3n de proyectos complejos orientados al desarrollo sostenible de los territorios, contribuyendo con su trabajo, de manera consistente, a promover iniciativas colaborativas que generan valor p\u00fablico y fortalecen las capacidades regionales para el desarrollo.<\/p>\n\n\n\n<p><\/p>\n","protected":false},"excerpt":{"rendered":"<p>Este lunes 3 de noviembre asumi\u00f3 en la direcci\u00f3n ejecutiva de CIEP, la ingeniera comercial Andrea Foessel Bunting, quien fue ratificada por el directorio de la Corporaci\u00f3n, marcando as\u00ed una nueva etapa en el centro cient\u00edfico que cumple 20 a\u00f1os, &#8230; <\/p>\n<p class=\"read-more-container\"><a title=\"Andrea Foessel asumi\u00f3 como nueva directora ejecutiva de CIEP\" class=\"read-more button\" href=\"https:\/\/ciep.cl\/inicio\/2025\/11\/07\/andrea-foessel-asumio-como-nueva-directora-ejecutiva-de-ciep\/#more-11444\" aria-label=\"Leer m\u00e1s sobre Andrea Foessel asumi\u00f3 como nueva directora ejecutiva de CIEP\">Leer m\u00e1s<\/a><\/p>\n","protected":false},"author":4,"featured_media":11427,"comment_status":"closed","ping_status":"closed","sticky":false,"template":"","format":"standard","meta":{"footnotes":""},"categories":[5],"tags":[177],"class_list":["post-11444","post","type-post","status-publish","format-standard","has-post-thumbnail","hentry","category-noticias","tag-andrea-foessel","infinite-scroll-item"],"_links":{"self":[{"href":"https:\/\/ciep.cl\/inicio\/wp-json\/wp\/v2\/posts\/11444","targetHints":{"allow":["GET"]}}],"collection":[{"href":"https:\/\/ciep.cl\/inicio\/wp-json\/wp\/v2\/posts"}],"about":[{"href":"https:\/\/ciep.cl\/inicio\/wp-json\/wp\/v2\/types\/post"}],"author":[{"embeddable":true,"href":"https:\/\/ciep.cl\/inicio\/wp-json\/wp\/v2\/users\/4"}],"replies":[{"embeddable":true,"href":"https:\/\/ciep.cl\/inicio\/wp-json\/wp\/v2\/comments?post=11444"}],"version-history":[{"count":2,"href":"https:\/\/ciep.cl\/inicio\/wp-json\/wp\/v2\/posts\/11444\/revisions"}],"predecessor-version":[{"id":11447,"href":"https:\/\/ciep.cl\/inicio\/wp-json\/wp\/v2\/posts\/11444\/revisions\/11447"}],"wp:featuredmedia":[{"embeddable":true,"href":"https:\/\/ciep.cl\/inicio\/wp-json\/wp\/v2\/media\/11427"}],"wp:attachment":[{"href":"https:\/\/ciep.cl\/inicio\/wp-json\/wp\/v2\/media?parent=11444"}],"wp:term":[{"taxonomy":"category","embeddable":true,"href":"https:\/\/ciep.cl\/inicio\/wp-json\/wp\/v2\/categories?post=11444"},{"taxonomy":"post_tag","embeddable":true,"href":"https:\/\/ciep.cl\/inicio\/wp-json\/wp\/v2\/tags?post=11444"}],"curies":[{"name":"wp","href":"https:\/\/api.w.org\/{rel}","templated":true}]}}