{"id":11521,"date":"2025-12-09T13:41:38","date_gmt":"2025-12-09T13:41:38","guid":{"rendered":"https:\/\/ciep.cl\/inicio\/?p=11521"},"modified":"2025-12-12T02:56:12","modified_gmt":"2025-12-12T02:56:12","slug":"cochrane-vivio-jornada-de-ciencia-en-el-territorio-con-investigadores-ciep","status":"publish","type":"post","link":"https:\/\/ciep.cl\/inicio\/2025\/12\/09\/cochrane-vivio-jornada-de-ciencia-en-el-territorio-con-investigadores-ciep\/","title":{"rendered":"Cochrane vivi\u00f3 jornada de \u201cCiencia en el Territorio\u201d con investigadores CIEP"},"content":{"rendered":"\n<p><\/p>\n\n\n\n<p>&nbsp;&nbsp;&nbsp; M\u00e1s de 200 personas recorrieron los stand cient\u00edficos que se instalaron el pasado viernes en el Mercado Municipal de Cochrane, en la jornada de divulgaci\u00f3n <strong>\u201cCiencia en el Territorio\u201d,<\/strong>&nbsp;que impuls\u00f3 el centro de investigaci\u00f3n CIEP, con la colaboraci\u00f3n de la <strong>Ilustre Municipalidad de Cochrane<\/strong> y el financiamiento del <strong>Gobierno Regional de Ays\u00e9n y su Consejo.<\/strong><\/p>\n\n\n\n<p>\u00a0\u00a0 \u00a0El programa que contempl\u00f3 charlas, talleres y una obra teatral, tuvo como centro de interacci\u00f3n una decena de stand con las diferentes l\u00edneas de investigaci\u00f3n cient\u00edfica, e incluy\u00f3 adem\u00e1s -como expositores- a alumnos del <strong>Liceo Bicentenario Austral Lord Cochrane, y a organizaciones tales como Descubriendo Cochrane, Round River, y Fundaci\u00f3n Parque La Tapera.<\/strong><\/p>\n\n\n\n<p>\u00a0\u00a0\u00a0 En la inauguraci\u00f3n de la feria \u201cCiencia en el Territorio\u201d particip\u00f3 el <strong>subsecretario de Ciencias, Cristi\u00e1n Cuevas, junto a la seremi de Ciencias de Ays\u00e9n, Gabriela Olivares; el alcalde de Cochrane, Patricio Ulloa; la delegada provincial de Capit\u00e1n Prat, Marta Montiel, el subdirector de Vinculaci\u00f3n y Transferencia de CIEP, Dr. Claudio Herrera,<\/strong> adem\u00e1s de investigadores, funcionarios, profesores y estudiantes.<\/p>\n\n\n\n<figure class=\"wp-block-gallery has-nested-images columns-default is-cropped wp-block-gallery-1 is-layout-flex wp-block-gallery-is-layout-flex\">\n<figure class=\"wp-block-image size-large\"><img fetchpriority=\"high\" decoding=\"async\" width=\"1200\" height=\"1200\" data-id=\"11524\" src=\"https:\/\/ciep.cl\/inicio\/wp-content\/uploads\/2025\/12\/Ciencia-en-el-Territorio-Cochrane-CIEP-1.jpg\" alt=\"\" class=\"wp-image-11524\" \/><\/figure>\n\n\n\n<figure class=\"wp-block-image size-large\"><img decoding=\"async\" width=\"4032\" height=\"3024\" data-id=\"11526\" src=\"https:\/\/ciep.cl\/inicio\/wp-content\/uploads\/2025\/12\/Ciencia-en-el-Territorio-Cochrane-CIEP-4.jpg\" alt=\"\" class=\"wp-image-11526\" \/><\/figure>\n\n\n\n<figure class=\"wp-block-image size-large\"><img decoding=\"async\" width=\"1969\" height=\"1747\" data-id=\"11525\" src=\"https:\/\/ciep.cl\/inicio\/wp-content\/uploads\/2025\/12\/Ciencia-en-el-Territorio-Cochrane-CIEP-3.jpg\" alt=\"\" class=\"wp-image-11525\" \/><\/figure>\n\n\n\n<figure class=\"wp-block-image size-large\"><img loading=\"lazy\" decoding=\"async\" width=\"1900\" height=\"1425\" data-id=\"11527\" src=\"https:\/\/ciep.cl\/inicio\/wp-content\/uploads\/2025\/12\/Ciencia-en-el-Territorio-Cochrane-CIEP-5.jpg\" alt=\"\" class=\"wp-image-11527\" \/><\/figure>\n\n\n\n<figure class=\"wp-block-image size-large\"><img loading=\"lazy\" decoding=\"async\" width=\"4032\" height=\"3024\" data-id=\"11528\" src=\"https:\/\/ciep.cl\/inicio\/wp-content\/uploads\/2025\/12\/Ciencia-en-el-Territorio-Cochrane-CIEP-7.jpg\" alt=\"\" class=\"wp-image-11528\" \/><\/figure>\n\n\n\n<figure class=\"wp-block-image size-large\"><img loading=\"lazy\" decoding=\"async\" width=\"3024\" height=\"4032\" data-id=\"11531\" src=\"https:\/\/ciep.cl\/inicio\/wp-content\/uploads\/2025\/12\/Ciencia-en-el-Territorio-Cochrane-CIEP-8.jpg\" alt=\"\" class=\"wp-image-11531\" \/><\/figure>\n\n\n\n<figure class=\"wp-block-image size-large\"><img loading=\"lazy\" decoding=\"async\" width=\"1900\" height=\"1425\" data-id=\"11530\" src=\"https:\/\/ciep.cl\/inicio\/wp-content\/uploads\/2025\/12\/Ciencia-en-el-Territorio-Cochrane-CIEP-9.jpg\" alt=\"\" class=\"wp-image-11530\" \/><\/figure>\n<\/figure>\n\n\n\n<p>\u00a0<\/p>\n\n\n\n<p>\u00a0\u00a0\u00a0 Durante la jornada, que se desarroll\u00f3 dese las 8:30 y hasta las 19 horas, asistieron alumnos de la\u00a0<strong>Escuela Teniente Hern\u00e1n Merino Correa<\/strong>, turistas y p\u00fablico en general, quienes dialogaron con los investigadores de CIEP, pudiendo revisar con lupa y microscopios, muestras oceanogr\u00e1ficas, an\u00e1lisis de hongos, l\u00edquenes y par\u00e1metros del agua extra\u00edda del r\u00edo Cochrane, as\u00ed como conocer y revisar los sensores meteorol\u00f3gicos, y de calidad del aire desarrollados por CIEP, y aprender con display informativos de los estudios de Laboratorio Social e iniciativas sobre energ\u00eda renovable, entre otros.<\/p>\n\n\n\n<p class=\"has-medium-font-size\"><strong>TEATRO SOBRE EL AGUA<\/strong><\/p>\n\n\n\n<p>\u00a0 \u00a0\u00a0 Otras actividades propuestas por CIEP, que tuvieron concurrida asistencia, fueron charlas de ciencia, especialmente dedicada a los asistentes, en primer lugar, la presentaci\u00f3n de la <strong>Dra. Lenna Ortiz con el tema \u201cHerramientas de Modelaci\u00f3n y R\u00edos Atmosf\u00e9ricos\u201d,<\/strong> y m\u00e1s tarde el <strong>investigador Gustavo Aedo<\/strong>, quien comparti\u00f3 la exposici\u00f3n referida a la pesca recreativa, los consejos regionales y las medidas de administraci\u00f3n aplicables.<\/p>\n\n\n\n<p>\u00a0\u00a0\u00a0\u00a0 \u00a0Por la tarde, estudiantes tuvieron la experiencia de participar en un taller pr\u00e1ctico a cargo del <strong>equipo DulceAcu\u00edcola<\/strong> en el estero del r\u00edo Cochrane, mientras el<strong> Laboratorio EcoClim\u00e1tico <\/strong>entreg\u00f3 a representantes de los establecimientos educacionales y municipales, infograf\u00edas sobre los estudios relacionados a la calidad del aire.<\/p>\n\n\n\n<p>\u00a0\u00a0 \u00a0 Al final de la jornada, se present\u00f3 la <strong>obra de teatro \u201cLa gotita de agua que llega a la tierra\u201d <\/strong>con la actuaci\u00f3n de <strong>Kuyen del Bosque y la participaci\u00f3n especial del Dr. Brian Reid, subdirector cient\u00edfico de CIEP,<\/strong> cerrando as\u00ed la segunda versi\u00f3n de \u201cCiencia en el Territorio\u201d realizada durante este a\u00f1o 2025 en la regi\u00f3n.<\/p>\n\n\n\n<figure class=\"wp-block-image size-full\"><img loading=\"lazy\" decoding=\"async\" width=\"1900\" height=\"1425\" src=\"https:\/\/ciep.cl\/inicio\/wp-content\/uploads\/2025\/12\/Ciencia-en-el-Territorio-Cochrane-CIEP-10.jpg\" alt=\"\" class=\"wp-image-11529\" \/><\/figure>\n","protected":false},"excerpt":{"rendered":"<p>&nbsp;&nbsp;&nbsp; M\u00e1s de 200 personas recorrieron los stand cient\u00edficos que se instalaron el pasado viernes en el Mercado Municipal de Cochrane, en la jornada de divulgaci\u00f3n \u201cCiencia en el Territorio\u201d,&nbsp;que impuls\u00f3 el centro de investigaci\u00f3n CIEP, con la colaboraci\u00f3n de &#8230; <\/p>\n<p class=\"read-more-container\"><a title=\"Cochrane vivi\u00f3 jornada de \u201cCiencia en el Territorio\u201d con investigadores CIEP\" class=\"read-more button\" href=\"https:\/\/ciep.cl\/inicio\/2025\/12\/09\/cochrane-vivio-jornada-de-ciencia-en-el-territorio-con-investigadores-ciep\/#more-11521\" aria-label=\"Leer m\u00e1s sobre Cochrane vivi\u00f3 jornada de \u201cCiencia en el Territorio\u201d con investigadores CIEP\">Leer m\u00e1s<\/a><\/p>\n","protected":false},"author":4,"featured_media":11523,"comment_status":"closed","ping_status":"closed","sticky":false,"template":"","format":"standard","meta":{"footnotes":""},"categories":[5,1],"tags":[185,134,189],"class_list":["post-11521","post","type-post","status-publish","format-standard","has-post-thumbnail","hentry","category-noticias","category-sin-categoria","tag-cochrane","tag-dulceacuicola","tag-teatro","infinite-scroll-item"],"_links":{"self":[{"href":"https:\/\/ciep.cl\/inicio\/wp-json\/wp\/v2\/posts\/11521","targetHints":{"allow":["GET"]}}],"collection":[{"href":"https:\/\/ciep.cl\/inicio\/wp-json\/wp\/v2\/posts"}],"about":[{"href":"https:\/\/ciep.cl\/inicio\/wp-json\/wp\/v2\/types\/post"}],"author":[{"embeddable":true,"href":"https:\/\/ciep.cl\/inicio\/wp-json\/wp\/v2\/users\/4"}],"replies":[{"embeddable":true,"href":"https:\/\/ciep.cl\/inicio\/wp-json\/wp\/v2\/comments?post=11521"}],"version-history":[{"count":3,"href":"https:\/\/ciep.cl\/inicio\/wp-json\/wp\/v2\/posts\/11521\/revisions"}],"predecessor-version":[{"id":11541,"href":"https:\/\/ciep.cl\/inicio\/wp-json\/wp\/v2\/posts\/11521\/revisions\/11541"}],"wp:featuredmedia":[{"embeddable":true,"href":"https:\/\/ciep.cl\/inicio\/wp-json\/wp\/v2\/media\/11523"}],"wp:attachment":[{"href":"https:\/\/ciep.cl\/inicio\/wp-json\/wp\/v2\/media?parent=11521"}],"wp:term":[{"taxonomy":"category","embeddable":true,"href":"https:\/\/ciep.cl\/inicio\/wp-json\/wp\/v2\/categories?post=11521"},{"taxonomy":"post_tag","embeddable":true,"href":"https:\/\/ciep.cl\/inicio\/wp-json\/wp\/v2\/tags?post=11521"}],"curies":[{"name":"wp","href":"https:\/\/api.w.org\/{rel}","templated":true}]}}