{"id":11589,"date":"2025-12-15T13:33:47","date_gmt":"2025-12-15T13:33:47","guid":{"rendered":"https:\/\/ciep.cl\/inicio\/?p=11589"},"modified":"2025-12-16T14:04:24","modified_gmt":"2025-12-16T14:04:24","slug":"investigadora-de-ciep-expuso-en-conferencia-internacional-sobre-cambio-climatico-y-bosques-patagonicos","status":"publish","type":"post","link":"https:\/\/ciep.cl\/inicio\/2025\/12\/15\/investigadora-de-ciep-expuso-en-conferencia-internacional-sobre-cambio-climatico-y-bosques-patagonicos\/","title":{"rendered":"Investigadora de CIEP expuso en conferencia internacional sobre cambio clim\u00e1tico y bosques patag\u00f3nicos"},"content":{"rendered":"\n<p><br><\/p>\n\n\n\n<p>En la <strong>XI BIOEXPO 2025 \u201cCinco Mundos por Descubrir\u201d,<\/strong> realizada entre el 2 y el 5 de diciembre en Pasto, Colombia, la <strong>investigadora de CIEP, Dra. M\u00f3nica Toro Manr\u00edquez<\/strong>, particip\u00f3 como experta internacional y conferencista principal (Keynote Speaker).<\/p>\n\n\n\n<p>\u00a0El encuentro, el mayor evento de sostenibilidad y negocios verdes de Latinoam\u00e9rica, contempl\u00f3 una invitaci\u00f3n oficial del<strong> Ministerio de Ambiente y Desarrollo Sostenible de Colombia<\/strong>, dirigida a la investigadora del equipo de Ecolog\u00eda Forestal del centro regional de ciencia.\u00a0<\/p>\n\n\n<div class=\"wp-block-image\">\n<figure class=\"alignright size-full is-resized\"><img fetchpriority=\"high\" decoding=\"async\" width=\"1900\" height=\"1267\" src=\"https:\/\/ciep.cl\/inicio\/wp-content\/uploads\/2025\/12\/Dra-Monica-Toro_CIEP.jpg\" alt=\"\" class=\"wp-image-11592\" style=\"aspect-ratio:1.4996282369936056;width:461px;height:auto\" \/><\/figure>\n<\/div>\n\n\n<p>De esta manera, la Dra. Toro enfoco su conferencia en <strong>\u201cBosques y biodiversidad de la Patagonia frente al cambio clim\u00e1tico: respuestas ecol\u00f3gicas y desaf\u00edos de conservaci\u00f3n\u201d,<\/strong> presentando evidencia reciente sobre la din\u00e1mica de los bosques nativos, los procesos de regeneraci\u00f3n post-disturbio, el rol del almacenamiento de carbono en los suelos y la relevancia del sotobosque como componente nutritivo y funcional de los ecosistemas australes.\u00a0<\/p>\n\n\n\n<p>En este sentido, la experta subray\u00f3 c\u00f3mo estos elementos se ven afectados por el cambio clim\u00e1tico y c\u00f3mo act\u00faan como mecanismos de resiliencia en un escenario de creciente presi\u00f3n ambiental.<\/p>\n\n\n\n<p>La investigadora tambi\u00e9n integr\u00f3 un conversatorio t\u00e9cnico-acad\u00e9mico junto a especialistas latinoamericanos, instancia que<strong> abri\u00f3 nuevas rutas de colaboraci\u00f3n cient\u00edfica en restauraci\u00f3n ecol\u00f3gica, manejo forestal sustentable y resiliencia clim\u00e1tica<\/strong>. Esta articulaci\u00f3n internacional es coherente con los objetivos estrat\u00e9gicos del CIEP orientados a fortalecer redes, visibilizar avances en investigaci\u00f3n de bosques y carbono de suelos, y posicionar a la Patagonia chilena como un laboratorio natural de relevancia global.<\/p>\n\n\n\n<p>Por lo anterior, para CIEP, participar en BIOEXPO 2025 es relevante porque <strong>proyecta hacia audiencias internacionales el trabajo cient\u00edfico desarrollado en Ays\u00e9n<\/strong>, y junto con ello instala capacidades regionales en discusiones de alto impacto p\u00fablico, cient\u00edfico y pol\u00edtico.<\/p>\n\n\n\n<p>En \u00faltimo t\u00e9rmino, la participaci\u00f3n de la Dra. M\u00f3nica Toro, contribuye a difundir iniciativas estrat\u00e9gicas como la organizaci\u00f3n del <strong>pr\u00f3ximo Congreso IUFRO Divisi\u00f3n 8, a realizarse en marzo de 2026 en Coyhaique<\/strong>, reforzando el rol del territorio patag\u00f3nico en la agenda global de cambio clim\u00e1tico y biodiversidad.<\/p>\n\n\n<div class=\"wp-block-image\">\n<figure class=\"aligncenter size-full\"><img decoding=\"async\" width=\"1600\" height=\"1066\" src=\"https:\/\/ciep.cl\/inicio\/wp-content\/uploads\/2025\/12\/MToro2.jpeg\" alt=\"\" class=\"wp-image-11591\" \/><\/figure>\n<\/div>","protected":false},"excerpt":{"rendered":"<p>En la XI BIOEXPO 2025 \u201cCinco Mundos por Descubrir\u201d, realizada entre el 2 y el 5 de diciembre en Pasto, Colombia, la investigadora de CIEP, Dra. M\u00f3nica Toro Manr\u00edquez, particip\u00f3 como experta internacional y conferencista principal (Keynote Speaker). \u00a0El encuentro, &#8230; <\/p>\n<p class=\"read-more-container\"><a title=\"Investigadora de CIEP expuso en conferencia internacional sobre cambio clim\u00e1tico y bosques patag\u00f3nicos\" class=\"read-more button\" href=\"https:\/\/ciep.cl\/inicio\/2025\/12\/15\/investigadora-de-ciep-expuso-en-conferencia-internacional-sobre-cambio-climatico-y-bosques-patagonicos\/#more-11589\" aria-label=\"Leer m\u00e1s sobre Investigadora de CIEP expuso en conferencia internacional sobre cambio clim\u00e1tico y bosques patag\u00f3nicos\">Leer m\u00e1s<\/a><\/p>\n","protected":false},"author":4,"featured_media":11590,"comment_status":"closed","ping_status":"closed","sticky":false,"template":"","format":"standard","meta":{"footnotes":""},"categories":[5],"tags":[203,199,201,200,202],"class_list":["post-11589","post","type-post","status-publish","format-standard","has-post-thumbnail","hentry","category-noticias","tag-biodiversidad","tag-bioexpo","tag-colombia","tag-forestal","tag-monica-toro-2","infinite-scroll-item"],"_links":{"self":[{"href":"https:\/\/ciep.cl\/inicio\/wp-json\/wp\/v2\/posts\/11589","targetHints":{"allow":["GET"]}}],"collection":[{"href":"https:\/\/ciep.cl\/inicio\/wp-json\/wp\/v2\/posts"}],"about":[{"href":"https:\/\/ciep.cl\/inicio\/wp-json\/wp\/v2\/types\/post"}],"author":[{"embeddable":true,"href":"https:\/\/ciep.cl\/inicio\/wp-json\/wp\/v2\/users\/4"}],"replies":[{"embeddable":true,"href":"https:\/\/ciep.cl\/inicio\/wp-json\/wp\/v2\/comments?post=11589"}],"version-history":[{"count":2,"href":"https:\/\/ciep.cl\/inicio\/wp-json\/wp\/v2\/posts\/11589\/revisions"}],"predecessor-version":[{"id":11594,"href":"https:\/\/ciep.cl\/inicio\/wp-json\/wp\/v2\/posts\/11589\/revisions\/11594"}],"wp:featuredmedia":[{"embeddable":true,"href":"https:\/\/ciep.cl\/inicio\/wp-json\/wp\/v2\/media\/11590"}],"wp:attachment":[{"href":"https:\/\/ciep.cl\/inicio\/wp-json\/wp\/v2\/media?parent=11589"}],"wp:term":[{"taxonomy":"category","embeddable":true,"href":"https:\/\/ciep.cl\/inicio\/wp-json\/wp\/v2\/categories?post=11589"},{"taxonomy":"post_tag","embeddable":true,"href":"https:\/\/ciep.cl\/inicio\/wp-json\/wp\/v2\/tags?post=11589"}],"curies":[{"name":"wp","href":"https:\/\/api.w.org\/{rel}","templated":true}]}}