{"id":11703,"date":"2025-12-19T18:31:32","date_gmt":"2025-12-19T18:31:32","guid":{"rendered":"https:\/\/ciep.cl\/inicio\/?p=11703"},"modified":"2025-12-19T18:36:26","modified_gmt":"2025-12-19T18:36:26","slug":"publicacion-2025-a-adiego-t-gale-l-a-longares-a-baez-montenegro-a-hernandez-moreno-subdivision-de-propiedades-rurales-patrones-de-cambio-de-uso-del-suelo-y-derechos-de-agua-alrededor-del-parque","status":"publish","type":"post","link":"https:\/\/ciep.cl\/inicio\/2025\/12\/19\/publicacion-2025-a-adiego-t-gale-l-a-longares-a-baez-montenegro-a-hernandez-moreno-subdivision-de-propiedades-rurales-patrones-de-cambio-de-uso-del-suelo-y-derechos-de-agua-alrededor-del-parque\/","title":{"rendered":"Publicaci\u00f3n\/2025\/A.Adiego, T.Gale, L.A.Longares, A.B\u00e1ez-Montenegro, A.Hern\u00e1ndez-Moreno. Subdivisi\u00f3n de Propiedades Rurales: Patrones de Cambio de Uso del Suelo y Derechos de Agua Alrededor del Parque Nacional Cerro Castillo, Patagonia chilena"},"content":{"rendered":"\n<p><a href=\"https:\/\/ciep.cl\/inicio\/wp-content\/uploads\/2025\/12\/Subdivision-de-Propiedades-Rurales-ESP.pdf\">https:\/\/ciep.cl\/inicio\/wp-content\/uploads\/2025\/12\/Subdivision-de-Propiedades-Rurales-ESP.pdf<\/a><\/p>\n\n\n\n<p><strong>Resumen<\/strong><br><br>Las \u00e1reas protegidas (AP) est\u00e1n cada vez m\u00e1s expuestas a presiones antropog\u00e9nicas bajo<br>escenarios de cambio global, con din\u00e1micas de subdivisi\u00f3n del suelo y cambio de<br>uso\/cobertura del suelo (CUCS) en sus alrededores, que a menudo socavan sus objetivos<br>de conservaci\u00f3n e intensifican la demanda de servicios b\u00e1sicos como la disponibilidad de<br>agua. Este estudio analiz\u00f3 la zona de amortiguaci\u00f3n alrededor del Parque Nacional Ce<br>rro Castillo (PNCC) en la Patagonia chilena para evaluar la evoluci\u00f3n de las propiedades<br>rurales privadas, considerando su subdivisi\u00f3n, CUCS y din\u00e1micas de demanda legal de<br>agua. Utilizando registros catastrales, im\u00e1genes Landsat 8 y bases de datos oficiales de<br>derechos de agua, cuantificamos la subdivisi\u00f3n de propiedades y analizamos los patro<br>nes de distribuci\u00f3n de CUCS y derechos de agua mediante an\u00e1lisis de superposici\u00f3n<br>espacial. Los resultados indican un aumento de casi cuatro veces en las subdivisiones<br>entre 2011 y 2023, con 304 propiedades divididas en 3.237 unidades que ocupan el 43,7%<br>del \u00e1rea de tierra privada. El an\u00e1lisis de CUCS revel\u00f3 una recuperaci\u00f3n de bosque nativo<br>(+10%) junto con aumentos notables en cobertura urbana (+152%) y plantaciones ex\u00f3ticas<br>(+245%). La demanda legal de agua casi se duplic\u00f3, con el 68% de los derechos consun<br>tivos concentrados en propiedades subdivididas. Estos hallazgos destacan la subdivisi\u00f3n<br>de propiedades como un factor importante que influye en el cambio socioecol\u00f3gico en los<br>territorios que rodean las AP. Argumentamos que las din\u00e1micas de subdivisi\u00f3n pueden<br>servir como un indicador temprano para anticipar presiones de uso del suelo y pueden<br>complementar la planificaci\u00f3n integrada a escala de paisaje, consistente con los enfoques<br>de cambio transformador promovidos por los marcos internacionales de biodiversidad.<\/p>\n\n\n\n<p><\/p>\n","protected":false},"excerpt":{"rendered":"<p>https:\/\/ciep.cl\/inicio\/wp-content\/uploads\/2025\/12\/Subdivision-de-Propiedades-Rurales-ESP.pdf Resumen Las \u00e1reas protegidas (AP) est\u00e1n cada vez m\u00e1s expuestas a presiones antropog\u00e9nicas bajoescenarios de cambio global, con din\u00e1micas de subdivisi\u00f3n del suelo y cambio deuso\/cobertura del suelo (CUCS) en sus alrededores, que a menudo socavan sus objetivosde conservaci\u00f3n &#8230; <\/p>\n<p class=\"read-more-container\"><a title=\"Publicaci\u00f3n\/2025\/A.Adiego, T.Gale, L.A.Longares, A.B\u00e1ez-Montenegro, A.Hern\u00e1ndez-Moreno. Subdivisi\u00f3n de Propiedades Rurales: Patrones de Cambio de Uso del Suelo y Derechos de Agua Alrededor del Parque Nacional Cerro Castillo, Patagonia chilena\" class=\"read-more button\" href=\"https:\/\/ciep.cl\/inicio\/2025\/12\/19\/publicacion-2025-a-adiego-t-gale-l-a-longares-a-baez-montenegro-a-hernandez-moreno-subdivision-de-propiedades-rurales-patrones-de-cambio-de-uso-del-suelo-y-derechos-de-agua-alrededor-del-parque\/#more-11703\" aria-label=\"Leer m\u00e1s sobre Publicaci\u00f3n\/2025\/A.Adiego, T.Gale, L.A.Longares, A.B\u00e1ez-Montenegro, A.Hern\u00e1ndez-Moreno. Subdivisi\u00f3n de Propiedades Rurales: Patrones de Cambio de Uso del Suelo y Derechos de Agua Alrededor del Parque Nacional Cerro Castillo, Patagonia chilena\">Leer m\u00e1s<\/a><\/p>\n","protected":false},"author":3,"featured_media":0,"comment_status":"closed","ping_status":"closed","sticky":false,"template":"","format":"standard","meta":{"footnotes":""},"categories":[24,108,1,51],"tags":[58,46],"class_list":["post-11703","post","type-post","status-publish","format-standard","hentry","category-pesca-artesanal-y-acuicultura-publicaciones","category-publicaciones-ciep","category-sin-categoria","category-turismo-sustentable-publicaciones","tag-andres-adiego","tag-trace-gale","infinite-scroll-item"],"_links":{"self":[{"href":"https:\/\/ciep.cl\/inicio\/wp-json\/wp\/v2\/posts\/11703","targetHints":{"allow":["GET"]}}],"collection":[{"href":"https:\/\/ciep.cl\/inicio\/wp-json\/wp\/v2\/posts"}],"about":[{"href":"https:\/\/ciep.cl\/inicio\/wp-json\/wp\/v2\/types\/post"}],"author":[{"embeddable":true,"href":"https:\/\/ciep.cl\/inicio\/wp-json\/wp\/v2\/users\/3"}],"replies":[{"embeddable":true,"href":"https:\/\/ciep.cl\/inicio\/wp-json\/wp\/v2\/comments?post=11703"}],"version-history":[{"count":3,"href":"https:\/\/ciep.cl\/inicio\/wp-json\/wp\/v2\/posts\/11703\/revisions"}],"predecessor-version":[{"id":11710,"href":"https:\/\/ciep.cl\/inicio\/wp-json\/wp\/v2\/posts\/11703\/revisions\/11710"}],"wp:attachment":[{"href":"https:\/\/ciep.cl\/inicio\/wp-json\/wp\/v2\/media?parent=11703"}],"wp:term":[{"taxonomy":"category","embeddable":true,"href":"https:\/\/ciep.cl\/inicio\/wp-json\/wp\/v2\/categories?post=11703"},{"taxonomy":"post_tag","embeddable":true,"href":"https:\/\/ciep.cl\/inicio\/wp-json\/wp\/v2\/tags?post=11703"}],"curies":[{"name":"wp","href":"https:\/\/api.w.org\/{rel}","templated":true}]}}