{"id":11805,"date":"2025-12-23T17:43:29","date_gmt":"2025-12-23T17:43:29","guid":{"rendered":"https:\/\/ciep.cl\/inicio\/?p=11805"},"modified":"2026-01-05T17:56:53","modified_gmt":"2026-01-05T17:56:53","slug":"directora-de-ciep-expuso-en-comision-cti-del-consejo-regional","status":"publish","type":"post","link":"https:\/\/ciep.cl\/inicio\/2025\/12\/23\/directora-de-ciep-expuso-en-comision-cti-del-consejo-regional\/","title":{"rendered":"Directora de CIEP expuso en Comisi\u00f3n CTI del Consejo Regional"},"content":{"rendered":"\n<p><\/p>\n\n\n\n<p>El pasado mi\u00e9rcoles 17 de diciembre, nuestra directora ejecutiva Andrea Foessel expuso el estado actual del dise\u00f1o del Plan Estrat\u00e9gico institucional 2026-2030 en la Comisi\u00f3n de Ciencia, Tecnolog\u00eda e Innovaci\u00f3n (CTI) del Consejo Regional de Ays\u00e9n. En la ocasi\u00f3n estuvo acompa\u00f1ada por el subdirector Administrativo de CIEP, Jaime L\u00f3pez, y el subdirector de Vinculaci\u00f3n y Transferencia, Dr. Claudio Herrera, como parte del equipo directivo, y las profesionales Catalina Espinosa y Daniela Vidal.<\/p>\n\n\n\n<p>Por su parte, el presidente de la Comisi\u00f3n CTI del CORE, Benjam\u00edn Infante, junto a los consejeros Eligio Montecinos, Paulina Hern\u00e1ndez y Rodrigo Rivera, realizaron consultas y compartieron la valoraci\u00f3n para actualizar la institucionalidad de la Corporaci\u00f3n, que cumpli\u00f3 20 a\u00f1os y proyecta su trabajo cient\u00edfico y de aporte al desarrollo sostenible de la regi\u00f3n hacia la pr\u00f3xima d\u00e9cada.<\/p>\n","protected":false},"excerpt":{"rendered":"<p>El pasado mi\u00e9rcoles 17 de diciembre, nuestra directora ejecutiva Andrea Foessel expuso el estado actual del dise\u00f1o del Plan Estrat\u00e9gico institucional 2026-2030 en la Comisi\u00f3n de Ciencia, Tecnolog\u00eda e Innovaci\u00f3n (CTI) del Consejo Regional de Ays\u00e9n. En la ocasi\u00f3n estuvo &#8230; <\/p>\n<p class=\"read-more-container\"><a title=\"Directora de CIEP expuso en Comisi\u00f3n CTI del Consejo Regional\" class=\"read-more button\" href=\"https:\/\/ciep.cl\/inicio\/2025\/12\/23\/directora-de-ciep-expuso-en-comision-cti-del-consejo-regional\/#more-11805\" aria-label=\"Leer m\u00e1s sobre Directora de CIEP expuso en Comisi\u00f3n CTI del Consejo Regional\">Leer m\u00e1s<\/a><\/p>\n","protected":false},"author":4,"featured_media":11808,"comment_status":"closed","ping_status":"closed","sticky":false,"template":"","format":"standard","meta":{"footnotes":""},"categories":[5],"tags":[229,228,226,225],"class_list":["post-11805","post","type-post","status-publish","format-standard","has-post-thumbnail","hentry","category-noticias","tag-consejeros","tag-core","tag-cti","tag-plan-estrategico","infinite-scroll-item"],"_links":{"self":[{"href":"https:\/\/ciep.cl\/inicio\/wp-json\/wp\/v2\/posts\/11805","targetHints":{"allow":["GET"]}}],"collection":[{"href":"https:\/\/ciep.cl\/inicio\/wp-json\/wp\/v2\/posts"}],"about":[{"href":"https:\/\/ciep.cl\/inicio\/wp-json\/wp\/v2\/types\/post"}],"author":[{"embeddable":true,"href":"https:\/\/ciep.cl\/inicio\/wp-json\/wp\/v2\/users\/4"}],"replies":[{"embeddable":true,"href":"https:\/\/ciep.cl\/inicio\/wp-json\/wp\/v2\/comments?post=11805"}],"version-history":[{"count":1,"href":"https:\/\/ciep.cl\/inicio\/wp-json\/wp\/v2\/posts\/11805\/revisions"}],"predecessor-version":[{"id":11807,"href":"https:\/\/ciep.cl\/inicio\/wp-json\/wp\/v2\/posts\/11805\/revisions\/11807"}],"wp:featuredmedia":[{"embeddable":true,"href":"https:\/\/ciep.cl\/inicio\/wp-json\/wp\/v2\/media\/11808"}],"wp:attachment":[{"href":"https:\/\/ciep.cl\/inicio\/wp-json\/wp\/v2\/media?parent=11805"}],"wp:term":[{"taxonomy":"category","embeddable":true,"href":"https:\/\/ciep.cl\/inicio\/wp-json\/wp\/v2\/categories?post=11805"},{"taxonomy":"post_tag","embeddable":true,"href":"https:\/\/ciep.cl\/inicio\/wp-json\/wp\/v2\/tags?post=11805"}],"curies":[{"name":"wp","href":"https:\/\/api.w.org\/{rel}","templated":true}]}}