{"id":11876,"date":"2026-01-16T14:10:13","date_gmt":"2026-01-16T14:10:13","guid":{"rendered":"https:\/\/ciep.cl\/inicio\/?p=11876"},"modified":"2026-01-19T14:47:05","modified_gmt":"2026-01-19T14:47:05","slug":"ciep-acompano-asuncion-de-nuevo-rector-de-u-de-aysen","status":"publish","type":"post","link":"https:\/\/ciep.cl\/inicio\/2026\/01\/16\/ciep-acompano-asuncion-de-nuevo-rector-de-u-de-aysen\/","title":{"rendered":"CIEP acompa\u00f1\u00f3 asunci\u00f3n de nuevo rector de U. de Ays\u00e9n"},"content":{"rendered":"\n<p>Esta semana nuestra <strong>directora ejecutiva de CIEP, Andrea Foessel,<\/strong> acompa\u00f1\u00f3 la asunci\u00f3n del <strong>nuevo rector de la\u00a0Universidad de Ays\u00e9n, Dr. V\u00edctor Cubillos<\/strong>, para el per\u00edodo 2026\u20132030, en una ceremonia solemne realizada en el el Centro Cultural de Coyhaique, instancia que marca el inicio de una nueva etapa para una instituci\u00f3n clave en el desarrollo del conocimiento y el pensamiento cr\u00edtico en la Patagonia.<\/p>\n\n\n\n<p>En este hito relevante para la educaci\u00f3n superior regional tambi\u00e9n participaron la <strong>presidenta del Directorio de CIEP, Camila Reyes, y la directora Ximena Sol\u00eds<\/strong>, reafirmando el compromiso de nuestro centro de ciencia con el trabajo colaborativo entre academia, territorio y comunidades.<\/p>\n\n\n\n<p>El nuevo rector es acad\u00e9mico y cient\u00edfico de vasta trayectoria, con un reconocido liderazgo en la educaci\u00f3n superior y una profunda vocaci\u00f3n por el desarrollo de las zonas extremas. Es m\u00e9dico veterinario de la <strong>Universidad Austral de Chile<\/strong> (UACh) y doctor (Ph.D.) en Patolog\u00eda Comparada por la Universidad de Queensland, Australia. Su carrera acad\u00e9mica se ha desarrollado principalmente en la UACh, donde alcanz\u00f3 la jerarqu\u00eda de profesor titular, destacando tanto en la docencia de pre y postgrado como en la investigaci\u00f3n de alto nivel.<\/p>\n\n\n<div class=\"wp-block-image\">\n<figure class=\"alignright size-full is-resized\"><img fetchpriority=\"high\" decoding=\"async\" width=\"1900\" height=\"1267\" src=\"https:\/\/ciep.cl\/inicio\/wp-content\/uploads\/2026\/01\/UAYSEN-2.jpg\" alt=\"\" class=\"wp-image-11879\" style=\"aspect-ratio:1.4996282369936056;width:522px;height:auto\" \/><\/figure>\n<\/div>\n\n\n<p>En el \u00e1mbito de la gesti\u00f3n universitaria, el Dr. Cubillos posee una consolidada experiencia. Fue decano de la Facultad de Ciencias Veterinarias de la Universidad Austral, periodo en el cual fortaleci\u00f3 la vinculaci\u00f3n internacional de dicha unidad. Posteriormente, fue elegido rector de la Universidad Austral de Chile, cargo que ejerci\u00f3 durante dos periodos consecutivos, entre los a\u00f1os 2006 y 2014. Durante su rectorado, lider\u00f3 la modernizaci\u00f3n institucional y la expansi\u00f3n de la presencia universitaria en la Patagonia.<\/p>\n\n\n\n<p>En la esfera p\u00fablica y gremial, jug\u00f3 un rol protag\u00f3nico en la defensa de las universidades regionales. Fue presidente de la <strong>Agrupaci\u00f3n de Universidades Regionales (AUR)<\/strong> y miembro activo del <strong>Consejo de Rectores de las Universidades Chilenas (CRUCH),<\/strong> donde abog\u00f3 firmemente por la descentralizaci\u00f3n del conocimiento y el aporte de las instituciones estatales al desarrollo territorial.<\/p>\n\n\n\n<p>Asimismo, ha integrado diversos directorios y consejos estrat\u00e9gicos, tales como el del <strong>Centro de Estudios Cient\u00edficos (CECs)<\/strong> y el Centro de Investigaci\u00f3n en Ecosistemas de la Patagonia (CIEP), demostrando su compromiso permanente con la ciencia y el progreso de la zona sur austral del pa\u00eds.<\/p>\n\n\n\n<p>En la ceremonia de investidura, el <strong>administrador provisional Dr. Juan Pablo Prieto Cox<\/strong> -quien ejerci\u00f3 entre los a\u00f1os 2024 y 2025- realiz\u00f3 la entrega formal del cargo al nuevo rector Cubillos, traspasando el gobierno universitario y dando inicio al nuevo ciclo de conducci\u00f3n institucional, destacando el trabajo desarrollado para recuperar la estabilidad institucional, fortalecer la gobernanza y sentar bases s\u00f3lidas para el desarrollo acad\u00e9mico, financiero y territorial de la universidad.<\/p>\n\n\n\n<p>El acto cont\u00f3 con la participaci\u00f3n de autoridades nacionales, regionales y la comunidad universitaria.<\/p>\n\n\n\n<p><\/p>\n\n\n\n<p><\/p>\n","protected":false},"excerpt":{"rendered":"<p>Esta semana nuestra directora ejecutiva de CIEP, Andrea Foessel, acompa\u00f1\u00f3 la asunci\u00f3n del nuevo rector de la\u00a0Universidad de Ays\u00e9n, Dr. V\u00edctor Cubillos, para el per\u00edodo 2026\u20132030, en una ceremonia solemne realizada en el el Centro Cultural de Coyhaique, instancia que &#8230; <\/p>\n<p class=\"read-more-container\"><a title=\"CIEP acompa\u00f1\u00f3 asunci\u00f3n de nuevo rector de U. de Ays\u00e9n\" class=\"read-more button\" href=\"https:\/\/ciep.cl\/inicio\/2026\/01\/16\/ciep-acompano-asuncion-de-nuevo-rector-de-u-de-aysen\/#more-11876\" aria-label=\"Leer m\u00e1s sobre CIEP acompa\u00f1\u00f3 asunci\u00f3n de nuevo rector de U. de Ays\u00e9n\">Leer m\u00e1s<\/a><\/p>\n","protected":false},"author":4,"featured_media":11877,"comment_status":"closed","ping_status":"closed","sticky":false,"template":"","format":"standard","meta":{"footnotes":""},"categories":[5],"tags":[246,247,245],"class_list":["post-11876","post","type-post","status-publish","format-standard","has-post-thumbnail","hentry","category-noticias","tag-directorio","tag-rector-cubillos","tag-uach","infinite-scroll-item"],"_links":{"self":[{"href":"https:\/\/ciep.cl\/inicio\/wp-json\/wp\/v2\/posts\/11876","targetHints":{"allow":["GET"]}}],"collection":[{"href":"https:\/\/ciep.cl\/inicio\/wp-json\/wp\/v2\/posts"}],"about":[{"href":"https:\/\/ciep.cl\/inicio\/wp-json\/wp\/v2\/types\/post"}],"author":[{"embeddable":true,"href":"https:\/\/ciep.cl\/inicio\/wp-json\/wp\/v2\/users\/4"}],"replies":[{"embeddable":true,"href":"https:\/\/ciep.cl\/inicio\/wp-json\/wp\/v2\/comments?post=11876"}],"version-history":[{"count":2,"href":"https:\/\/ciep.cl\/inicio\/wp-json\/wp\/v2\/posts\/11876\/revisions"}],"predecessor-version":[{"id":11880,"href":"https:\/\/ciep.cl\/inicio\/wp-json\/wp\/v2\/posts\/11876\/revisions\/11880"}],"wp:featuredmedia":[{"embeddable":true,"href":"https:\/\/ciep.cl\/inicio\/wp-json\/wp\/v2\/media\/11877"}],"wp:attachment":[{"href":"https:\/\/ciep.cl\/inicio\/wp-json\/wp\/v2\/media?parent=11876"}],"wp:term":[{"taxonomy":"category","embeddable":true,"href":"https:\/\/ciep.cl\/inicio\/wp-json\/wp\/v2\/categories?post=11876"},{"taxonomy":"post_tag","embeddable":true,"href":"https:\/\/ciep.cl\/inicio\/wp-json\/wp\/v2\/tags?post=11876"}],"curies":[{"name":"wp","href":"https:\/\/api.w.org\/{rel}","templated":true}]}}