{"id":11881,"date":"2026-01-19T16:25:00","date_gmt":"2026-01-19T16:25:00","guid":{"rendered":"https:\/\/ciep.cl\/inicio\/?p=11881"},"modified":"2026-01-20T14:06:05","modified_gmt":"2026-01-20T14:06:05","slug":"congreso-futuro-aysen-destaco-la-cultura-oceanica-y-el-dialogo-con-investigadora-ciep","status":"publish","type":"post","link":"https:\/\/ciep.cl\/inicio\/2026\/01\/19\/congreso-futuro-aysen-destaco-la-cultura-oceanica-y-el-dialogo-con-investigadora-ciep\/","title":{"rendered":"Congreso Futuro Ays\u00e9n destac\u00f3 la Cultura Oce\u00e1nica y di\u00e1logo con investigadora CIEP"},"content":{"rendered":"\n<p><p class=\"MsoNoSpacing\" style=\"margin: 0cm;font-size: medium;font-family: Calibri, sans-serif;white-space: normal\"><\/p><p class=\"MsoNoSpacing\" style=\"margin: 0cm;font-size: medium;font-family: Calibri, sans-serif;white-space: normal\"><\/p><\/p>\n\n\n\n<p><\/p>\n\n\n\n<p>El pasado viernes 16 se desarroll\u00f3 la jornada de <strong>Congreso Futuro en la Regi\u00f3n de Ays\u00e9n,<\/strong> que este a\u00f1o plante\u00f3 la reflexi\u00f3n <strong>\u201cHumanidad \u00bfHacia d\u00f3nde vamos?\u201d<\/strong>, brindando diferentes charlas y foros de conversaci\u00f3n en el auditorio del Museo Regional de Ays\u00e9n en Coyhaique.<\/p>\n\n\n\n<p>El programa regional convoc\u00f3 a la comunidad, autoridades, estudiantes e investigadores en torno a los grandes desaf\u00edos del desarrollo sostenible, la innovaci\u00f3n y el conocimiento, con cerca de 80 asistentes, espacio en que se presentaron expositores internacionales.<\/p>\n\n\n\n<p>En primer t\u00e9rmino, expuso la <strong>investigadora ecuatoriana Daniela Hill, de Fundaci\u00f3n Amiguitos del Oc\u00e9ano,<\/strong> quien tras su charla \u201cCultura Oce\u00e1nica: una herramienta de Empat\u00eda que genera acci\u00f3n\u201d, incorpor\u00f3 a la<strong> investigadora residente de CIEP, Paula Ortiz,<\/strong> para dialogar con el p\u00fablico en cuanto a repensar el v\u00ednculo cotidiano con el mar y la importancia de integrar la educaci\u00f3n marina en los planes de estudio para fomentar la conciencia ambiental.\u00a0<\/p>\n\n\n\n<p>Luego, tuvo lugar una intervenci\u00f3n art\u00edstica a cargo de <strong>\u201cPatagonia CheloFest\u201d, con Magdalena Rosas, \u00c1lvaro Bitr\u00e1n y Olaf Niessing.<\/strong><\/p>\n\n\n\n<p>Seguido, fue el turno de la <strong>economista salvadore\u00f1a Fe S\u00e1nchez <\/strong>comparti\u00f3 al p\u00fablico la charla \u201cFuturos posibles en tiempos inciertos\u201d, y m\u00e1s tarde el <strong>profesor portugu\u00e9s y exministro de Educaci\u00f3n, Nuno Crato<\/strong>, abord\u00f3 los desaf\u00edos de la ense\u00f1anza en un mundo atravesado por la tecnolog\u00eda, analizando c\u00f3mo aprendemos realmente y el rol central de la mente humana y la gu\u00eda docente en el aprendizaje activo.<\/p>\n\n\n\n<figure class=\"wp-block-gallery has-nested-images columns-default is-cropped wp-block-gallery-1 is-layout-flex wp-block-gallery-is-layout-flex\">\n<figure class=\"wp-block-image size-large\"><img fetchpriority=\"high\" decoding=\"async\" width=\"1830\" height=\"1822\" data-id=\"11892\" src=\"https:\/\/ciep.cl\/inicio\/wp-content\/uploads\/2026\/01\/IMG_7777.jpg\" alt=\"\" class=\"wp-image-11892\" \/><\/figure>\n\n\n\n<figure class=\"wp-block-image size-full is-style-default\"><img decoding=\"async\" width=\"1900\" height=\"2533\" data-id=\"11893\" src=\"https:\/\/ciep.cl\/inicio\/wp-content\/uploads\/2026\/01\/IMG_7804.jpg\" alt=\"\" class=\"wp-image-11893\" \/><\/figure>\n\n\n\n<figure class=\"wp-block-image size-large\"><img decoding=\"async\" width=\"1080\" height=\"1080\" data-id=\"11885\" src=\"https:\/\/ciep.cl\/inicio\/wp-content\/uploads\/2026\/01\/CF-Aysen-2026-_-Paula-Ortiz-1.jpg\" alt=\"\" class=\"wp-image-11885\" \/><\/figure>\n\n\n\n<figure class=\"wp-block-image size-large\"><img loading=\"lazy\" decoding=\"async\" width=\"1900\" height=\"2395\" data-id=\"11888\" src=\"https:\/\/ciep.cl\/inicio\/wp-content\/uploads\/2026\/01\/IMG_7854.jpg\" alt=\"\" class=\"wp-image-11888\" \/><\/figure>\n\n\n\n<figure class=\"wp-block-image size-large\"><img loading=\"lazy\" decoding=\"async\" width=\"1080\" height=\"1080\" data-id=\"11886\" src=\"https:\/\/ciep.cl\/inicio\/wp-content\/uploads\/2026\/01\/CF-Aysen-2026-_-Paula-Ortiz-2.jpg\" alt=\"\" class=\"wp-image-11886\" \/><\/figure>\n\n\n\n<figure class=\"wp-block-image size-large\"><img loading=\"lazy\" decoding=\"async\" width=\"1969\" height=\"2636\" data-id=\"11887\" src=\"https:\/\/ciep.cl\/inicio\/wp-content\/uploads\/2026\/01\/IMG_7824.jpg\" alt=\"\" class=\"wp-image-11887\" \/><\/figure>\n<\/figure>\n\n\n\n<p><\/p>\n\n\n\n<p class=\"has-medium-font-size\"><strong>CIENCIA Y TERRITORIO<\/strong><\/p>\n\n\n\n<p>Durante la inauguraci\u00f3n, abierta al p\u00fablico con acceso gratuito, la <strong>senadora Ximena \u00d3rdenes, presidenta de la Comisi\u00f3n Desaf\u00edos del Futuro del Senado,<\/strong> destac\u00f3 la d\u00e9cima versi\u00f3n anual que tiene lugar en regiones en los 15 a\u00f1os de existencia de este espacio de divulgaci\u00f3n cient\u00edfica, que inici\u00f3 en Santiago, en 2011.\u00a0<\/p>\n\n\n\n<p>Posteriormente, la <strong>directora ejecutiva de CIEP, Andrea Foessel,<\/strong> valor\u00f3 la instancia en que la ciencia\u00a0\u00a0se conecta con el territorio y acompa\u00f1a el desarrollo de las comunidades, abriendo visiones para mejorar el presente y el futuro.<\/p>\n\n\n\n<p>\u201cEstamos muy contentos de estar participando en esta d\u00e9cima versi\u00f3n del Congreso Futuro en Ays\u00e9n, Congreso Futuro en Chile lleva 15 a\u00f1os, una iniciativa que surge desde el Congreso y la Comisi\u00f3n Futuro, liderada por la senadora \u00d3rdenes y que desde el d\u00eda uno, CIEP como instituci\u00f3n cient\u00edfica se sum\u00f3, entendiendo la importancia que tiene la ciencia en el desarrollo, en la proyecci\u00f3n de la humanidad y, sin duda, <strong>necesitamos una ciencia desde el territorio que nos acompa\u00f1e en la toma de decisiones y en nuestra mirada de futuro<\/strong>, en definitiva, poder entender que las problem\u00e1ticas mundiales tambi\u00e9n tienen un contexto local\u201d.<\/p>\n\n\n\n<p>Foessel ratific\u00f3 el compromiso de mantener y de proyectar el Congreso Futuro en el territorio donde <strong>la ciencia se conecta con la cultura, con el arte y el desarrollo de la regi\u00f3n<\/strong>, como una experiencia valiosa para todos.<\/p>\n\n\n\n<p>Con 15 a\u00f1os de trayectoria a nivel nacional, el evento se ha consolidado como el principal encuentro de divulgaci\u00f3n cient\u00edfica y de pensamiento en Latinoam\u00e9rica, con una creciente proyecci\u00f3n internacional.<\/p>\n\n\n\n<figure class=\"wp-block-image size-full\"><img loading=\"lazy\" decoding=\"async\" width=\"1080\" height=\"1080\" src=\"https:\/\/ciep.cl\/inicio\/wp-content\/uploads\/2026\/01\/CF-Aysen-2026-_-Andrea-Foessel.jpg\" alt=\"\" class=\"wp-image-11884\" \/><\/figure>\n\n\n\n<p><\/p>\n","protected":false},"excerpt":{"rendered":"<p>El pasado viernes 16 se desarroll\u00f3 la jornada de Congreso Futuro en la Regi\u00f3n de Ays\u00e9n, que este a\u00f1o plante\u00f3 la reflexi\u00f3n \u201cHumanidad \u00bfHacia d\u00f3nde vamos?\u201d, brindando diferentes charlas y foros de conversaci\u00f3n en el auditorio del Museo Regional de &#8230; <\/p>\n<p class=\"read-more-container\"><a title=\"Congreso Futuro Ays\u00e9n destac\u00f3 la Cultura Oce\u00e1nica y di\u00e1logo con investigadora CIEP\" class=\"read-more button\" href=\"https:\/\/ciep.cl\/inicio\/2026\/01\/19\/congreso-futuro-aysen-destaco-la-cultura-oceanica-y-el-dialogo-con-investigadora-ciep\/#more-11881\" aria-label=\"Leer m\u00e1s sobre Congreso Futuro Ays\u00e9n destac\u00f3 la Cultura Oce\u00e1nica y di\u00e1logo con investigadora CIEP\">Leer m\u00e1s<\/a><\/p>\n","protected":false},"author":4,"featured_media":11882,"comment_status":"closed","ping_status":"closed","sticky":false,"template":"","format":"standard","meta":{"footnotes":""},"categories":[5,1],"tags":[155,248],"class_list":["post-11881","post","type-post","status-publish","format-standard","has-post-thumbnail","hentry","category-noticias","category-sin-categoria","tag-aysen","tag-congreso-futuro","infinite-scroll-item"],"_links":{"self":[{"href":"https:\/\/ciep.cl\/inicio\/wp-json\/wp\/v2\/posts\/11881","targetHints":{"allow":["GET"]}}],"collection":[{"href":"https:\/\/ciep.cl\/inicio\/wp-json\/wp\/v2\/posts"}],"about":[{"href":"https:\/\/ciep.cl\/inicio\/wp-json\/wp\/v2\/types\/post"}],"author":[{"embeddable":true,"href":"https:\/\/ciep.cl\/inicio\/wp-json\/wp\/v2\/users\/4"}],"replies":[{"embeddable":true,"href":"https:\/\/ciep.cl\/inicio\/wp-json\/wp\/v2\/comments?post=11881"}],"version-history":[{"count":7,"href":"https:\/\/ciep.cl\/inicio\/wp-json\/wp\/v2\/posts\/11881\/revisions"}],"predecessor-version":[{"id":11898,"href":"https:\/\/ciep.cl\/inicio\/wp-json\/wp\/v2\/posts\/11881\/revisions\/11898"}],"wp:featuredmedia":[{"embeddable":true,"href":"https:\/\/ciep.cl\/inicio\/wp-json\/wp\/v2\/media\/11882"}],"wp:attachment":[{"href":"https:\/\/ciep.cl\/inicio\/wp-json\/wp\/v2\/media?parent=11881"}],"wp:term":[{"taxonomy":"category","embeddable":true,"href":"https:\/\/ciep.cl\/inicio\/wp-json\/wp\/v2\/categories?post=11881"},{"taxonomy":"post_tag","embeddable":true,"href":"https:\/\/ciep.cl\/inicio\/wp-json\/wp\/v2\/tags?post=11881"}],"curies":[{"name":"wp","href":"https:\/\/api.w.org\/{rel}","templated":true}]}}