{"id":12003,"date":"2026-02-19T11:43:19","date_gmt":"2026-02-19T11:43:19","guid":{"rendered":"https:\/\/ciep.cl\/inicio\/?p=12003"},"modified":"2026-02-20T12:59:52","modified_gmt":"2026-02-20T12:59:52","slug":"ciep-se-fortalece-con-capacitacion-en-primeros-auxilios","status":"publish","type":"post","link":"https:\/\/ciep.cl\/inicio\/2026\/02\/19\/ciep-se-fortalece-con-capacitacion-en-primeros-auxilios\/","title":{"rendered":"CIEP se fortalece con capacitaci\u00f3n en Primeros Auxilios"},"content":{"rendered":"\n<p><\/p>\n\n\n\n<p>En el marco del trabajo permanente de su <strong>Comit\u00e9 Paritario y la Unidad de Recursos Humanos,<\/strong> funcionarios administrativos y profesionales de CIEP participaron este martes del curso presencial\u00a0<strong>\u201cPrimeros Auxilios\u201d<\/strong>, realizado en el auditorio de la Mutual de Seguridad de Coyhaique. <\/p>\n\n\n\n<p>Esta instancia formativa permiti\u00f3 actualizar conocimientos y reforzar competencias clave para actuar ante emergencias laborales, aplicando t\u00e9cnicas de\u00a0<strong>RCP<\/strong>\u00a0<strong>(Reanimaci\u00f3n Cardiopulmonar)<\/strong> y\u00a0<strong>maniobra de Heimlich<\/strong>, entre otros procedimientos, como la sigla <strong>MES (Mirar, Escucha, Sentir)<\/strong> que pueden marcar la diferencia mientras llega la ambulancia o apoyo especializado a las v\u00edctimas de un paro respiratorio.<\/p>\n\n\n\n<p>Tambi\u00e9n se revis\u00f3 la aplicaci\u00f3n de la Ley 21.156, sobre uso del <strong>Desfibrilador Externo Autom\u00e1tico (DEA),<\/strong> un dispositivo m\u00e9dico port\u00e1til y computarizado dise\u00f1ado para tratar paros card\u00edacos s\u00fabitos, analizar el ritmo card\u00edaco y administrar una descarga el\u00e9ctrica si es necesario.<\/p>\n\n\n\n<figure class=\"wp-block-gallery has-nested-images columns-default is-cropped wp-block-gallery-1 is-layout-flex wp-block-gallery-is-layout-flex\">\n<figure class=\"wp-block-image size-large\"><img fetchpriority=\"high\" decoding=\"async\" width=\"1440\" height=\"1440\" data-id=\"12007\" src=\"https:\/\/ciep.cl\/inicio\/wp-content\/uploads\/2026\/02\/EBCF18F2-D7CC-40F8-8914-78AD30ADC13B.jpg\" alt=\"\" class=\"wp-image-12007\" \/><\/figure>\n\n\n\n<figure class=\"wp-block-image size-large\"><img decoding=\"async\" width=\"782\" height=\"1024\" data-id=\"12008\" src=\"https:\/\/ciep.cl\/inicio\/wp-content\/uploads\/2026\/02\/IMG_9313.jpg\" alt=\"\" class=\"wp-image-12008\" \/><\/figure>\n\n\n\n<figure class=\"wp-block-image size-large\"><img decoding=\"async\" width=\"1024\" height=\"938\" data-id=\"12005\" src=\"https:\/\/ciep.cl\/inicio\/wp-content\/uploads\/2026\/02\/IMG_9315.jpg\" alt=\"\" class=\"wp-image-12005\" \/><\/figure>\n<\/figure>\n\n\n\n<p><\/p>\n\n\n\n<p>La capacitaci\u00f3n, que fue dictada por la enfermera Paola Evaristo, y cont\u00f3 con la participaci\u00f3n por parte de CIEP, de <strong>Soraya Villagr\u00e1n, jefa de laboratorio; Rosita Torres, bioqu\u00edmica; Paulina Santana, administrativa; Natalia Pe\u00f1a, jefa de RRHH, y Claudio D\u00edaz, periodista.<\/strong><\/p>\n\n\n\n<p>Con esta acci\u00f3n, CIEP contin\u00faa avanzando en la prevenci\u00f3n como parte de la responsabilidad institucional, preparando constantemente  a sus equipos de trabajo para cuidar a nuestros equipos y construir un entorno laboral m\u00e1s seguro y comprometido.<\/p>\n\n\n\n<p><\/p>\n","protected":false},"excerpt":{"rendered":"<p>En el marco del trabajo permanente de su Comit\u00e9 Paritario y la Unidad de Recursos Humanos, funcionarios administrativos y profesionales de CIEP participaron este martes del curso presencial\u00a0\u201cPrimeros Auxilios\u201d, realizado en el auditorio de la Mutual de Seguridad de Coyhaique. &#8230; <\/p>\n<p class=\"read-more-container\"><a title=\"CIEP se fortalece con capacitaci\u00f3n en Primeros Auxilios\" class=\"read-more button\" href=\"https:\/\/ciep.cl\/inicio\/2026\/02\/19\/ciep-se-fortalece-con-capacitacion-en-primeros-auxilios\/#more-12003\" aria-label=\"Leer m\u00e1s sobre CIEP se fortalece con capacitaci\u00f3n en Primeros Auxilios\">Leer m\u00e1s<\/a><\/p>\n","protected":false},"author":4,"featured_media":12004,"comment_status":"closed","ping_status":"closed","sticky":false,"template":"","format":"standard","meta":{"footnotes":""},"categories":[5],"tags":[263,266,262,265],"class_list":["post-12003","post","type-post","status-publish","format-standard","has-post-thumbnail","hentry","category-noticias","tag-capacitacion","tag-mutual-de-seguridad","tag-primeros-auxilios","tag-rcp","infinite-scroll-item"],"_links":{"self":[{"href":"https:\/\/ciep.cl\/inicio\/wp-json\/wp\/v2\/posts\/12003","targetHints":{"allow":["GET"]}}],"collection":[{"href":"https:\/\/ciep.cl\/inicio\/wp-json\/wp\/v2\/posts"}],"about":[{"href":"https:\/\/ciep.cl\/inicio\/wp-json\/wp\/v2\/types\/post"}],"author":[{"embeddable":true,"href":"https:\/\/ciep.cl\/inicio\/wp-json\/wp\/v2\/users\/4"}],"replies":[{"embeddable":true,"href":"https:\/\/ciep.cl\/inicio\/wp-json\/wp\/v2\/comments?post=12003"}],"version-history":[{"count":3,"href":"https:\/\/ciep.cl\/inicio\/wp-json\/wp\/v2\/posts\/12003\/revisions"}],"predecessor-version":[{"id":12011,"href":"https:\/\/ciep.cl\/inicio\/wp-json\/wp\/v2\/posts\/12003\/revisions\/12011"}],"wp:featuredmedia":[{"embeddable":true,"href":"https:\/\/ciep.cl\/inicio\/wp-json\/wp\/v2\/media\/12004"}],"wp:attachment":[{"href":"https:\/\/ciep.cl\/inicio\/wp-json\/wp\/v2\/media?parent=12003"}],"wp:term":[{"taxonomy":"category","embeddable":true,"href":"https:\/\/ciep.cl\/inicio\/wp-json\/wp\/v2\/categories?post=12003"},{"taxonomy":"post_tag","embeddable":true,"href":"https:\/\/ciep.cl\/inicio\/wp-json\/wp\/v2\/tags?post=12003"}],"curies":[{"name":"wp","href":"https:\/\/api.w.org\/{rel}","templated":true}]}}