{"id":12019,"date":"2026-02-24T13:28:12","date_gmt":"2026-02-24T13:28:12","guid":{"rendered":"https:\/\/ciep.cl\/inicio\/?p=12019"},"modified":"2026-02-24T13:28:18","modified_gmt":"2026-02-24T13:28:18","slug":"proyecto-2023-2025-resiliencia-sustentabilidad-y-valorizacion-de-la-reserva-de-la-biosfera-lsr-g","status":"publish","type":"post","link":"https:\/\/ciep.cl\/inicio\/2026\/02\/24\/proyecto-2023-2025-resiliencia-sustentabilidad-y-valorizacion-de-la-reserva-de-la-biosfera-lsr-g\/","title":{"rendered":"Proyecto\/2023-2025\/Resiliencia, sustentabilidad y valorizaci\u00f3n de la Reserva de la Bi\u00f3sfera LSR-G\u00a0"},"content":{"rendered":"\n<p><strong>Resumen del Proyecto<\/strong><\/p>\n\n\n\n<p>Esta iniciativa se centr\u00f3 en fortalecer la gobernanza y la sostenibilidad de la Reserva de la Bi\u00f3sfera Laguna San Rafael, un territorio reconocido por la UNESCO desde 1979 que, a partir de 2019, integr\u00f3 activamente a las comunidades aleda\u00f1as al Parque Nacional. El trabajo fue ejecutado por un equipo multidisciplinario del departamento de turismo cient\u00edfico del Centro de Investigaci\u00f3n en Ecosistemas de la Patagonia (CIEP) y cont\u00f3 con el financiamiento del Fondo de Innovaci\u00f3n para la Competitividad (FIC) del Gobierno Regional de Ays\u00e9n.<\/p>\n\n\n\n<p>El objetivo principal fue potenciar el \u00abCapital Social\u00bb mediante apoyo cient\u00edfico y t\u00e9cnico, dise\u00f1ando modelos de trabajo colaborativo que permitieran mejorar la resiliencia de las comunidades frente al cambio clim\u00e1tico y poner en valor su patrimonio natural y cultural.<\/p>\n\n\n\n<p>Durante su ejecuci\u00f3n, se valid\u00f3 el comit\u00e9 de gesti\u00f3n de la Reserva y se avanz\u00f3 en la creaci\u00f3n de un sello de calidad territorial. Se realizaron talleres con coordinadores locales para impulsar iniciativas piloto en ciencia, educaci\u00f3n y turismo, adem\u00e1s de organizar cinco giras de transferencia tecnol\u00f3gica y tres seminarios abiertos al p\u00fablico. El proyecto logr\u00f3 impactar a emprendedores y habitantes de seis localidades pertenecientes a las comunas de Chile Chico, R\u00edo Ib\u00e1\u00f1ez, Ays\u00e9n, Cochrane y Tortel.<\/p>\n\n\n\n<p>Asimismo, la labor permiti\u00f3 relevar al menos diez iniciativas de puesta en valor del patrimonio basadas en ciencias participativas y monitoreo. Los hitos identificados proporcionaron orientaciones clave para los planes de acci\u00f3n de las autoridades regionales y el comit\u00e9 de gesti\u00f3n. Esta labor se llev\u00f3 a cabo en red con diversas organizaciones nacionales e internacionales, incluyendo entidades p\u00fablicas, ONGs, gremios de turismo y la academia.<\/p>\n\n\n\n<p><\/p>\n","protected":false},"excerpt":{"rendered":"<p>Resumen del Proyecto Esta iniciativa se centr\u00f3 en fortalecer la gobernanza y la sostenibilidad de la Reserva de la Bi\u00f3sfera Laguna San Rafael, un territorio reconocido por la UNESCO desde 1979 que, a partir de 2019, integr\u00f3 activamente a las &#8230; <\/p>\n<p class=\"read-more-container\"><a title=\"Proyecto\/2023-2025\/Resiliencia, sustentabilidad y valorizaci\u00f3n de la Reserva de la Bi\u00f3sfera LSR-G\u00a0\" class=\"read-more button\" href=\"https:\/\/ciep.cl\/inicio\/2026\/02\/24\/proyecto-2023-2025-resiliencia-sustentabilidad-y-valorizacion-de-la-reserva-de-la-biosfera-lsr-g\/#more-12019\" aria-label=\"Leer m\u00e1s sobre Proyecto\/2023-2025\/Resiliencia, sustentabilidad y valorizaci\u00f3n de la Reserva de la Bi\u00f3sfera LSR-G\u00a0\">Leer m\u00e1s<\/a><\/p>\n","protected":false},"author":3,"featured_media":0,"comment_status":"closed","ping_status":"closed","sticky":false,"template":"","format":"standard","meta":{"footnotes":""},"categories":[107,43],"tags":[80,42],"class_list":["post-12019","post","type-post","status-publish","format-standard","hentry","category-proyectos-ciep","category-turismo-sustentable-proyectos","tag-alexandra-salazar","tag-fabien-bourlon","infinite-scroll-item"],"_links":{"self":[{"href":"https:\/\/ciep.cl\/inicio\/wp-json\/wp\/v2\/posts\/12019","targetHints":{"allow":["GET"]}}],"collection":[{"href":"https:\/\/ciep.cl\/inicio\/wp-json\/wp\/v2\/posts"}],"about":[{"href":"https:\/\/ciep.cl\/inicio\/wp-json\/wp\/v2\/types\/post"}],"author":[{"embeddable":true,"href":"https:\/\/ciep.cl\/inicio\/wp-json\/wp\/v2\/users\/3"}],"replies":[{"embeddable":true,"href":"https:\/\/ciep.cl\/inicio\/wp-json\/wp\/v2\/comments?post=12019"}],"version-history":[{"count":1,"href":"https:\/\/ciep.cl\/inicio\/wp-json\/wp\/v2\/posts\/12019\/revisions"}],"predecessor-version":[{"id":12020,"href":"https:\/\/ciep.cl\/inicio\/wp-json\/wp\/v2\/posts\/12019\/revisions\/12020"}],"wp:attachment":[{"href":"https:\/\/ciep.cl\/inicio\/wp-json\/wp\/v2\/media?parent=12019"}],"wp:term":[{"taxonomy":"category","embeddable":true,"href":"https:\/\/ciep.cl\/inicio\/wp-json\/wp\/v2\/categories?post=12019"},{"taxonomy":"post_tag","embeddable":true,"href":"https:\/\/ciep.cl\/inicio\/wp-json\/wp\/v2\/tags?post=12019"}],"curies":[{"name":"wp","href":"https:\/\/api.w.org\/{rel}","templated":true}]}}