{"id":12187,"date":"2026-03-19T19:25:32","date_gmt":"2026-03-19T19:25:32","guid":{"rendered":"https:\/\/ciep.cl\/inicio\/?p=12187"},"modified":"2026-03-19T19:38:35","modified_gmt":"2026-03-19T19:38:35","slug":"coyhaique-sera-sede-del-congreso-internacional-iufro-2026-sobre-bosques-y-cambio-global","status":"publish","type":"post","link":"https:\/\/ciep.cl\/inicio\/2026\/03\/19\/coyhaique-sera-sede-del-congreso-internacional-iufro-2026-sobre-bosques-y-cambio-global\/","title":{"rendered":"Coyhaique ser\u00e1 sede del Congreso Internacional IUFRO 2026 sobre bosques y cambio global"},"content":{"rendered":"\n<p><\/p>\n\n\n\n<p><\/p>\n\n\n\n<p class=\"has-medium-font-size\"><strong>\u00b7 M\u00e1s de 280 participantes se reunir\u00e1n en la capital regional con el objetivo de promover la cooperaci\u00f3n internacional en investigaci\u00f3n forestal y fomentar una comprensi\u00f3n m\u00e1s profunda de las dimensiones ecol\u00f3gicas, econ\u00f3micas y sociales de los bosques.<\/strong><\/p>\n\n\n\n<p><\/p>\n\n\n\n<p> Durante siete d\u00edas, Coyhaique se convertir\u00e1 en el centro mundial del debate cient\u00edfico sobre el futuro de los bosques, con la <strong>Conferencia de la Divisi\u00f3n 8 \u201cForest Environment\u201d de IUFRO, titulada \u201cLos bosques como centros de biodiversidad y servicios ecosist\u00e9micos en el Antropoceno\u201d<\/strong>. El programa, que convocar\u00e1 a m\u00e1s de 280 participantes regionales, nacionales e internacionales, incluye cursos, talleres, simposios y salidas a terreno que integrar\u00e1n ciencia, gesti\u00f3n p\u00fablica y actores productivos.<\/p>\n\n\n\n<p> Organizado por IUFRO Divisi\u00f3n 8 y el Centro de Investigaci\u00f3n en Ecosistemas de la Patagonia (CIEP), con el apoyo del Gobierno Regional de Ays\u00e9n y su Consejo, el encuentro contempla un precongreso entre el <strong>21 y el 23 de marzo en la sede del campus Patagonia de la Universidad Austral de Chile, para luego continuar con las jornadas oficiales, del 24 al 27 de marzo, en el Centro Cultural de Coyhaique.<\/strong><\/p>\n\n\n\n<p> A nivel cient\u00edfico, destacan entre los conferencistas principales <strong>Jan Bannister, del Instituto Forestal de Chile<\/strong>, quien abordar\u00e1 temas relacionados con la restauraci\u00f3n ecol\u00f3gica; <strong>Ren\u00e9 Zamora Cristales, de la Oregon State University, EEUU,<\/strong> con \u00e9nfasis en recursos y planificaci\u00f3n forestal, econom\u00eda y pol\u00edticas, restauraci\u00f3n y mercados de carbono; y <strong>Maria Santos, de la Universidad de Z\u00farich, Suiza,<\/strong> quien tratar\u00e1 aspectos vinculados a sistemas socioecol\u00f3gicos, cambio global y biodiversidad, as\u00ed como herramientas de observaci\u00f3n de la Tierra, incluyendo espectroscop\u00eda y sistemas de informaci\u00f3n geogr\u00e1fica.<\/p>\n\n\n\n<p>Tambi\u00e9n expondr\u00e1 <strong>Alice C. Hughes, de la Universidad de Melbourne, Australia; y Petteri Vihervaara, del Instituto Finland\u00e9s de Medio Ambiente &#8211; SYKE, Finlandia,<\/strong> abordando temas relacionados con el monitoreo de biodiversidad, conservaci\u00f3n y restauraci\u00f3n, as\u00ed como gobernanza y ecolog\u00eda pol\u00edtica.<\/p>\n\n\n\n<p class=\"has-medium-font-size\"><strong>PRECONGRESO Y FORMACI\u00d3N ESPECIALIZADA&nbsp;<\/strong><\/p>\n\n\n\n<p><strong>\u00a0<\/strong>El Antropoceno, propuesta del qu\u00edmico suizo Paul Crutzen en el a\u00f1o 2000, que refiere a una nueva \u00e9poca geol\u00f3gica posterior al Holoceno, y que inicia a mediados de siglo pasado, se caracteriza por el impacto global significativo y duradero de las actividades humanas sobre el ecosistema terrestre, la atm\u00f3sfera y la biodiversidad.<\/p>\n\n\n\n<p>\u00a0Por ello, la relevancia que ve la organizaci\u00f3n de IUFRO Divisi\u00f3n 8 en este espacio es que permite que la ciencia de frontera aborde los desaf\u00edos globales, con cinco conferencistas magistrales confirmados, 16 simposios, 6 sesiones abiertas y una sesi\u00f3n de p\u00f3sters, adem\u00e1s de cinco cursos dictados por investigadores y docentes de primer nivel, poniendo foco en temas como; biodiversidad, suelos, din\u00e1mica del paisaje, carbono, incendios forestales, especies invasoras, restauraci\u00f3n y uso productivo de los bosques, con un \u00e9nfasis transversal en la transferencia del conocimiento hacia pol\u00edticas p\u00fablicas y pr\u00e1cticas sostenibles.<\/p>\n\n\n\n<p> Adem\u00e1s, el precongreso ofrecer\u00e1 cursos y talleres avanzados, y luego un programa con cuatro salidas a terreno en la Regi\u00f3n de Ays\u00e9n para conocer las experiencias locales, y el trabajo conjunto apoyado por instituciones, como\u00a0<strong>ANID, la U. Austral de Chile, U. de Ays\u00e9n,\u00a0Conaf, Infor, INIA Tamel Aike, Fundaci\u00f3n Reforestemos, FSC Chile (Forest Stewardship Council), Transforma Cambio Clim\u00e1tico (CORFO), CMPC (Compa\u00f1\u00eda Manufacturera de Papeles y Cartones), INRAE, TESTIS, el Centro de Investiga\u00e7\u00e3o de Montanha (CIMO) y la International Forestry Students\u2019 Association (IFSA)<\/strong>, junto a otras organizaciones productivas, de restauraci\u00f3n y manejo sostenible.<\/p>\n\n\n\n<p>Todo lo anterior en un contexto estrat\u00e9gico que fortalece el di\u00e1logo entre ciencia, gesti\u00f3n p\u00fablica y sector productivo, donde la realizaci\u00f3n del Congreso IUFRO 2026 impulsa lo cient\u00edfico y territorial, consolidando redes internacionales y abriendo oportunidades de colaboraci\u00f3n, que visibilizan las experiencias desarrolladas en la Regi\u00f3n de Ays\u00e9n; pero tambi\u00e9n impactando en la hoteler\u00eda, gastronom\u00eda y servicios locales, posicionando a Coyhaique y la Patagonia chilena en un destino cient\u00edfico y acad\u00e9mico de nivel internacional.<\/p>\n","protected":false},"excerpt":{"rendered":"<p>\u00b7 M\u00e1s de 280 participantes se reunir\u00e1n en la capital regional con el objetivo de promover la cooperaci\u00f3n internacional en investigaci\u00f3n forestal y fomentar una comprensi\u00f3n m\u00e1s profunda de las dimensiones ecol\u00f3gicas, econ\u00f3micas y sociales de los bosques. Durante siete &#8230; <\/p>\n<p class=\"read-more-container\"><a title=\"Coyhaique ser\u00e1 sede del Congreso Internacional IUFRO 2026 sobre bosques y cambio global\" class=\"read-more button\" href=\"https:\/\/ciep.cl\/inicio\/2026\/03\/19\/coyhaique-sera-sede-del-congreso-internacional-iufro-2026-sobre-bosques-y-cambio-global\/#more-12187\" aria-label=\"Leer m\u00e1s sobre Coyhaique ser\u00e1 sede del Congreso Internacional IUFRO 2026 sobre bosques y cambio global\">Leer m\u00e1s<\/a><\/p>\n","protected":false},"author":4,"featured_media":12188,"comment_status":"closed","ping_status":"closed","sticky":false,"template":"","format":"standard","meta":{"footnotes":""},"categories":[5],"tags":[269,200,268],"class_list":["post-12187","post","type-post","status-publish","format-standard","has-post-thumbnail","hentry","category-noticias","tag-bosques","tag-forestal","tag-iufro","infinite-scroll-item"],"_links":{"self":[{"href":"https:\/\/ciep.cl\/inicio\/wp-json\/wp\/v2\/posts\/12187","targetHints":{"allow":["GET"]}}],"collection":[{"href":"https:\/\/ciep.cl\/inicio\/wp-json\/wp\/v2\/posts"}],"about":[{"href":"https:\/\/ciep.cl\/inicio\/wp-json\/wp\/v2\/types\/post"}],"author":[{"embeddable":true,"href":"https:\/\/ciep.cl\/inicio\/wp-json\/wp\/v2\/users\/4"}],"replies":[{"embeddable":true,"href":"https:\/\/ciep.cl\/inicio\/wp-json\/wp\/v2\/comments?post=12187"}],"version-history":[{"count":3,"href":"https:\/\/ciep.cl\/inicio\/wp-json\/wp\/v2\/posts\/12187\/revisions"}],"predecessor-version":[{"id":12192,"href":"https:\/\/ciep.cl\/inicio\/wp-json\/wp\/v2\/posts\/12187\/revisions\/12192"}],"wp:featuredmedia":[{"embeddable":true,"href":"https:\/\/ciep.cl\/inicio\/wp-json\/wp\/v2\/media\/12188"}],"wp:attachment":[{"href":"https:\/\/ciep.cl\/inicio\/wp-json\/wp\/v2\/media?parent=12187"}],"wp:term":[{"taxonomy":"category","embeddable":true,"href":"https:\/\/ciep.cl\/inicio\/wp-json\/wp\/v2\/categories?post=12187"},{"taxonomy":"post_tag","embeddable":true,"href":"https:\/\/ciep.cl\/inicio\/wp-json\/wp\/v2\/tags?post=12187"}],"curies":[{"name":"wp","href":"https:\/\/api.w.org\/{rel}","templated":true}]}}