{"id":12208,"date":"2026-03-27T13:41:17","date_gmt":"2026-03-27T13:41:17","guid":{"rendered":"https:\/\/ciep.cl\/inicio\/?p=12208"},"modified":"2026-03-27T14:07:12","modified_gmt":"2026-03-27T14:07:12","slug":"coyhaique-concentra-encuentro-internacional-sobre-bosques-con-mas-cerca-de-300-participantes","status":"publish","type":"post","link":"https:\/\/ciep.cl\/inicio\/2026\/03\/27\/coyhaique-concentra-encuentro-internacional-sobre-bosques-con-mas-cerca-de-300-participantes\/","title":{"rendered":"Coyhaique concentra encuentro internacional sobre bosques con m\u00e1s cerca de 300 participantes"},"content":{"rendered":"\n<p>Investigadores, docentes y profesionales del \u00e1mbito forestal se encuentran participando en Conferencia de la Divisi\u00f3n 8 \u201cForest Environment\u201d de IUFRO, encuentro que posiciona a Coyhaique como epicentro del debate cient\u00edfico internacional sobre biodiversidad, servicios ecosist\u00e9micos y el futuro de los bosques en el contexto del Antropoceno.<\/p>\n\n\n\n<p>Durante siete d\u00edas, la capital regional se convierte en el centro mundial de la investigaci\u00f3n forestal con el evento titulado \u201cLos bosques como centros de biodiversidad y servicios ecosist\u00e9micos en el Antropoceno\u201d, organizado por la Divisi\u00f3n 8 de la International Union of Forest Research Organizations junto al Centro de Investigaci\u00f3n en Ecosistemas de la Patagonia (CIEP), con el apoyo del Gobierno Regional de Ays\u00e9n y su Consejo.<\/p>\n\n\n\n<p>El programa incluy\u00f3 un precongreso desarrollado entre el 21 y el 23 de marzo en el campus Patagonia de la Universidad Austral de Chile, para continuar con las jornadas oficiales entre el 24 y el 27 de marzo en el Centro Cultural de Coyhaique. La agenda contempla cursos, talleres, simposios y salidas a terreno que integran ciencia, gesti\u00f3n p\u00fablica y actores productivos.<\/p>\n\n\n\n<p>La directora ejecutiva del CIEP, Andrea Foessel, destac\u00f3 la relevancia de este encuentro y el esfuerzo colectivo que implic\u00f3 su organizaci\u00f3n.<\/p>\n\n\n\n<p>\u201cEste es un congreso que re\u00fane aproximadamente a 300 cient\u00edficos y docentes, muchos de ellos provenientes de otros pa\u00edses. Requiri\u00f3 mucho trabajo y la colaboraci\u00f3n del Gobierno Regional, la Universidad Austral de Chile, la Universidad de Ays\u00e9n, CONAF, Instituto Forestal, INIA Tamel Aike, Fundaci\u00f3n Reforestemos, FSC, CMPC, INRAE, CIMO, CORFO Transforma Cambio Clim\u00e1tico; IFSA y Telsur. Es un gran desaf\u00edo, porque ver a cerca de 300 personas haciendo ciencia en Coyhaique es algo que no hab\u00edamos visto antes\u201d, se\u00f1al\u00f3.<\/p>\n\n\n\n<p>Desde el Gobierno Regional, el gobernador subrogante N\u00e9stor Mera enfatiz\u00f3 el impacto internacional del evento y su aporte al posicionamiento del territorio. \u201cLa magnitud de este evento es internacional. Tenemos participantes de m\u00e1s de 30 pa\u00edses presentes en la regi\u00f3n, quienes han desarrollado jornadas previas de trabajo y hoy inician un proceso investigativo vinculado a los bosques de Ays\u00e9n. Esto nos pone en un contexto global, que es parte de lo que hemos buscado como Gobierno Regional: abrir la Regi\u00f3n de Ays\u00e9n al mundo\u201d, indic\u00f3.<\/p>\n\n\n\n<p>Por su parte, la presidenta del directorio del CIEP y directora de INIA Tamel Aike, Camila Reyes, destac\u00f3 el valor de la vinculaci\u00f3n cient\u00edfica que promueve el encuentro. \u201cHoy buscamos abrir las puertas para generar mayor vinculaci\u00f3n entre distintos actores y conocer qu\u00e9 est\u00e1 pasando en el resto del mundo con los bosques y sus ecosistemas. Estamos muy contentos de recibir a cient\u00edficos de renombre nacional e internacional, que tambi\u00e9n podr\u00e1n conocer la realidad regional y ayudarnos a generar informaci\u00f3n valiosa, nuevas ideas y proyectos para seguir desarrollando la regi\u00f3n desde la base cient\u00edfica\u201d, afirm\u00f3.<\/p>\n\n\n\n<figure class=\"wp-block-gallery has-nested-images columns-default is-cropped wp-block-gallery-1 is-layout-flex wp-block-gallery-is-layout-flex\">\n<figure class=\"wp-block-image size-large\"><img fetchpriority=\"high\" decoding=\"async\" width=\"5335\" height=\"3557\" data-id=\"12227\" src=\"https:\/\/ciep.cl\/inicio\/wp-content\/uploads\/2026\/03\/5-IUFRO-1.jpg\" alt=\"\" class=\"wp-image-12227\"\/><\/figure>\n\n\n\n<figure class=\"wp-block-image size-large\"><img decoding=\"async\" width=\"5041\" height=\"3361\" data-id=\"12226\" src=\"https:\/\/ciep.cl\/inicio\/wp-content\/uploads\/2026\/03\/3-IUFRO-8.jpg\" alt=\"\" class=\"wp-image-12226\"\/><\/figure>\n\n\n\n<figure class=\"wp-block-image size-large\"><img decoding=\"async\" width=\"4467\" height=\"2978\" data-id=\"12222\" src=\"https:\/\/ciep.cl\/inicio\/wp-content\/uploads\/2026\/03\/5-IUFRO-43-1.jpg\" alt=\"\" class=\"wp-image-12222\"\/><\/figure>\n<\/figure>\n\n\n\n<p>A nivel cient\u00edfico, el encuentro contempla cinco conferencias magistrales, 16 simposios, seis sesiones abiertas y una sesi\u00f3n de p\u00f3sters, adem\u00e1s de cinco cursos especializados enfocados en biodiversidad, suelos, carbono, incendios forestales, especies invasoras y restauraci\u00f3n productiva. <\/p>\n\n\n\n<p>Entre los expositores principales destacan Jan Bannister del Instituto Forestal; Ren\u00e9 Zamora Cristales de la Oregon State University; y Maria Santos de la Universidad de Z\u00farich, junto a otros especialistas internacionales en monitoreo de biodiversidad, restauraci\u00f3n y gobernanza ambiental.<\/p>\n\n\n\n<p>La conferencia tambi\u00e9n contempla cuatro salidas a terreno en la Regi\u00f3n de Ays\u00e9n y la participaci\u00f3n de diversas instituciones cient\u00edficas y productivas, fortaleciendo el di\u00e1logo entre ciencia, sector p\u00fablico y actores territoriales.<\/p>\n\n\n\n<figure class=\"wp-block-gallery has-nested-images columns-default is-cropped wp-block-gallery-2 is-layout-flex wp-block-gallery-is-layout-flex\">\n<figure class=\"wp-block-image size-large\"><img loading=\"lazy\" decoding=\"async\" width=\"3686\" height=\"2765\" data-id=\"12231\" src=\"https:\/\/ciep.cl\/inicio\/wp-content\/uploads\/2026\/03\/DJI_0148.jpg\" alt=\"\" class=\"wp-image-12231\"\/><\/figure>\n\n\n\n<figure class=\"wp-block-image size-large\"><img loading=\"lazy\" decoding=\"async\" width=\"3686\" height=\"2765\" data-id=\"12233\" src=\"https:\/\/ciep.cl\/inicio\/wp-content\/uploads\/2026\/03\/DJI_0197.jpg\" alt=\"\" class=\"wp-image-12233\"\/><\/figure>\n\n\n\n<figure class=\"wp-block-image size-full\"><img loading=\"lazy\" decoding=\"async\" width=\"3686\" height=\"2765\" data-id=\"12234\" src=\"https:\/\/ciep.cl\/inicio\/wp-content\/uploads\/2026\/03\/DJI_0245.jpg\" alt=\"\" class=\"wp-image-12234\"\/><\/figure>\n<\/figure>\n\n\n\n<p>Esta importante organizaci\u00f3n se ha llevado a cabo gracias a un gran trabajo por parte de los investigadores CIEP Dr. Alejandro Huertas y Dra. M\u00f3nica Toro, junto a la profesional Tatiana Olivos, otros miembros de CIEP y de la Divisi\u00f3n 8 del IUFRO. Adem\u00e1s del impacto cient\u00edfico, la realizaci\u00f3n del encuentro posiciona a Coyhaique y la Patagonia chilena como un destino acad\u00e9mico internacional, generando movimiento en hoteler\u00eda, gastronom\u00eda y servicios locales, y consolidando redes de colaboraci\u00f3n que proyectan nuevas oportunidades para el desarrollo regional.<\/p>\n\n\n\n<figure class=\"wp-block-gallery has-nested-images columns-default is-cropped wp-block-gallery-3 is-layout-flex wp-block-gallery-is-layout-flex\">\n<figure class=\"wp-block-image size-large\"><img loading=\"lazy\" decoding=\"async\" width=\"5194\" height=\"3463\" data-id=\"12225\" src=\"https:\/\/ciep.cl\/inicio\/wp-content\/uploads\/2026\/03\/3-IUFRO-23.jpg\" alt=\"\" class=\"wp-image-12225\"\/><\/figure>\n\n\n\n<figure class=\"wp-block-image size-large\"><img loading=\"lazy\" decoding=\"async\" width=\"4881\" height=\"3254\" data-id=\"12215\" src=\"https:\/\/ciep.cl\/inicio\/wp-content\/uploads\/2026\/03\/5-IUFRO-97.jpg\" alt=\"\" class=\"wp-image-12215\"\/><\/figure>\n\n\n\n<figure class=\"wp-block-image size-large\"><img loading=\"lazy\" decoding=\"async\" width=\"4947\" height=\"3298\" data-id=\"12214\" src=\"https:\/\/ciep.cl\/inicio\/wp-content\/uploads\/2026\/03\/5-IUFRO-75.jpg\" alt=\"\" class=\"wp-image-12214\"\/><\/figure>\n\n\n\n<figure class=\"wp-block-image size-large\"><img loading=\"lazy\" decoding=\"async\" width=\"5210\" height=\"3473\" data-id=\"12213\" src=\"https:\/\/ciep.cl\/inicio\/wp-content\/uploads\/2026\/03\/5-IUFRO-64.jpg\" alt=\"\" class=\"wp-image-12213\"\/><\/figure>\n\n\n\n<figure class=\"wp-block-image size-large\"><img loading=\"lazy\" decoding=\"async\" width=\"5361\" height=\"3574\" data-id=\"12211\" src=\"https:\/\/ciep.cl\/inicio\/wp-content\/uploads\/2026\/03\/4-IUFRO-44.jpg\" alt=\"\" class=\"wp-image-12211\"\/><\/figure>\n\n\n\n<figure class=\"wp-block-image size-large\"><img loading=\"lazy\" decoding=\"async\" width=\"5247\" height=\"3498\" data-id=\"12210\" src=\"https:\/\/ciep.cl\/inicio\/wp-content\/uploads\/2026\/03\/5-IUFRO-88.jpg\" alt=\"\" class=\"wp-image-12210\"\/><\/figure>\n\n\n<\/figure>\n","protected":false},"excerpt":{"rendered":"<p>Investigadores, docentes y profesionales del \u00e1mbito forestal se encuentran participando en Conferencia de la Divisi\u00f3n 8 \u201cForest Environment\u201d de IUFRO, encuentro que posiciona a Coyhaique como epicentro del debate cient\u00edfico internacional sobre biodiversidad, servicios ecosist\u00e9micos y el futuro de los &#8230; <\/p>\n<p class=\"read-more-container\"><a title=\"Coyhaique concentra encuentro internacional sobre bosques con m\u00e1s cerca de 300 participantes\" class=\"read-more button\" href=\"https:\/\/ciep.cl\/inicio\/2026\/03\/27\/coyhaique-concentra-encuentro-internacional-sobre-bosques-con-mas-cerca-de-300-participantes\/#more-12208\" aria-label=\"Leer m\u00e1s sobre Coyhaique concentra encuentro internacional sobre bosques con m\u00e1s cerca de 300 participantes\">Leer m\u00e1s<\/a><\/p>\n","protected":false},"author":3,"featured_media":12212,"comment_status":"closed","ping_status":"closed","sticky":false,"template":"","format":"standard","meta":{"footnotes":""},"categories":[5,38,1],"tags":[37,177,157,88],"class_list":["post-12208","post","type-post","status-publish","format-standard","has-post-thumbnail","hentry","category-noticias","category-ecosistemas-terrestres","category-sin-categoria","tag-alejandro-huertas","tag-andrea-foessel","tag-ciep","tag-monica-toro","infinite-scroll-item"],"_links":{"self":[{"href":"https:\/\/ciep.cl\/inicio\/wp-json\/wp\/v2\/posts\/12208","targetHints":{"allow":["GET"]}}],"collection":[{"href":"https:\/\/ciep.cl\/inicio\/wp-json\/wp\/v2\/posts"}],"about":[{"href":"https:\/\/ciep.cl\/inicio\/wp-json\/wp\/v2\/types\/post"}],"author":[{"embeddable":true,"href":"https:\/\/ciep.cl\/inicio\/wp-json\/wp\/v2\/users\/3"}],"replies":[{"embeddable":true,"href":"https:\/\/ciep.cl\/inicio\/wp-json\/wp\/v2\/comments?post=12208"}],"version-history":[{"count":2,"href":"https:\/\/ciep.cl\/inicio\/wp-json\/wp\/v2\/posts\/12208\/revisions"}],"predecessor-version":[{"id":12235,"href":"https:\/\/ciep.cl\/inicio\/wp-json\/wp\/v2\/posts\/12208\/revisions\/12235"}],"wp:featuredmedia":[{"embeddable":true,"href":"https:\/\/ciep.cl\/inicio\/wp-json\/wp\/v2\/media\/12212"}],"wp:attachment":[{"href":"https:\/\/ciep.cl\/inicio\/wp-json\/wp\/v2\/media?parent=12208"}],"wp:term":[{"taxonomy":"category","embeddable":true,"href":"https:\/\/ciep.cl\/inicio\/wp-json\/wp\/v2\/categories?post=12208"},{"taxonomy":"post_tag","embeddable":true,"href":"https:\/\/ciep.cl\/inicio\/wp-json\/wp\/v2\/tags?post=12208"}],"curies":[{"name":"wp","href":"https:\/\/api.w.org\/{rel}","templated":true}]}}