{"id":12321,"date":"2026-04-30T11:35:00","date_gmt":"2026-04-30T11:35:00","guid":{"rendered":"https:\/\/ciep.cl\/inicio\/?p=12321"},"modified":"2026-04-30T11:05:30","modified_gmt":"2026-04-30T11:05:30","slug":"ciep-desplego-ciencia-en-el-territorio-en-puerto-ibanez","status":"publish","type":"post","link":"https:\/\/ciep.cl\/inicio\/2026\/04\/30\/ciep-desplego-ciencia-en-el-territorio-en-puerto-ibanez\/","title":{"rendered":"CIEP despleg\u00f3 \u201cCiencia en el Territorio\u201d en Puerto Ib\u00e1\u00f1ez"},"content":{"rendered":"\n<p><\/p>\n\n\n\n<p>           M\u00e1s de un centenar de asistentes tuvo la tercera versi\u00f3n de <strong>\u201cCiencia en el Territorio\u201d,<\/strong> feria cient\u00edfica que en esta oportunidad se realiz\u00f3 en <strong>Puerto Ingeniero Ib\u00e1\u00f1ez,<\/strong> organizada a trav\u00e9s de la <strong>Subdirecci\u00f3n de Vinculaci\u00f3n y Transferencia de CIEP, <\/strong>y que se despleg\u00f3 el pasado mi\u00e9rcoles en el Centro de Capacitaci\u00f3n de la comuna, ubicado frente a la Plaza de Armas.<\/p>\n\n\n\n<p>\u00a0\u00a0\u00a0\u00a0\u00a0\u00a0\u00a0\u00a0\u00a0\u00a0\u00a0\u00a0La jornada, que comenz\u00f3 a las 11:00 horas con un acto de inauguraci\u00f3n con la participaci\u00f3n del <strong>cantautor regional Jorge Contreras,<\/strong> se extendi\u00f3 hasta las 17:30 horas, con la presentaci\u00f3n de 15 stands, en los cuales investigadoras e investigadores del CIEP, compartieron con el p\u00fablico sus hallazgos en la comprensi\u00f3n y desarrollo sostenible de los ecosistemas patag\u00f3nicos. Adem\u00e1s, participaron estudiantes de la <strong>Escuela Aonikenk <\/strong>y del <strong>Liceo Bicentenario Cerro Castillo<\/strong>, presentando sus respectivos proyectos de ciencia, junto a <strong>Conaf,<\/strong> y varias muestras del trabajo artesanal y de identidad cultural del <strong>Comit\u00e9 de Recolectoras \u201cLas Collallas\u201d.<\/strong><\/p>\n\n\n\n<p class=\"has-medium-font-size\"><strong>CONECTANDO CON EL TERRITORIO&nbsp;&nbsp;&nbsp;<\/strong><\/p>\n\n\n\n<p>\u00a0\u00a0\u00a0\u00a0\u00a0\u00a0\u00a0\u00a0\u00a0\u00a0\u00a0\u00a0El programa -que cont\u00f3 con la colaboraci\u00f3n de la <strong>Ilustre Municipalidad de R\u00edo Ib\u00e1\u00f1ez<\/strong>&#8211; incluy\u00f3 charlas y experiencias pr\u00e1cticas orientadas a fortalecer el quehacer cient\u00edfico del CIEP en comunidades fuera de la capital regional, relevando la pertinencia territorial de la ciencia y fortaleciendo los v\u00ednculos entre la academia, los establecimientos educacionales y las organizaciones locales.<\/p>\n\n\n\n<p>             Desde CIEP, su <strong>directora ejecutiva, Andrea Foessel, <\/strong>relev\u00f3 el valor del intercambio de conocimientos que propicia esta actividad en directa comunicaci\u00f3n con los territorios.<br>\u00a0\u00a0\u00a0\u00a0\u00a0\u00a0\u00a0\u00a0\u00a0\u00a0\u00a0\u00a0\u201cEsta instancia nos permite desplegarnos, compartir la ciencia y tambi\u00e9n recoger saberes locales. Es un intercambio muy valioso que fortalece tanto la investigaci\u00f3n como su pertinencia\u201d, coment\u00f3.<\/p>\n\n\n\n<p><\/p>\n\n\n\n<p><\/p>\n\n\n\n<p>              En la misma l\u00ednea, representantes de la comunidad destacaron el reconocimiento de sus propios saberes, como <strong>Mar\u00eda Castillo, presidenta del Comit\u00e9 de Recolectoras \u201cLas Collallas\u201d,<\/strong> quien afirm\u00f3 que \u201cnosotras tambi\u00e9n somos investigadoras desde nuestra experiencia. Trabajamos con elementos de la naturaleza y generamos conocimiento, y esta instancia nos hace sentir parte de la ciencia, por eso me siento muy orgullosa de recibir ac\u00e1 a los alumnos y a todos los cient\u00edficos de CIEP\u201d.<\/p>\n\n\n\n<p>               Desde el \u00e1mbito educativo,<strong> Carolina Pabst, jefa UTP de la Escuela Aonikenk,<\/strong> subray\u00f3 el impacto en los estudiantes que participaron con su proyecto de ciencia en el Centro de Capacitaci\u00f3n de la comuna.<\/p>\n\n\n\n<p>                \u201cEs una oportunidad \u00fanica para que los estudiantes presenten sus hallazgos y se reconozcan como agentes activos en la construcci\u00f3n de conocimiento sobre su propio territorio\u201d, destac\u00f3.<\/p>\n\n\n\n<p>\u00a0\u00a0\u00a0\u00a0\u00a0\u00a0\u00a0\u00a0\u00a0\u00a0\u00a0\u00a0\u201cCiencia en el Territorio\u201d se ha consolidado como una iniciativa clave de divulgaci\u00f3n cient\u00edfica, pensada para todas las edades y orientada a promover el conocimiento, el di\u00e1logo y la valoraci\u00f3n del territorio patag\u00f3nico, por lo que en esta versi\u00f3n en R\u00edo Ib\u00e1\u00f1ez sum\u00f3 la <strong>obra de teatro \u201cLa Gotita de Agua que llega a la Tierra\u201d<\/strong>, realizada en el sal\u00f3n de actos de la Escuela Aonikenk.<\/p>\n\n\n\n<p>\u00a0\u00a0\u00a0\u00a0\u00a0\u00a0\u00a0\u00a0\u00a0\u00a0\u00a0\u00a0Durante 2025, y en el contexto de los 20 a\u00f1os de trayectoria del CIEP,\u00a0\u00a0\u201cCiencia en el Territorio\u201d lleg\u00f3 a las comunas de Cisnes y Cochrane con\u00a0participaci\u00f3n activa de la comunidad educativa y las organizaciones sociales.<\/p>\n\n\n\n<figure class=\"wp-block-gallery has-nested-images columns-default is-cropped wp-block-gallery-1 is-layout-flex wp-block-gallery-is-layout-flex\">\n<figure class=\"wp-block-image size-large\"><img fetchpriority=\"high\" decoding=\"async\" width=\"1900\" height=\"1918\" data-id=\"12324\" src=\"https:\/\/ciep.cl\/inicio\/wp-content\/uploads\/2026\/04\/CET-IBANEZ-2.jpeg\" alt=\"\" class=\"wp-image-12324\"\/><\/figure>\n\n\n\n<figure class=\"wp-block-image size-large\"><img decoding=\"async\" width=\"1900\" height=\"1425\" data-id=\"12329\" src=\"https:\/\/ciep.cl\/inicio\/wp-content\/uploads\/2026\/04\/CET-IBANEZ-7.jpeg\" alt=\"\" class=\"wp-image-12329\"\/><\/figure>\n\n\n\n<figure class=\"wp-block-image size-large\"><img decoding=\"async\" width=\"1900\" height=\"1425\" data-id=\"12325\" src=\"https:\/\/ciep.cl\/inicio\/wp-content\/uploads\/2026\/04\/CET-IBANEZ-3.jpeg\" alt=\"\" class=\"wp-image-12325\"\/><\/figure>\n\n\n\n<figure class=\"wp-block-image size-large\"><img loading=\"lazy\" decoding=\"async\" width=\"1900\" height=\"1425\" data-id=\"12327\" src=\"https:\/\/ciep.cl\/inicio\/wp-content\/uploads\/2026\/04\/CET-IBANEZ-5.jpeg\" alt=\"\" class=\"wp-image-12327\"\/><\/figure>\n\n\n\n<figure class=\"wp-block-image size-large\"><img loading=\"lazy\" decoding=\"async\" width=\"1900\" height=\"1425\" data-id=\"12330\" src=\"https:\/\/ciep.cl\/inicio\/wp-content\/uploads\/2026\/04\/CET-IBANEZ-8.jpeg\" alt=\"\" class=\"wp-image-12330\"\/><\/figure>\n\n\n\n<figure class=\"wp-block-image size-large\"><img loading=\"lazy\" decoding=\"async\" width=\"1891\" height=\"1899\" data-id=\"12328\" src=\"https:\/\/ciep.cl\/inicio\/wp-content\/uploads\/2026\/04\/CET-IBANEZ-6.jpeg\" alt=\"\" class=\"wp-image-12328\"\/><\/figure>\n\n\n\n<figure class=\"wp-block-image size-large\"><img loading=\"lazy\" decoding=\"async\" width=\"1900\" height=\"1928\" data-id=\"12326\" src=\"https:\/\/ciep.cl\/inicio\/wp-content\/uploads\/2026\/04\/CET-IBANEZ-4.jpeg\" alt=\"\" class=\"wp-image-12326\"\/><\/figure>\n\n\n\n<figure class=\"wp-block-image size-large\"><img loading=\"lazy\" decoding=\"async\" width=\"1900\" height=\"1425\" data-id=\"12332\" src=\"https:\/\/ciep.cl\/inicio\/wp-content\/uploads\/2026\/04\/CET-IBANEZ-10.jpeg\" alt=\"\" class=\"wp-image-12332\"\/><\/figure>\n\n\n\n<figure class=\"wp-block-image size-large\"><img loading=\"lazy\" decoding=\"async\" width=\"1900\" height=\"1425\" data-id=\"12331\" src=\"https:\/\/ciep.cl\/inicio\/wp-content\/uploads\/2026\/04\/CET-IBANEZ-9.jpeg\" alt=\"\" class=\"wp-image-12331\"\/><\/figure>\n\n\n\n<figure class=\"wp-block-image size-large\"><img loading=\"lazy\" decoding=\"async\" width=\"1900\" height=\"1425\" data-id=\"12333\" src=\"https:\/\/ciep.cl\/inicio\/wp-content\/uploads\/2026\/04\/CET-IBANEZ-11.jpeg\" alt=\"\" class=\"wp-image-12333\"\/><\/figure>\n<\/figure>\n","protected":false},"excerpt":{"rendered":"<p>M\u00e1s de un centenar de asistentes tuvo la tercera versi\u00f3n de \u201cCiencia en el Territorio\u201d, feria cient\u00edfica que en esta oportunidad se realiz\u00f3 en Puerto Ingeniero Ib\u00e1\u00f1ez, organizada a trav\u00e9s de la Subdirecci\u00f3n de Vinculaci\u00f3n y Transferencia de CIEP, y &#8230; <\/p>\n<p class=\"read-more-container\"><a title=\"CIEP despleg\u00f3 \u201cCiencia en el Territorio\u201d en Puerto Ib\u00e1\u00f1ez\" class=\"read-more button\" href=\"https:\/\/ciep.cl\/inicio\/2026\/04\/30\/ciep-desplego-ciencia-en-el-territorio-en-puerto-ibanez\/#more-12321\" aria-label=\"Leer m\u00e1s sobre CIEP despleg\u00f3 \u201cCiencia en el Territorio\u201d en Puerto Ib\u00e1\u00f1ez\">Leer m\u00e1s<\/a><\/p>\n","protected":false},"author":4,"featured_media":12322,"comment_status":"closed","ping_status":"closed","sticky":false,"template":"","format":"standard","meta":{"footnotes":""},"categories":[5],"tags":[188,283],"class_list":["post-12321","post","type-post","status-publish","format-standard","has-post-thumbnail","hentry","category-noticias","tag-ciencia-en-el-territorio","tag-ibanez","infinite-scroll-item"],"_links":{"self":[{"href":"https:\/\/ciep.cl\/inicio\/wp-json\/wp\/v2\/posts\/12321","targetHints":{"allow":["GET"]}}],"collection":[{"href":"https:\/\/ciep.cl\/inicio\/wp-json\/wp\/v2\/posts"}],"about":[{"href":"https:\/\/ciep.cl\/inicio\/wp-json\/wp\/v2\/types\/post"}],"author":[{"embeddable":true,"href":"https:\/\/ciep.cl\/inicio\/wp-json\/wp\/v2\/users\/4"}],"replies":[{"embeddable":true,"href":"https:\/\/ciep.cl\/inicio\/wp-json\/wp\/v2\/comments?post=12321"}],"version-history":[{"count":1,"href":"https:\/\/ciep.cl\/inicio\/wp-json\/wp\/v2\/posts\/12321\/revisions"}],"predecessor-version":[{"id":12334,"href":"https:\/\/ciep.cl\/inicio\/wp-json\/wp\/v2\/posts\/12321\/revisions\/12334"}],"wp:featuredmedia":[{"embeddable":true,"href":"https:\/\/ciep.cl\/inicio\/wp-json\/wp\/v2\/media\/12322"}],"wp:attachment":[{"href":"https:\/\/ciep.cl\/inicio\/wp-json\/wp\/v2\/media?parent=12321"}],"wp:term":[{"taxonomy":"category","embeddable":true,"href":"https:\/\/ciep.cl\/inicio\/wp-json\/wp\/v2\/categories?post=12321"},{"taxonomy":"post_tag","embeddable":true,"href":"https:\/\/ciep.cl\/inicio\/wp-json\/wp\/v2\/tags?post=12321"}],"curies":[{"name":"wp","href":"https:\/\/api.w.org\/{rel}","templated":true}]}}