{"id":1572,"date":"2021-01-21T16:18:00","date_gmt":"2021-01-21T19:18:00","guid":{"rendered":"http:\/\/www.ciep.cl\/soledad\/?p=1572"},"modified":"2021-01-21T16:18:00","modified_gmt":"2021-01-21T19:18:00","slug":"brian-reid-y-el-panel-chile-en-los-ojos-del-mundo-el-agua-en-el-sur-de-chile-es-un-referente-mundial-hay-agua-que-no-usamos-eso-tiene-un-gran-valor","status":"publish","type":"post","link":"https:\/\/ciep.cl\/inicio\/2021\/01\/21\/brian-reid-y-el-panel-chile-en-los-ojos-del-mundo-el-agua-en-el-sur-de-chile-es-un-referente-mundial-hay-agua-que-no-usamos-eso-tiene-un-gran-valor\/","title":{"rendered":"Brian Reid y el panel \u2018Chile en los ojos del mundo\u2019: \u201cEl agua en el sur de Chile es un referente mundial. Hay agua que no usamos, eso tiene un gran valor\u201d"},"content":{"rendered":"\n<p>El experto busca reflexionar sobre el potencial y los desaf\u00edos que implica vivir en un pa\u00eds con una prometedora fuente de material energ\u00e9tica, recursos naturales con valor agregado y conocimiento cient\u00edfico.<\/p>\n\n\n\n<p><strong>Entrevista al Dr. Brian Reid en Radio Duna:<\/strong>&nbsp;bi\u00f3logo de la Universidad Cornell, doctor en Ecolog\u00eda de la Universidad de Montana e investigador Residente del Centro de Investigaci\u00f3n en Ecosistemas de la Patagonia (CIEP), coment\u00f3 el panel en el que particip\u00f3 dentro del Congreso Futuro llamado \u201cChile en los ojos del mundo\u201d, donde abarc\u00f3 el valor agregado de los recursos naturales y qu\u00e9 se debe hacer para aprovechar las condiciones que ofrece Chile.<br \/><br \/>\u201cEl agua en el sur de Chile es un referente mundial. Hay agua que no usamos, eso tiene un gran valor\u201d, el investigador busc\u00f3 reflexionar sobre el potencial y los desaf\u00edos que implica vivir en un pa\u00eds con una prometedora fuente de material energ\u00e9tica, recursos naturales con valor agregado y conocimiento cient\u00edfico.<\/p>\n\n\n\n<p>El experto busca reflexionar sobre el potencial y los desaf\u00edos que implica vivir en un pa\u00eds con una prometedora fuente de material energ\u00e9tica, recursos naturales con valor agregado y conocimiento cient\u00edfico.<\/p>\n\n\n\n<p>Se puede escuchar la entrevista entera en: <a href=\"https:\/\/www.duna.cl\/programa\/aire-fresco\/2021\/01\/20\/brian-reid-y-el-panel-chile-en-los-ojos-del-mundo-el-agua-en-el-sur-de-chile-es-un-referente-mundial-hay-agua-que-no-usamos-eso-tiene-un-gran-valor\" target=\"_blank\" rel=\"noreferrer noopener\">https:\/\/www.duna.cl\/&#8230;\/brian-reid-y-el-panel-chile-en&#8230;\/<\/a><\/p>\n","protected":false},"excerpt":{"rendered":"<p>El experto busca reflexionar sobre el potencial y los desaf\u00edos que implica vivir en un pa\u00eds con una prometedora fuente de material energ\u00e9tica, recursos naturales con valor agregado y conocimiento cient\u00edfico. Entrevista al Dr. Brian Reid en Radio Duna:&nbsp;bi\u00f3logo de &#8230; <\/p>\n<p class=\"read-more-container\"><a title=\"Brian Reid y el panel \u2018Chile en los ojos del mundo\u2019: \u201cEl agua en el sur de Chile es un referente mundial. Hay agua que no usamos, eso tiene un gran valor\u201d\" class=\"read-more button\" href=\"https:\/\/ciep.cl\/inicio\/2021\/01\/21\/brian-reid-y-el-panel-chile-en-los-ojos-del-mundo-el-agua-en-el-sur-de-chile-es-un-referente-mundial-hay-agua-que-no-usamos-eso-tiene-un-gran-valor\/#more-1572\" aria-label=\"Leer m\u00e1s sobre Brian Reid y el panel \u2018Chile en los ojos del mundo\u2019: \u201cEl agua en el sur de Chile es un referente mundial. Hay agua que no usamos, eso tiene un gran valor\u201d\">Leer m\u00e1s<\/a><\/p>\n","protected":false},"author":3,"featured_media":1573,"comment_status":"open","ping_status":"open","sticky":false,"template":"","format":"standard","meta":{"footnotes":""},"categories":[35],"tags":[],"class_list":["post-1572","post","type-post","status-publish","format-standard","has-post-thumbnail","hentry","category-ecosistemas-acuaticos","infinite-scroll-item"],"_links":{"self":[{"href":"https:\/\/ciep.cl\/inicio\/wp-json\/wp\/v2\/posts\/1572","targetHints":{"allow":["GET"]}}],"collection":[{"href":"https:\/\/ciep.cl\/inicio\/wp-json\/wp\/v2\/posts"}],"about":[{"href":"https:\/\/ciep.cl\/inicio\/wp-json\/wp\/v2\/types\/post"}],"author":[{"embeddable":true,"href":"https:\/\/ciep.cl\/inicio\/wp-json\/wp\/v2\/users\/3"}],"replies":[{"embeddable":true,"href":"https:\/\/ciep.cl\/inicio\/wp-json\/wp\/v2\/comments?post=1572"}],"version-history":[{"count":0,"href":"https:\/\/ciep.cl\/inicio\/wp-json\/wp\/v2\/posts\/1572\/revisions"}],"wp:featuredmedia":[{"embeddable":true,"href":"https:\/\/ciep.cl\/inicio\/wp-json\/"}],"wp:attachment":[{"href":"https:\/\/ciep.cl\/inicio\/wp-json\/wp\/v2\/media?parent=1572"}],"wp:term":[{"taxonomy":"category","embeddable":true,"href":"https:\/\/ciep.cl\/inicio\/wp-json\/wp\/v2\/categories?post=1572"},{"taxonomy":"post_tag","embeddable":true,"href":"https:\/\/ciep.cl\/inicio\/wp-json\/wp\/v2\/tags?post=1572"}],"curies":[{"name":"wp","href":"https:\/\/api.w.org\/{rel}","templated":true}]}}