{"id":1577,"date":"2021-01-14T16:50:00","date_gmt":"2021-01-14T19:50:00","guid":{"rendered":"http:\/\/www.ciep.cl\/soledad\/?p=1577"},"modified":"2021-01-14T16:50:00","modified_gmt":"2021-01-14T19:50:00","slug":"congreso-futuro-aysen-2021-habitar-la-incertidumbre","status":"publish","type":"post","link":"https:\/\/ciep.cl\/inicio\/2021\/01\/14\/congreso-futuro-aysen-2021-habitar-la-incertidumbre\/","title":{"rendered":"Congreso Futuro Ays\u00e9n 2021: Habitar la incertidumbre"},"content":{"rendered":"\n<p>Entre el 18 y 21 de enero se llevar\u00e1 a cabo la d\u00e9cima versi\u00f3n de Congreso Futuro. En esta ocasi\u00f3n se presentar\u00e1n 80 expositores nacionales e internacionales, de los que destacan 4 ganadores del Premio Nobel. Adem\u00e1s, se realizar\u00e1n actividades en distintas regiones del pa\u00eds y Ays\u00e9n no ser\u00e1 la excepci\u00f3n, dando vida al evento de ciencia, conocimiento e innovaci\u00f3n m\u00e1s grande de Am\u00e9rica Latina, y por supuesto, todo de manera digital.<\/p>\n\n\n\n<!--more-->\n\n\n\n<p><em>Entre el 18 y 21 de enero se llevar\u00e1 a cabo la d\u00e9cima versi\u00f3n de Congreso Futuro. En esta ocasi\u00f3n se presentar\u00e1n 80 expositores nacionales e internacionales, de los que destacan 4 ganadores del Premio Nobel. Adem\u00e1s, se realizar\u00e1n actividades en distintas regiones del pa\u00eds y Ays\u00e9n no ser\u00e1 la excepci\u00f3n, dando vida al evento de ciencia, conocimiento e innovaci\u00f3n m\u00e1s grande de Am\u00e9rica Latina, y por supuesto, todo de manera digital.<\/em><\/p>\n\n\n\n<p>Este 21 de diciembre, la Fundaci\u00f3n Encuentros del Futuro (FEF), junto con la Comisi\u00f3n Desaf\u00edos del Futuro del Senado, lanzaron oficialmente la d\u00e9cima versi\u00f3n del Congreso Futuro, actividad que se realizar\u00e1 entre el 18 y 21 de enero de 2021. El encuentro destacar\u00e1 por una innovadora apuesta digital que busca adaptarse al nuevo contexto de pandemia mundial.<\/p>\n\n\n\n<p><br \/>Bajo el lema<strong> \u201cHabitar la incertidumbre<\/strong>\u201d, las y los expositores buscar\u00e1n abordar los desaf\u00edos futuros para el pa\u00eds y el mundo, en un contexto lleno de complejas realidades. Uno de los objetivos principales es abrir el debate a la sociedad sobre las adversidades que enfrenta, sobre todo por las consecuencias socioambientales que genera una pandemia global.<\/p>\n\n\n\n<p>El <strong>Senador Guido Girardi<\/strong>, presidente de la Comisi\u00f3n Desaf\u00edos del Futuro, se\u00f1al\u00f3 que Congreso Futuro 2021 es una instancia que invita a que la sociedad escuche lo desconocido. <strong>\u201cEste a\u00f1o tenemos un programa alucinante para enfrentar los desaf\u00edos del siglo XXI, enmarcado en un concepto que nos propone pensar c\u00f3mo habitamos la incertidumbre.<\/strong> No podemos predecir nada, ni siquiera lo que pasar\u00e1 en los pr\u00f3ximos cinco a\u00f1os, porque la velocidad del cambio es gigantesca y nuestras instituciones est\u00e1n quedando obsoletas\u201d.<\/p>\n\n\n\n<p>&nbsp;<strong>CONGRESO FUTURO EN CHILE AUSTRAL<\/strong><\/p>\n\n\n\n<p>Congreso Futuro se caracteriza por hacer un esfuerzo en divulgar el conocimiento hacia todos los rincones posibles, es por eso que a pesar del contexto de pandemia se hizo el esfuerzo de llevar el evento a nueve regiones del pa\u00eds: Antofagasta; Coquimbo; Valpara\u00edso, O`Higgins, Maule, Biob\u00edo; Los R\u00edos; Ays\u00e9n y Magallanes, las que contar\u00e1n en total con m\u00e1s de veinte expositores de Chile y el extranjero.<\/p>\n\n\n\n<p>El pasado 7 de enero se realiz\u00f3 el lanzamiento regional con la presencia de la Intendenta regional Geoconda Navarrete, la Senadora Ximena \u00d3rdenes Neira y la Rectora de la Universidad de Ays\u00e9n Natacha Pino. \u201c<strong>Para nosotros es muy importante esta nueva versi\u00f3n regional, porque el contexto global nos obliga a abordar tem\u00e1ticas tan relevantes como la sociedad post pandemia, la neurociencia y el cambio clim\u00e1tico\u201d<\/strong><strong>, destac\u00f3 la Senadora. <\/strong>Por su parte la rectora de la Universidad de Ays\u00e9n se\u00f1al\u00f3 la importancia que \u201cacad\u00e9micos y acad\u00e9micas de todas las universidades, institutos y centros de investigaci\u00f3n contin\u00faen fortaleciendo este v\u00ednculo porque la ciencia no solo est\u00e1 en el centro del pa\u00eds, sino en todas las regiones\u201d.<\/p>\n\n\n\n<p>El primer exponente de la jornada que se realizar\u00e1 el jueves 21 de enero a las 9 horas, ser\u00e1 <strong><em>Sidarta Ribeiro, <\/em><\/strong><strong>neurocient\u00edfico brasile\u00f1o, director del Instituto del Cerebro de la Universidad Federal do R\u00edo Grande do Norte.<\/strong> Ribeiro es actualmente presidente del Comit\u00e9 Regional en Brasil del Programa Pew Latin Amarican Fellows en Ciencias Biom\u00e9dicas. Tambi\u00e9n es miembro del Comit\u00e9 Directivo de la&nbsp;Escuela Latinoamericana de Ciencias Educativas, Cognitivas y Neurales. El connotado neurocient\u00edfico hablar\u00e1 sobre \u201c<strong>Neurociencias<\/strong><strong><em>, desaf\u00edos e impactos en el sue\u00f1o durante la pandemia\u00bb<\/em><\/strong> y ser\u00e1 acompa\u00f1ado por Aldo Villal\u00f3n, Director acad\u00e9mico Universidad de Ays\u00e9n, Ph.D &nbsp;en Ciencias Biom\u00e9dicas y Tecn\u00f3logo M\u00e9dico con menci\u00f3n Morfofisiopatolog\u00eda y Citodiagn\u00f3stico.<\/p>\n\n\n\n<p>La segunda expositora ser\u00e1 <strong><em>Brigitte Baptiste, b<\/em>i\u00f3loga colombiana, experta en temas ambientales y biodiversidad<\/strong>, quien, adem\u00e1s, dirigi\u00f3 varios a\u00f1os el Instituto Alexander Von Humboldt, dedicado a la conservaci\u00f3n e investigaci\u00f3n en terreno de la biodiversidad colombiana. Actualmente se desempe\u00f1a como rectora de la Universidad EAM de Colombia. Brigitte se transform\u00f3 en un \u00edcono de su pa\u00eds no s\u00f3lo por ser una de las l\u00edderes del medio ambiente, sino que, adem\u00e1s, aunque no se considera activista LTGBQ. Baptiste expondr\u00e1 sobre <strong><em>\u00abReinvenci\u00f3n de la naturaleza, una reflexi\u00f3n sobre la forma que interpretamos el mundo y nuestro lugar en \u00e9l\u00bb<\/em><\/strong> y ser\u00e1 acompa\u00f1ada por B\u00e1rbara Jacob, investigadora residente de CIEP, Ph.D en Oceanograf\u00eda y autora contribuyente del AR6 Cambio Clim\u00e1tico 2022 del IPCC.<\/p>\n\n\n\n<p>La conducci\u00f3n estar\u00e1 a cargo de Hugo Araya, director del diario el Divisadero y se transmitir\u00e1, por primera vez de manera virtual,&nbsp; adem\u00e1s, ser\u00e1 retransmitido en <a href=\"http:\/\/www.congresofuturo.cl\">www.congresofuturo.cl<\/a>. La organizaci\u00f3n regional de este evento est\u00e1 a cargo de la oficina de la senadora Ximena \u00d3rdenes, Universidad de Ays\u00e9n, el Centro de Investigaci\u00f3n en Ecosistemas de la Patagonia (CIEP), Inacap y Universidad Austral campus Patagonia. La invitaci\u00f3n es a inscribirse para ser parte de este gran evento y tener acceso a los di\u00e1logos, se puede hacer a trav\u00e9s de<strong> Fanpage Congreso Futuro Ays\u00e9n (Facebook) y banner en diario el Divisadero, p\u00e1ginas de Universidad de Ays\u00e9n y CIEP.<\/strong><\/p>\n\n\n\n<p>&nbsp; &nbsp; &nbsp; &nbsp;&nbsp;<br \/>Adem\u00e1s, Brian Reid, investigador CIEP ser\u00e1 parte del <strong>panel <em>\u201cChile en los ojos del mundo<\/em><\/strong><em>\u201d<\/em> <strong>que se llevar\u00e1 a cabo en la transmisi\u00f3n nacional del evento el mi\u00e9rcoles 20 de enero<\/strong>&nbsp;a las 15:20 hrs. Donde el limn\u00f3logo, Ph.D en Ecolog\u00eda y coordinador macrozonal austral de la Red H2O, abordar\u00e1 el tema del <strong><em>\u201cChile como potencia reserva de agua dulce\u201d<\/em>.<\/strong> El director ejecutivo de CIEP Giovanni Daneri resalta \u201cEs importante que Ays\u00e9n est\u00e9 presente en esta nueva versi\u00f3n pues nos ayuda a pensar tem\u00e1ticas muy relevantes para asegurar la habitabilidad de nuestra especie en el planeta. El enfoque a la conservaci\u00f3n no es solo desde una perspectiva ecol\u00f3gica sino tambi\u00e9n desde lo social. Nuestra realidad va cambiando de manera vertiginosa y la toma de decisiones enfrenta crecientes niveles de incertidumbre\u201d.<\/p>\n\n\n\n<p>En cuanto a la Regi\u00f3n de Magallanes, quienes tendr\u00e1n su versi\u00f3n el 18 de enero, la senadora y miembro de la Comisi\u00f3n Desaf\u00edos del Futuro, Carolina Goic, habl\u00f3 del compromiso por divulgar conocimiento a todo Chile, m\u00e1s a\u00fan cuando lo incierto se apoder\u00f3 de nuestro destino. \u201c<strong>Esta versi\u00f3n del Congreso Futuro nos encuentra en un momento muy especial de nuestras regiones, nuestro pa\u00eds y del mundo, en medio de una pandemia global que nos hace preguntar sobre el destino del planeta y tambi\u00e9n sobre nuestro propio destino como especie<\/strong>. Los paneles de Magallanes abordan temas como \u201cDesaf\u00edos ant\u00e1rticos y biodiversidad\u201d y \u201cEl futuro del hidr\u00f3geno verde\u201d. Organizado por Instituto Chileno Ant\u00e1rtico, Universidad de Magallanes y Senado.<\/p>\n","protected":false},"excerpt":{"rendered":"<p>Entre el 18 y 21 de enero se llevar\u00e1 a cabo la d\u00e9cima versi\u00f3n de Congreso Futuro. En esta ocasi\u00f3n se presentar\u00e1n 80 expositores nacionales e internacionales, de los que destacan 4 ganadores del Premio Nobel. Adem\u00e1s, se realizar\u00e1n actividades &#8230; <\/p>\n<p class=\"read-more-container\"><a title=\"Congreso Futuro Ays\u00e9n 2021: Habitar la incertidumbre\" class=\"read-more button\" href=\"https:\/\/ciep.cl\/inicio\/2021\/01\/14\/congreso-futuro-aysen-2021-habitar-la-incertidumbre\/#more-1577\" aria-label=\"Leer m\u00e1s sobre Congreso Futuro Ays\u00e9n 2021: Habitar la incertidumbre\">Leer m\u00e1s<\/a><\/p>\n","protected":false},"author":3,"featured_media":1578,"comment_status":"open","ping_status":"open","sticky":false,"template":"","format":"standard","meta":{"footnotes":""},"categories":[5],"tags":[],"class_list":["post-1577","post","type-post","status-publish","format-standard","has-post-thumbnail","hentry","category-noticias","infinite-scroll-item"],"_links":{"self":[{"href":"https:\/\/ciep.cl\/inicio\/wp-json\/wp\/v2\/posts\/1577","targetHints":{"allow":["GET"]}}],"collection":[{"href":"https:\/\/ciep.cl\/inicio\/wp-json\/wp\/v2\/posts"}],"about":[{"href":"https:\/\/ciep.cl\/inicio\/wp-json\/wp\/v2\/types\/post"}],"author":[{"embeddable":true,"href":"https:\/\/ciep.cl\/inicio\/wp-json\/wp\/v2\/users\/3"}],"replies":[{"embeddable":true,"href":"https:\/\/ciep.cl\/inicio\/wp-json\/wp\/v2\/comments?post=1577"}],"version-history":[{"count":0,"href":"https:\/\/ciep.cl\/inicio\/wp-json\/wp\/v2\/posts\/1577\/revisions"}],"wp:featuredmedia":[{"embeddable":true,"href":"https:\/\/ciep.cl\/inicio\/wp-json\/"}],"wp:attachment":[{"href":"https:\/\/ciep.cl\/inicio\/wp-json\/wp\/v2\/media?parent=1577"}],"wp:term":[{"taxonomy":"category","embeddable":true,"href":"https:\/\/ciep.cl\/inicio\/wp-json\/wp\/v2\/categories?post=1577"},{"taxonomy":"post_tag","embeddable":true,"href":"https:\/\/ciep.cl\/inicio\/wp-json\/wp\/v2\/tags?post=1577"}],"curies":[{"name":"wp","href":"https:\/\/api.w.org\/{rel}","templated":true}]}}