{"id":2658,"date":"2019-01-27T23:21:05","date_gmt":"2019-01-28T02:21:05","guid":{"rendered":"http:\/\/www.ciep.cl\/soledad\/?p=2658"},"modified":"2019-01-27T23:21:05","modified_gmt":"2019-01-28T02:21:05","slug":"proyecto-asesoria-de-apoyo-para-la-implementacion-de-un-programa-de-monitoreo-de-limites-de-cambio-aceptables-dasp-conaf-aysen","status":"publish","type":"post","link":"https:\/\/ciep.cl\/inicio\/2019\/01\/27\/proyecto-asesoria-de-apoyo-para-la-implementacion-de-un-programa-de-monitoreo-de-limites-de-cambio-aceptables-dasp-conaf-aysen\/","title":{"rendered":"Proyecto \/ Asesor\u00eda de apoyo para la implementaci\u00f3n de un programa de monitoreo de L\u00edmites de Cambio Aceptables, DASP CONAF Ays\u00e9n"},"content":{"rendered":"\n<p class=\"has-text-align-center\"><strong>2019-2020<\/strong><\/p>\n\n\n\n<p>Consiste en una an\u00e1lisis del estado actual de cada unidad de \u00c1rea Silvestre Protegida (ASps) de CONAF Ays\u00e9n, con respecto al monitoreo de L\u00edmites de Cambio Aceptables. Lo que conlleva el dise\u00f1o de una programa regional, y propuestas de m\u00e9todos para monitoreo.<\/p>\n","protected":false},"excerpt":{"rendered":"<p>2019-2020 Consiste en una an\u00e1lisis del estado actual de cada unidad de \u00c1rea Silvestre Protegida (ASps) de CONAF Ays\u00e9n, con respecto al monitoreo de L\u00edmites de Cambio Aceptables. Lo que conlleva el dise\u00f1o de una programa regional, y propuestas de &#8230; <\/p>\n<p class=\"read-more-container\"><a title=\"Proyecto \/ Asesor\u00eda de apoyo para la implementaci\u00f3n de un programa de monitoreo de L\u00edmites de Cambio Aceptables, DASP CONAF Ays\u00e9n\" class=\"read-more button\" href=\"https:\/\/ciep.cl\/inicio\/2019\/01\/27\/proyecto-asesoria-de-apoyo-para-la-implementacion-de-un-programa-de-monitoreo-de-limites-de-cambio-aceptables-dasp-conaf-aysen\/#more-2658\" aria-label=\"Leer m\u00e1s sobre Proyecto \/ Asesor\u00eda de apoyo para la implementaci\u00f3n de un programa de monitoreo de L\u00edmites de Cambio Aceptables, DASP CONAF Ays\u00e9n\">Leer m\u00e1s<\/a><\/p>\n","protected":false},"author":3,"featured_media":0,"comment_status":"open","ping_status":"open","sticky":false,"template":"","format":"standard","meta":{"footnotes":""},"categories":[31,43],"tags":[58,46],"class_list":["post-2658","post","type-post","status-publish","format-standard","hentry","category-proyectos","category-turismo-sustentable-proyectos","tag-andres-adiego","tag-trace-gale","infinite-scroll-item"],"_links":{"self":[{"href":"https:\/\/ciep.cl\/inicio\/wp-json\/wp\/v2\/posts\/2658","targetHints":{"allow":["GET"]}}],"collection":[{"href":"https:\/\/ciep.cl\/inicio\/wp-json\/wp\/v2\/posts"}],"about":[{"href":"https:\/\/ciep.cl\/inicio\/wp-json\/wp\/v2\/types\/post"}],"author":[{"embeddable":true,"href":"https:\/\/ciep.cl\/inicio\/wp-json\/wp\/v2\/users\/3"}],"replies":[{"embeddable":true,"href":"https:\/\/ciep.cl\/inicio\/wp-json\/wp\/v2\/comments?post=2658"}],"version-history":[{"count":0,"href":"https:\/\/ciep.cl\/inicio\/wp-json\/wp\/v2\/posts\/2658\/revisions"}],"wp:attachment":[{"href":"https:\/\/ciep.cl\/inicio\/wp-json\/wp\/v2\/media?parent=2658"}],"wp:term":[{"taxonomy":"category","embeddable":true,"href":"https:\/\/ciep.cl\/inicio\/wp-json\/wp\/v2\/categories?post=2658"},{"taxonomy":"post_tag","embeddable":true,"href":"https:\/\/ciep.cl\/inicio\/wp-json\/wp\/v2\/tags?post=2658"}],"curies":[{"name":"wp","href":"https:\/\/api.w.org\/{rel}","templated":true}]}}