{"id":311,"date":"2025-02-27T20:44:59","date_gmt":"2025-02-27T20:44:59","guid":{"rendered":"https:\/\/prueba.ciep.cl\/?p=311"},"modified":"2025-04-29T20:26:58","modified_gmt":"2025-04-29T20:26:58","slug":"dr-fabien-bourlon","status":"publish","type":"post","link":"https:\/\/ciep.cl\/inicio\/2025\/02\/27\/dr-fabien-bourlon\/","title":{"rendered":"Dr. Fabien Bourlon"},"content":{"rendered":"\t\t<div data-elementor-type=\"wp-post\" data-elementor-id=\"311\" class=\"elementor elementor-311\" data-elementor-post-type=\"post\">\n\t\t\t\t<div class=\"elementor-element elementor-element-30d4cfe8 e-flex e-con-boxed e-con e-parent\" data-id=\"30d4cfe8\" data-element_type=\"container\">\n\t\t\t\t\t<div class=\"e-con-inner\">\n\t\t<div class=\"elementor-element elementor-element-3629ff95 e-con-full e-flex e-con e-child\" data-id=\"3629ff95\" data-element_type=\"container\">\n\t\t\t\t<div class=\"elementor-element elementor-element-4f06016b elementor-widget elementor-widget-theme-post-featured-image elementor-widget-image\" data-id=\"4f06016b\" data-element_type=\"widget\" data-widget_type=\"theme-post-featured-image.default\">\n\t\t\t\t<div class=\"elementor-widget-container\">\n\t\t\t\t\t\t\t\t\t\t\t\t\t\t\t<img fetchpriority=\"high\" decoding=\"async\" width=\"1024\" height=\"1024\" src=\"https:\/\/ciep.cl\/inicio\/wp-content\/uploads\/2025\/02\/Fabien-Bourlon-1024x1024.jpg\" class=\"attachment-large size-large wp-image-183\" alt=\"\" srcset=\"https:\/\/ciep.cl\/inicio\/wp-content\/uploads\/2025\/02\/Fabien-Bourlon-1024x1024.jpg 1024w, https:\/\/ciep.cl\/inicio\/wp-content\/uploads\/2025\/02\/Fabien-Bourlon-300x300.jpg 300w, https:\/\/ciep.cl\/inicio\/wp-content\/uploads\/2025\/02\/Fabien-Bourlon-150x150.jpg 150w, https:\/\/ciep.cl\/inicio\/wp-content\/uploads\/2025\/02\/Fabien-Bourlon-768x768.jpg 768w, https:\/\/ciep.cl\/inicio\/wp-content\/uploads\/2025\/02\/Fabien-Bourlon.jpg 1080w\" sizes=\"(max-width: 1024px) 100vw, 1024px\" \/>\t\t\t\t\t\t\t\t\t\t\t\t\t\t\t<\/div>\n\t\t\t\t<\/div>\n\t\t\t\t<div class=\"elementor-element elementor-element-66d8425f elementor-icon-list--layout-traditional elementor-list-item-link-full_width elementor-widget elementor-widget-icon-list\" data-id=\"66d8425f\" data-element_type=\"widget\" data-widget_type=\"icon-list.default\">\n\t\t\t\t<div class=\"elementor-widget-container\">\n\t\t\t\t\t\t\t<ul class=\"elementor-icon-list-items\">\n\t\t\t\t\t\t\t<li class=\"elementor-icon-list-item\">\n\t\t\t\t\t\t\t\t\t\t\t<span class=\"elementor-icon-list-icon\">\n\t\t\t\t\t\t\t<svg aria-hidden=\"true\" class=\"e-font-icon-svg e-far-envelope\" viewBox=\"0 0 512 512\" xmlns=\"http:\/\/www.w3.org\/2000\/svg\"><path d=\"M464 64H48C21.49 64 0 85.49 0 112v288c0 26.51 21.49 48 48 48h416c26.51 0 48-21.49 48-48V112c0-26.51-21.49-48-48-48zm0 48v40.805c-22.422 18.259-58.168 46.651-134.587 106.49-16.841 13.247-50.201 45.072-73.413 44.701-23.208.375-56.579-31.459-73.413-44.701C106.18 199.465 70.425 171.067 48 152.805V112h416zM48 400V214.398c22.914 18.251 55.409 43.862 104.938 82.646 21.857 17.205 60.134 55.186 103.062 54.955 42.717.231 80.509-37.199 103.053-54.947 49.528-38.783 82.032-64.401 104.947-82.653V400H48z\"><\/path><\/svg>\t\t\t\t\t\t<\/span>\n\t\t\t\t\t\t\t\t\t\t<span class=\"elementor-icon-list-text\">fabienbourlon@ciep.cl<\/span>\n\t\t\t\t\t\t\t\t\t<\/li>\n\t\t\t\t\t\t\t\t<li class=\"elementor-icon-list-item\">\n\t\t\t\t\t\t\t\t\t\t\t<span class=\"elementor-icon-list-icon\">\n\t\t\t\t\t\t\t<svg aria-hidden=\"true\" class=\"e-font-icon-svg e-fas-phone-alt\" viewBox=\"0 0 512 512\" xmlns=\"http:\/\/www.w3.org\/2000\/svg\"><path d=\"M497.39 361.8l-112-48a24 24 0 0 0-28 6.9l-49.6 60.6A370.66 370.66 0 0 1 130.6 204.11l60.6-49.6a23.94 23.94 0 0 0 6.9-28l-48-112A24.16 24.16 0 0 0 122.6.61l-104 24A24 24 0 0 0 0 48c0 256.5 207.9 464 464 464a24 24 0 0 0 23.4-18.6l24-104a24.29 24.29 0 0 0-14.01-27.6z\"><\/path><\/svg>\t\t\t\t\t\t<\/span>\n\t\t\t\t\t\t\t\t\t\t<span class=\"elementor-icon-list-text\">+56 (67) 2247834<\/span>\n\t\t\t\t\t\t\t\t\t<\/li>\n\t\t\t\t\t\t\t\t<li class=\"elementor-icon-list-item\">\n\t\t\t\t\t\t\t\t\t\t\t<span class=\"elementor-icon-list-icon\">\n\t\t\t\t\t\t\t<svg aria-hidden=\"true\" class=\"e-font-icon-svg e-fas-map-marker-alt\" viewBox=\"0 0 384 512\" xmlns=\"http:\/\/www.w3.org\/2000\/svg\"><path d=\"M172.268 501.67C26.97 291.031 0 269.413 0 192 0 85.961 85.961 0 192 0s192 85.961 192 192c0 77.413-26.97 99.031-172.268 309.67-9.535 13.774-29.93 13.773-39.464 0zM192 272c44.183 0 80-35.817 80-80s-35.817-80-80-80-80 35.817-80 80 35.817 80 80 80z\"><\/path><\/svg>\t\t\t\t\t\t<\/span>\n\t\t\t\t\t\t\t\t\t\t<span class=\"elementor-icon-list-text\">Km 4,5 Camino a Puerto Ays\u00e9n, Sector El Arenal<\/span>\n\t\t\t\t\t\t\t\t\t<\/li>\n\t\t\t\t\t\t<\/ul>\n\t\t\t\t\t\t<\/div>\n\t\t\t\t<\/div>\n\t\t\t\t<div class=\"elementor-element elementor-element-304a625a elementor-widget-divider--view-line elementor-widget elementor-widget-divider\" data-id=\"304a625a\" data-element_type=\"widget\" data-widget_type=\"divider.default\">\n\t\t\t\t<div class=\"elementor-widget-container\">\n\t\t\t\t\t\t\t<div class=\"elementor-divider\">\n\t\t\t<span class=\"elementor-divider-separator\">\n\t\t\t\t\t\t<\/span>\n\t\t<\/div>\n\t\t\t\t\t\t<\/div>\n\t\t\t\t<\/div>\n\t\t\t\t<\/div>\n\t\t<div class=\"elementor-element elementor-element-32f60bbb e-con-full e-flex e-con e-child\" data-id=\"32f60bbb\" data-element_type=\"container\">\n\t\t\t\t<div class=\"elementor-element elementor-element-74245af7 elementor-widget elementor-widget-theme-post-title elementor-page-title elementor-widget-heading\" data-id=\"74245af7\" data-element_type=\"widget\" data-widget_type=\"theme-post-title.default\">\n\t\t\t\t<div class=\"elementor-widget-container\">\n\t\t\t\t\t<h1 class=\"elementor-heading-title elementor-size-default\">Dr. Fabien Bourlon<\/h1>\t\t\t\t<\/div>\n\t\t\t\t<\/div>\n\t\t\t\t<div class=\"elementor-element elementor-element-11e6baf8 elementor-widget elementor-widget-heading\" data-id=\"11e6baf8\" data-element_type=\"widget\" data-widget_type=\"heading.default\">\n\t\t\t\t<div class=\"elementor-widget-container\">\n\t\t\t\t\t<h5 class=\"elementor-heading-title elementor-size-default\">INVESTIGADOR RESIDENTE \/ GE\u00d3LOGO Y GE\u00d3GRAFO<\/h5>\t\t\t\t<\/div>\n\t\t\t\t<\/div>\n\t\t\t\t<div class=\"elementor-element elementor-element-3a50b71f elementor-widget elementor-widget-text-editor\" data-id=\"3a50b71f\" data-element_type=\"widget\" data-widget_type=\"text-editor.default\">\n\t\t\t\t<div class=\"elementor-widget-container\">\n\t\t\t\t\t\t\t\t\t<p>Investigador residente responsable del \u00e1rea de Turismo Cient\u00edfico del Departamento de Turismo Sustentable del CIEP en la ciudad de Coyhaique, regi\u00f3n de Ays\u00e9n, Chile. Doctor en Geograf\u00eda de la Universidad Grenoble Alpes. De formaci\u00f3n ge\u00f3logo, con el titulo de M\u00e1ster en Ciencias y Tecnolog\u00edas en Geolog\u00eda Aplicada e hidrogeolog\u00eda de la Universidad de Bordeaux Francia y ge\u00f3grafo, con el titulo de M\u00e1ster en Investigaci\u00f3n Innovaci\u00f3n y Territorios, de la Universidad Joseph Fourrier de Grenoble, Francia Temas de trabajos de desarrollo e investigaci\u00f3n son la gesti\u00f3n y la planificaci\u00f3n territorial, el turismo como vector de cambios econ\u00f3micos y culturales, la gesti\u00f3n integral desde los actores locales, la evaluaci\u00f3n de impactos del turismo, las representaciones sociales y los usos y representaciones sociales de las naturaleza. Lidera desde 2007 la iniciativa de Turismo Cient\u00edfico como herramienta de desarrollo local apropiado. Es presidente de la Red Internacional para la Investigaci\u00f3n y desarrollo del Turismo Cient\u00edfico (www.scientific-tourism.org) Algunas publicaciones recientes tratan de din\u00e1micas sociales, uso de la naturaleza y el turismo cient\u00edfico : una te\u00f3rica del turismo cient\u00edfico, potencialidades de destinos, asentando el desarrollo del turismo en la ciencia, las formas de desarrollo tur\u00edstico, conflictos territoriales, represas hidroel\u00e9ctricas y turismo o la geograf\u00eda constructivista. Ha publicado varios libros de los cuales : La Patagonia Chilena un El Dorado para el Turismo Cient\u00edfico, Viajar por la Patagonia : Los usos tur\u00edsticos de la naturaleza, La Ruta de los Archipi\u00e9alagos Patag\u00f3nicos, Explorando las Nuevas Fronteras del Turismo, etc. El t\u00edtulo de su tesis de doctorado es : \u00bb Din\u00e1micas territoriales de los confines de naturaleza, una lectura por medio de las formas de desarrollo en la Patagonia chilena\u201d. Es miembro de la sociedad de investigadores en turismo de Chile SOCIETUR (www.societur.cl).\u00a0<\/p>\t\t\t\t\t\t\t\t<\/div>\n\t\t\t\t<\/div>\n\t\t\t\t<\/div>\n\t\t\t\t\t<\/div>\n\t\t\t\t<\/div>\n\t\t<div class=\"elementor-element elementor-element-f274a61 e-flex e-con-boxed e-con e-parent\" data-id=\"f274a61\" data-element_type=\"container\">\n\t\t\t\t\t<div class=\"e-con-inner\">\n\t\t<div class=\"elementor-element elementor-element-512d633 e-con-full e-flex e-con e-child\" data-id=\"512d633\" data-element_type=\"container\">\n\t\t\t\t<div class=\"elementor-element elementor-element-4e221ab elementor-view-default elementor-widget elementor-widget-icon\" data-id=\"4e221ab\" data-element_type=\"widget\" data-widget_type=\"icon.default\">\n\t\t\t\t<div class=\"elementor-widget-container\">\n\t\t\t\t\t\t\t<div class=\"elementor-icon-wrapper\">\n\t\t\t<div class=\"elementor-icon\">\n\t\t\t<svg aria-hidden=\"true\" class=\"e-font-icon-svg e-fas-book-open\" viewBox=\"0 0 576 512\" xmlns=\"http:\/\/www.w3.org\/2000\/svg\"><path d=\"M542.22 32.05c-54.8 3.11-163.72 14.43-230.96 55.59-4.64 2.84-7.27 7.89-7.27 13.17v363.87c0 11.55 12.63 18.85 23.28 13.49 69.18-34.82 169.23-44.32 218.7-46.92 16.89-.89 30.02-14.43 30.02-30.66V62.75c.01-17.71-15.35-31.74-33.77-30.7zM264.73 87.64C197.5 46.48 88.58 35.17 33.78 32.05 15.36 31.01 0 45.04 0 62.75V400.6c0 16.24 13.13 29.78 30.02 30.66 49.49 2.6 149.59 12.11 218.77 46.95 10.62 5.35 23.21-1.94 23.21-13.46V100.63c0-5.29-2.62-10.14-7.27-12.99z\"><\/path><\/svg>\t\t\t<\/div>\n\t\t<\/div>\n\t\t\t\t\t\t<\/div>\n\t\t\t\t<\/div>\n\t\t\t\t<div class=\"elementor-element elementor-element-b1a16c4 elementor-widget elementor-widget-heading\" data-id=\"b1a16c4\" data-element_type=\"widget\" data-widget_type=\"heading.default\">\n\t\t\t\t<div class=\"elementor-widget-container\">\n\t\t\t\t\t<h2 class=\"elementor-heading-title elementor-size-default\">Material relacionado<\/h2>\t\t\t\t<\/div>\n\t\t\t\t<\/div>\n\t\t\t\t<div class=\"elementor-element elementor-element-e76409d elementor-widget elementor-widget-text-editor\" data-id=\"e76409d\" data-element_type=\"widget\" data-widget_type=\"text-editor.default\">\n\t\t\t\t<div class=\"elementor-widget-container\">\n\t\t\t\t\t\t\t\t\t<p>Elige qu\u00e9 tipo de material te interesa revisar:<\/p>\t\t\t\t\t\t\t\t<\/div>\n\t\t\t\t<\/div>\n\t\t\t\t<div class=\"elementor-element elementor-element-0ca5a3c elementor-widget elementor-widget-jet-smart-filters-checkboxes\" data-id=\"0ca5a3c\" data-element_type=\"widget\" data-widget_type=\"jet-smart-filters-checkboxes.default\">\n\t\t\t\t<div class=\"elementor-widget-container\">\n\t\t\t\t\t<div class=\"jet-smart-filters-checkboxes jet-filter \" data-indexer-rule=\"show\" data-show-counter=\"\" data-change-counter=\"always\"><div class=\"jet-checkboxes-list\" data-query-type=\"tax_query\" data-query-var=\"category\" data-smart-filter=\"checkboxes\" data-filter-id=\"10153\" data-apply-type=\"ajax\" data-content-provider=\"epro-posts\" data-additional-providers=\"\" data-query-id=\"default\" data-active-label=\"\" data-layout-options=\"{&quot;show_label&quot;:&quot;&quot;,&quot;display_options&quot;:{&quot;show_items_label&quot;:false,&quot;show_decorator&quot;:&quot;yes&quot;,&quot;filter_image_size&quot;:&quot;full&quot;,&quot;show_counter&quot;:false}}\" data-query-var-suffix=\"\" data-apply-on=\"value\"><fieldset class=\"jet-checkboxes-list-wrapper\"><legend style=\"display:none;\">Material Investigadores<\/legend><div class=\"jet-checkboxes-list__row jet-filter-row\">\n\t\t<label class=\"jet-checkboxes-list__item\" >\n\t\t<input\n\t\t\ttype=\"checkbox\"\n\t\t\tclass=\"jet-checkboxes-list__input\"\n\t\t\tname=\"category\"\n\t\t\tvalue=\"5\"\n\t\t\tdata-label=\"NOTICIAS\"\n\t\t\t\t\t\taria-label=\"NOTICIAS\"\n\t\t\t\t\t>\n\t\t<div class=\"jet-checkboxes-list__button\">\n\t\t\t\t\t\t\t<span class=\"jet-checkboxes-list__decorator\">\n\t\t\t\t\t<i class=\"jet-checkboxes-list__checked-icon\"><svg width=\"28\" height=\"28\" viewBox=\"0 0 28 28\" xmlns=\"http:\/\/www.w3.org\/2000\/svg\">\n\t<path d=\"M26.109 8.844c0 0.391-0.156 0.781-0.438 1.062l-13.438 13.438c-0.281 0.281-0.672 0.438-1.062 0.438s-0.781-0.156-1.062-0.438l-7.781-7.781c-0.281-0.281-0.438-0.672-0.438-1.062s0.156-0.781 0.438-1.062l2.125-2.125c0.281-0.281 0.672-0.438 1.062-0.438s0.781 0.156 1.062 0.438l4.594 4.609 10.25-10.266c0.281-0.281 0.672-0.438 1.062-0.438s0.781 0.156 1.062 0.438l2.125 2.125c0.281 0.281 0.438 0.672 0.438 1.062z\"><\/path>\n<\/svg>\n<\/i>\n\t\t\t\t<\/span>\n\t\t\t\t\t\t<span class=\"jet-checkboxes-list__label\">NOTICIAS<\/span>\n\t\t\t\t\t<\/div>\n\t<\/label>\n<\/div><div class=\"jet-checkboxes-list__row jet-filter-row\">\n\t\t<label class=\"jet-checkboxes-list__item\" >\n\t\t<input\n\t\t\ttype=\"checkbox\"\n\t\t\tclass=\"jet-checkboxes-list__input\"\n\t\t\tname=\"category\"\n\t\t\tvalue=\"107\"\n\t\t\tdata-label=\"PROYECTOS CIEP\"\n\t\t\t\t\t\taria-label=\"PROYECTOS CIEP\"\n\t\t\t\t\t>\n\t\t<div class=\"jet-checkboxes-list__button\">\n\t\t\t\t\t\t\t<span class=\"jet-checkboxes-list__decorator\">\n\t\t\t\t\t<i class=\"jet-checkboxes-list__checked-icon\"><svg width=\"28\" height=\"28\" viewBox=\"0 0 28 28\" xmlns=\"http:\/\/www.w3.org\/2000\/svg\">\n\t<path d=\"M26.109 8.844c0 0.391-0.156 0.781-0.438 1.062l-13.438 13.438c-0.281 0.281-0.672 0.438-1.062 0.438s-0.781-0.156-1.062-0.438l-7.781-7.781c-0.281-0.281-0.438-0.672-0.438-1.062s0.156-0.781 0.438-1.062l2.125-2.125c0.281-0.281 0.672-0.438 1.062-0.438s0.781 0.156 1.062 0.438l4.594 4.609 10.25-10.266c0.281-0.281 0.672-0.438 1.062-0.438s0.781 0.156 1.062 0.438l2.125 2.125c0.281 0.281 0.438 0.672 0.438 1.062z\"><\/path>\n<\/svg>\n<\/i>\n\t\t\t\t<\/span>\n\t\t\t\t\t\t<span class=\"jet-checkboxes-list__label\">PROYECTOS CIEP<\/span>\n\t\t\t\t\t<\/div>\n\t<\/label>\n<\/div><div class=\"jet-checkboxes-list__row jet-filter-row\">\n\t\t<label class=\"jet-checkboxes-list__item\" >\n\t\t<input\n\t\t\ttype=\"checkbox\"\n\t\t\tclass=\"jet-checkboxes-list__input\"\n\t\t\tname=\"category\"\n\t\t\tvalue=\"108\"\n\t\t\tdata-label=\"PUBLICACIONES CIEP\"\n\t\t\t\t\t\taria-label=\"PUBLICACIONES CIEP\"\n\t\t\t\t\t>\n\t\t<div class=\"jet-checkboxes-list__button\">\n\t\t\t\t\t\t\t<span class=\"jet-checkboxes-list__decorator\">\n\t\t\t\t\t<i class=\"jet-checkboxes-list__checked-icon\"><svg width=\"28\" height=\"28\" viewBox=\"0 0 28 28\" xmlns=\"http:\/\/www.w3.org\/2000\/svg\">\n\t<path d=\"M26.109 8.844c0 0.391-0.156 0.781-0.438 1.062l-13.438 13.438c-0.281 0.281-0.672 0.438-1.062 0.438s-0.781-0.156-1.062-0.438l-7.781-7.781c-0.281-0.281-0.438-0.672-0.438-1.062s0.156-0.781 0.438-1.062l2.125-2.125c0.281-0.281 0.672-0.438 1.062-0.438s0.781 0.156 1.062 0.438l4.594 4.609 10.25-10.266c0.281-0.281 0.672-0.438 1.062-0.438s0.781 0.156 1.062 0.438l2.125 2.125c0.281 0.281 0.438 0.672 0.438 1.062z\"><\/path>\n<\/svg>\n<\/i>\n\t\t\t\t<\/span>\n\t\t\t\t\t\t<span class=\"jet-checkboxes-list__label\">PUBLICACIONES CIEP<\/span>\n\t\t\t\t\t<\/div>\n\t<\/label>\n<\/div><\/fieldset><\/div>\n<\/div>\t\t\t\t<\/div>\n\t\t\t\t<\/div>\n\t\t\t\t<\/div>\n\t\t<div class=\"elementor-element elementor-element-9f9d73c e-con-full e-flex e-con e-child\" data-id=\"9f9d73c\" data-element_type=\"container\">\n\t\t\t\t<div class=\"elementor-element elementor-element-1256ae7 elementor-grid-1 elementor-grid-tablet-2 elementor-grid-mobile-1 elementor-posts--thumbnail-top elementor-card-shadow-yes elementor-posts__hover-gradient elementor-widget elementor-widget-posts\" data-id=\"1256ae7\" data-element_type=\"widget\" data-settings=\"{&quot;pagination_type&quot;:&quot;load_more_infinite_scroll&quot;,&quot;cards_columns&quot;:&quot;1&quot;,&quot;cards_columns_tablet&quot;:&quot;2&quot;,&quot;cards_columns_mobile&quot;:&quot;1&quot;,&quot;cards_row_gap&quot;:{&quot;unit&quot;:&quot;px&quot;,&quot;size&quot;:35,&quot;sizes&quot;:[]},&quot;cards_row_gap_tablet&quot;:{&quot;unit&quot;:&quot;px&quot;,&quot;size&quot;:&quot;&quot;,&quot;sizes&quot;:[]},&quot;cards_row_gap_mobile&quot;:{&quot;unit&quot;:&quot;px&quot;,&quot;size&quot;:&quot;&quot;,&quot;sizes&quot;:[]},&quot;load_more_spinner&quot;:{&quot;value&quot;:&quot;fas fa-spinner&quot;,&quot;library&quot;:&quot;fa-solid&quot;}}\" data-widget_type=\"posts.cards\">\n\t\t\t\t<div class=\"elementor-widget-container\">\n\t\t\t\t\t\t\t<div class=\"elementor-posts-container elementor-posts elementor-posts--skin-cards elementor-grid\">\n\t\t\t\t<article class=\"elementor-post elementor-grid-item post-12019 post type-post status-publish format-standard hentry category-proyectos-ciep category-turismo-sustentable-proyectos tag-alexandra-salazar tag-fabien-bourlon infinite-scroll-item\">\n\t\t\t<div class=\"elementor-post__card\">\n\t\t\t\t<div class=\"elementor-post__text\">\n\t\t\t\t<h3 class=\"elementor-post__title\">\n\t\t\t<a href=\"https:\/\/ciep.cl\/inicio\/2026\/02\/24\/proyecto-2023-2025-resiliencia-sustentabilidad-y-valorizacion-de-la-reserva-de-la-biosfera-lsr-g\/\" >\n\t\t\t\tProyecto\/2023-2025\/Resiliencia, sustentabilidad y valorizaci\u00f3n de la Reserva de la Bi\u00f3sfera LSR-G\u00a0\t\t\t<\/a>\n\t\t<\/h3>\n\t\t\t\t<div class=\"elementor-post__excerpt\">\n\t\t\t<p>Resumen del Proyecto Esta iniciativa se centr\u00f3 en fortalecer la gobernanza y la sostenibilidad de la Reserva de la Bi\u00f3sfera<\/p>\n\t\t<\/div>\n\t\t\n\t\t<a class=\"elementor-post__read-more\" href=\"https:\/\/ciep.cl\/inicio\/2026\/02\/24\/proyecto-2023-2025-resiliencia-sustentabilidad-y-valorizacion-de-la-reserva-de-la-biosfera-lsr-g\/\" aria-label=\"M\u00e1s informaci\u00f3n sobre Proyecto\/2023-2025\/Resiliencia, sustentabilidad y valorizaci\u00f3n de la Reserva de la Bi\u00f3sfera LSR-G\u00a0\" tabindex=\"-1\" >\n\t\t\tLeer m\u00e1s \u00bb\t\t<\/a>\n\n\t\t\t\t<\/div>\n\t\t\t\t<div class=\"elementor-post__meta-data\">\n\t\t\t\t\t<span class=\"elementor-post-date\">\n\t\t\tfebrero 24, 2026\t\t<\/span>\n\t\t\t\t<\/div>\n\t\t\t\t\t<\/div>\n\t\t<\/article>\n\t\t\t\t<article class=\"elementor-post elementor-grid-item post-11684 post type-post status-publish format-standard hentry category-ecosistemas-acuaticos-publicaciones category-publicaciones-ciep tag-fabien-bourlon infinite-scroll-item\">\n\t\t\t<div class=\"elementor-post__card\">\n\t\t\t\t<div class=\"elementor-post__text\">\n\t\t\t\t<h3 class=\"elementor-post__title\">\n\t\t\t<a href=\"https:\/\/ciep.cl\/inicio\/2025\/12\/19\/publicacion-2025-e-ortiz-robles-r-torres-salinas-a-salazar-burrows-f-bourlon-conservacion-neoliberal-de-la-naturaleza-en-la-patagonia-chilena-explorando-nuevas-modalidades-ecoextractivistas-y-ten\/\" >\n\t\t\t\tPublicaci\u00f3n\/2025\/E.Ortiz Robles, R.Torres Salinas, A.Salazar-Burrows, F.Bourlon. Conservaci\u00f3n neoliberal de la naturaleza en la Patagonia chilena: explorando nuevas modalidades ecoextractivistas y tensiones hidrosociales\t\t\t<\/a>\n\t\t<\/h3>\n\t\t\t\t<div class=\"elementor-post__excerpt\">\n\t\t\t<p>https:\/\/doi.org\/10.7440\/res91.2025.08 Resumen La Patagonia chilena, territorio austral hist\u00f3ricamente aislado y caracterizado por extensas \u00e1reas naturales de significancia ecol\u00f3gica mundial, posee<\/p>\n\t\t<\/div>\n\t\t\n\t\t<a class=\"elementor-post__read-more\" href=\"https:\/\/ciep.cl\/inicio\/2025\/12\/19\/publicacion-2025-e-ortiz-robles-r-torres-salinas-a-salazar-burrows-f-bourlon-conservacion-neoliberal-de-la-naturaleza-en-la-patagonia-chilena-explorando-nuevas-modalidades-ecoextractivistas-y-ten\/\" aria-label=\"M\u00e1s informaci\u00f3n sobre Publicaci\u00f3n\/2025\/E.Ortiz Robles, R.Torres Salinas, A.Salazar-Burrows, F.Bourlon. Conservaci\u00f3n neoliberal de la naturaleza en la Patagonia chilena: explorando nuevas modalidades ecoextractivistas y tensiones hidrosociales\" tabindex=\"-1\" >\n\t\t\tLeer m\u00e1s \u00bb\t\t<\/a>\n\n\t\t\t\t<\/div>\n\t\t\t\t<div class=\"elementor-post__meta-data\">\n\t\t\t\t\t<span class=\"elementor-post-date\">\n\t\t\tdiciembre 19, 2025\t\t<\/span>\n\t\t\t\t<\/div>\n\t\t\t\t\t<\/div>\n\t\t<\/article>\n\t\t\t\t<article class=\"elementor-post elementor-grid-item post-11284 post type-post status-publish format-standard hentry category-publicaciones-ciep category-turismo-sustentable-publicaciones tag-fabien-bourlon infinite-scroll-item\">\n\t\t\t<div class=\"elementor-post__card\">\n\t\t\t\t<div class=\"elementor-post__text\">\n\t\t\t\t<h3 class=\"elementor-post__title\">\n\t\t\t<a href=\"https:\/\/ciep.cl\/inicio\/2025\/09\/15\/publicacion-2022-f-bourlon-y-vialette-p-mao-la-science-comme-ressource-pour-le-developpement-territorial-et-touristique-dans-les-espaces-montagnards-de-la-patagonie-chilienne\/\" >\n\t\t\t\tPublicaci\u00f3n\/2022\/F.Bourlon, Y.Vialette, P.Mao. La science comme ressource pour le d\u00e9veloppement territorial et touristique dans les espaces montagnards de la Patagonie chilienne\t\t\t<\/a>\n\t\t<\/h3>\n\t\t\t\t<div class=\"elementor-post__excerpt\">\n\t\t\t<p>https:\/\/doi.org\/10.4000\/rga.10370<\/p>\n\t\t<\/div>\n\t\t\n\t\t<a class=\"elementor-post__read-more\" href=\"https:\/\/ciep.cl\/inicio\/2025\/09\/15\/publicacion-2022-f-bourlon-y-vialette-p-mao-la-science-comme-ressource-pour-le-developpement-territorial-et-touristique-dans-les-espaces-montagnards-de-la-patagonie-chilienne\/\" aria-label=\"M\u00e1s informaci\u00f3n sobre Publicaci\u00f3n\/2022\/F.Bourlon, Y.Vialette, P.Mao. La science comme ressource pour le d\u00e9veloppement territorial et touristique dans les espaces montagnards de la Patagonie chilienne\" tabindex=\"-1\" >\n\t\t\tLeer m\u00e1s \u00bb\t\t<\/a>\n\n\t\t\t\t<\/div>\n\t\t\t\t<div class=\"elementor-post__meta-data\">\n\t\t\t\t\t<span class=\"elementor-post-date\">\n\t\t\tseptiembre 15, 2025\t\t<\/span>\n\t\t\t\t<\/div>\n\t\t\t\t\t<\/div>\n\t\t<\/article>\n\t\t\t\t<article class=\"elementor-post elementor-grid-item post-10827 post type-post status-publish format-standard has-post-thumbnail hentry category-material-de-divulgacion category-otros-documentos tag-alexandra-salazar tag-fabien-bourlon infinite-scroll-item\">\n\t\t\t<div class=\"elementor-post__card\">\n\t\t\t\t<a class=\"elementor-post__thumbnail__link\" href=\"https:\/\/ciep.cl\/inicio\/2025\/06\/19\/guia-de-valorizacion-de-la-reserva-de-la-biosfera-laguna-san-rafael-y-el-guayaneco\/\" tabindex=\"-1\" ><div class=\"elementor-post__thumbnail\"><img decoding=\"async\" width=\"159\" height=\"300\" src=\"https:\/\/ciep.cl\/inicio\/wp-content\/uploads\/2025\/06\/image-1-159x300.jpg\" class=\"attachment-medium size-medium wp-image-10825\" alt=\"\" srcset=\"https:\/\/ciep.cl\/inicio\/wp-content\/uploads\/2025\/06\/image-1-159x300.jpg 159w, https:\/\/ciep.cl\/inicio\/wp-content\/uploads\/2025\/06\/image-1.jpg 310w\" sizes=\"(max-width: 159px) 100vw, 159px\" \/><\/div><\/a>\n\t\t\t\t<div class=\"elementor-post__text\">\n\t\t\t\t<h3 class=\"elementor-post__title\">\n\t\t\t<a href=\"https:\/\/ciep.cl\/inicio\/2025\/06\/19\/guia-de-valorizacion-de-la-reserva-de-la-biosfera-laguna-san-rafael-y-el-guayaneco\/\" >\n\t\t\t\tGu\u00eda de Valorizaci\u00f3n de la Reserva de la Biosfera Laguna San Rafael y el Guayaneco\t\t\t<\/a>\n\t\t<\/h3>\n\t\t\t\t<div class=\"elementor-post__excerpt\">\n\t\t\t<p>Este material busca poner en valor este tesoro natural que es parte esencial de nuestra regi\u00f3n. Para ello, creemos que<\/p>\n\t\t<\/div>\n\t\t\n\t\t<a class=\"elementor-post__read-more\" href=\"https:\/\/ciep.cl\/inicio\/2025\/06\/19\/guia-de-valorizacion-de-la-reserva-de-la-biosfera-laguna-san-rafael-y-el-guayaneco\/\" aria-label=\"M\u00e1s informaci\u00f3n sobre Gu\u00eda de Valorizaci\u00f3n de la Reserva de la Biosfera Laguna San Rafael y el Guayaneco\" tabindex=\"-1\" >\n\t\t\tLeer m\u00e1s \u00bb\t\t<\/a>\n\n\t\t\t\t<\/div>\n\t\t\t\t<div class=\"elementor-post__meta-data\">\n\t\t\t\t\t<span class=\"elementor-post-date\">\n\t\t\tjunio 19, 2025\t\t<\/span>\n\t\t\t\t<\/div>\n\t\t\t\t\t<\/div>\n\t\t<\/article>\n\t\t\t\t<article class=\"elementor-post elementor-grid-item post-8663 post type-post status-publish format-standard has-post-thumbnail hentry category-noticias category-turismo-sustentable tag-alexandra-salazar tag-fabien-bourlon infinite-scroll-item\">\n\t\t\t<div class=\"elementor-post__card\">\n\t\t\t\t<div class=\"elementor-post__text\">\n\t\t\t\t<h3 class=\"elementor-post__title\">\n\t\t\t<a href=\"https:\/\/ciep.cl\/inicio\/2024\/11\/25\/seminario-fomenta-el-dialogo-entre-ciencia-y-comunidad-local-para-la-valorizacion-de-la-reserva-de-biosfera-laguna-san-rafael\/\" >\n\t\t\t\tSeminario fomenta el di\u00e1logo entre ciencia y comunidad local para la Valorizaci\u00f3n de la Reserva de Biosfera Laguna San Rafael\t\t\t<\/a>\n\t\t<\/h3>\n\t\t\t\t<div class=\"elementor-post__excerpt\">\n\t\t\t<p>En el marco del II Seminario y Encuentro Cient\u00edfico Cultural realizado en la comuna, cient\u00edficos, y comunidades locales se reunieron<\/p>\n\t\t<\/div>\n\t\t\n\t\t<a class=\"elementor-post__read-more\" href=\"https:\/\/ciep.cl\/inicio\/2024\/11\/25\/seminario-fomenta-el-dialogo-entre-ciencia-y-comunidad-local-para-la-valorizacion-de-la-reserva-de-biosfera-laguna-san-rafael\/\" aria-label=\"M\u00e1s informaci\u00f3n sobre Seminario fomenta el di\u00e1logo entre ciencia y comunidad local para la Valorizaci\u00f3n de la Reserva de Biosfera Laguna San Rafael\" tabindex=\"-1\" >\n\t\t\tLeer m\u00e1s \u00bb\t\t<\/a>\n\n\t\t\t\t<\/div>\n\t\t\t\t<div class=\"elementor-post__meta-data\">\n\t\t\t\t\t<span class=\"elementor-post-date\">\n\t\t\tnoviembre 25, 2024\t\t<\/span>\n\t\t\t\t<\/div>\n\t\t\t\t\t<\/div>\n\t\t<\/article>\n\t\t\t\t<article class=\"elementor-post elementor-grid-item post-8657 post type-post status-publish format-standard has-post-thumbnail hentry category-noticias category-turismo-sustentable tag-fabien-bourlon infinite-scroll-item\">\n\t\t\t<div class=\"elementor-post__card\">\n\t\t\t\t<div class=\"elementor-post__text\">\n\t\t\t\t<h3 class=\"elementor-post__title\">\n\t\t\t<a href=\"https:\/\/ciep.cl\/inicio\/2024\/11\/20\/ciep-participa-en-la-cop16-con-una-ponencia-sobre-el-equilibrio-entre-ciencia-turismo-y-desarrollo-regional\/\" >\n\t\t\t\tCIEP participa en la COP16 con una ponencia sobre el equilibrio entre ciencia, turismo y desarrollo regional\t\t\t<\/a>\n\t\t<\/h3>\n\t\t\t\t<div class=\"elementor-post__excerpt\">\n\t\t\t<p>Durante la celebraci\u00f3n de la COP16 en Cali, Colombia, el Dr. Fabien Bourlon, investigador del CIEP, ofreci\u00f3 una conferencia en<\/p>\n\t\t<\/div>\n\t\t\n\t\t<a class=\"elementor-post__read-more\" href=\"https:\/\/ciep.cl\/inicio\/2024\/11\/20\/ciep-participa-en-la-cop16-con-una-ponencia-sobre-el-equilibrio-entre-ciencia-turismo-y-desarrollo-regional\/\" aria-label=\"M\u00e1s informaci\u00f3n sobre CIEP participa en la COP16 con una ponencia sobre el equilibrio entre ciencia, turismo y desarrollo regional\" tabindex=\"-1\" >\n\t\t\tLeer m\u00e1s \u00bb\t\t<\/a>\n\n\t\t\t\t<\/div>\n\t\t\t\t<div class=\"elementor-post__meta-data\">\n\t\t\t\t\t<span class=\"elementor-post-date\">\n\t\t\tnoviembre 20, 2024\t\t<\/span>\n\t\t\t\t<\/div>\n\t\t\t\t\t<\/div>\n\t\t<\/article>\n\t\t\t\t<\/div>\n\t\t\t\t\t<span class=\"e-load-more-spinner\">\n\t\t\t\t<svg aria-hidden=\"true\" class=\"e-font-icon-svg e-fas-spinner\" viewBox=\"0 0 512 512\" xmlns=\"http:\/\/www.w3.org\/2000\/svg\"><path d=\"M304 48c0 26.51-21.49 48-48 48s-48-21.49-48-48 21.49-48 48-48 48 21.49 48 48zm-48 368c-26.51 0-48 21.49-48 48s21.49 48 48 48 48-21.49 48-48-21.49-48-48-48zm208-208c-26.51 0-48 21.49-48 48s21.49 48 48 48 48-21.49 48-48-21.49-48-48-48zM96 256c0-26.51-21.49-48-48-48S0 229.49 0 256s21.49 48 48 48 48-21.49 48-48zm12.922 99.078c-26.51 0-48 21.49-48 48s21.49 48 48 48 48-21.49 48-48c0-26.509-21.491-48-48-48zm294.156 0c-26.51 0-48 21.49-48 48s21.49 48 48 48 48-21.49 48-48c0-26.509-21.49-48-48-48zM108.922 60.922c-26.51 0-48 21.49-48 48s21.49 48 48 48 48-21.49 48-48-21.491-48-48-48z\"><\/path><\/svg>\t\t\t<\/span>\n\t\t\n\t\t\t\t<div class=\"e-load-more-anchor\" data-page=\"1\" data-max-page=\"11\" data-next-page=\"https:\/\/ciep.cl\/inicio\/wp-json\/wp\/v2\/posts\/311\/page\/2\/\"><\/div>\n\t\t\t\t<div class=\"e-load-more-message\"><\/div>\n\t\t\t\t\t\t<\/div>\n\t\t\t\t<\/div>\n\t\t\t\t<\/div>\n\t\t\t\t\t<\/div>\n\t\t\t\t<\/div>\n\t\t\t\t<\/div>\n\t\t","protected":false},"excerpt":{"rendered":"<p>fabienbourlon@ciep.cl +56 (67) 2247834 Km 4,5 Camino a Puerto Ays\u00e9n, Sector El Arenal INVESTIGADOR RESIDENTE \/ GE\u00d3LOGO Y GE\u00d3GRAFO Investigador residente responsable del \u00e1rea de Turismo Cient\u00edfico del Departamento de Turismo Sustentable del CIEP en la ciudad de Coyhaique, regi\u00f3n &#8230; <\/p>\n<p class=\"read-more-container\"><a title=\"CIEP participa en la COP16 con una ponencia sobre el equilibrio entre ciencia, turismo y desarrollo regional\" class=\"read-more button\" href=\"https:\/\/ciep.cl\/inicio\/2024\/11\/20\/ciep-participa-en-la-cop16-con-una-ponencia-sobre-el-equilibrio-entre-ciencia-turismo-y-desarrollo-regional\/#more-8657\" aria-label=\"Leer m\u00e1s sobre CIEP participa en la COP16 con una ponencia sobre el equilibrio entre ciencia, turismo y desarrollo regional\">Leer m\u00e1s<\/a><\/p>\n","protected":false},"author":2,"featured_media":183,"comment_status":"closed","ping_status":"closed","sticky":false,"template":"elementor_header_footer","format":"standard","meta":{"footnotes":""},"categories":[12],"tags":[],"class_list":["post-311","post","type-post","status-publish","format-standard","has-post-thumbnail","hentry","category-investigadores-residentes","infinite-scroll-item"],"_links":{"self":[{"href":"https:\/\/ciep.cl\/inicio\/wp-json\/wp\/v2\/posts\/311","targetHints":{"allow":["GET"]}}],"collection":[{"href":"https:\/\/ciep.cl\/inicio\/wp-json\/wp\/v2\/posts"}],"about":[{"href":"https:\/\/ciep.cl\/inicio\/wp-json\/wp\/v2\/types\/post"}],"author":[{"embeddable":true,"href":"https:\/\/ciep.cl\/inicio\/wp-json\/wp\/v2\/users\/2"}],"replies":[{"embeddable":true,"href":"https:\/\/ciep.cl\/inicio\/wp-json\/wp\/v2\/comments?post=311"}],"version-history":[{"count":67,"href":"https:\/\/ciep.cl\/inicio\/wp-json\/wp\/v2\/posts\/311\/revisions"}],"predecessor-version":[{"id":10240,"href":"https:\/\/ciep.cl\/inicio\/wp-json\/wp\/v2\/posts\/311\/revisions\/10240"}],"wp:featuredmedia":[{"embeddable":true,"href":"https:\/\/ciep.cl\/inicio\/wp-json\/wp\/v2\/media\/183"}],"wp:attachment":[{"href":"https:\/\/ciep.cl\/inicio\/wp-json\/wp\/v2\/media?parent=311"}],"wp:term":[{"taxonomy":"category","embeddable":true,"href":"https:\/\/ciep.cl\/inicio\/wp-json\/wp\/v2\/categories?post=311"},{"taxonomy":"post_tag","embeddable":true,"href":"https:\/\/ciep.cl\/inicio\/wp-json\/wp\/v2\/tags?post=311"}],"curies":[{"name":"wp","href":"https:\/\/api.w.org\/{rel}","templated":true}]}}