{"id":3551,"date":"2021-01-29T23:23:00","date_gmt":"2021-01-30T02:23:00","guid":{"rendered":"http:\/\/www.ciep.cl\/soledad\/?p=3551"},"modified":"2021-01-29T23:23:00","modified_gmt":"2021-01-30T02:23:00","slug":"inedita-mision-cientifica-explorara-las-costas-de-chile-antartica-y-africa-durante-dos-anos","status":"publish","type":"post","link":"https:\/\/ciep.cl\/inicio\/2021\/01\/29\/inedita-mision-cientifica-explorara-las-costas-de-chile-antartica-y-africa-durante-dos-anos\/","title":{"rendered":"In\u00e9dita misi\u00f3n cient\u00edfica explorar\u00e1 las costas de Chile, Ant\u00e1rtica y \u00c1frica durante dos a\u00f1os"},"content":{"rendered":"\n<p><em>El velero franc\u00e9s TARA conectar\u00e1 los oc\u00e9anos Atl\u00e1ntico y Pac\u00edfico para estudiar el microbioma marino. En la red de colaboraci\u00f3n detr\u00e1s de la iniciativa participan m\u00e1s de 700 investigadores nacionales y extranjeros.<\/em><\/p>\n\n\n\n<!--more-->\n\n\n\n<p>La fundaci\u00f3n francesa TARA Oc\u00e9an en colaboraci\u00f3n con 36 instituciones internacionales y nueve chilenas, recientemente lanz\u00f3 una in\u00e9dita misi\u00f3n cient\u00edfica dedicada a la investigaci\u00f3n del microbioma marino que unir\u00e1 los oc\u00e9anos Atl\u00e1ntico y Pac\u00edfico en una campa\u00f1a destinada a responder las principales preguntas relacionadas al cambio clim\u00e1tico y la productividad de nuestros mares.<\/p>\n\n\n\n<p>Durante esta campa\u00f1a, el velero cient\u00edfico TARA \u2013que zarp\u00f3 en diciembre pasado desde el puerto de Lorient (Francia)\u2013 ser\u00e1 el centro de operaciones de un equipo de aproximadamente 30 cient\u00edficos chilenos que contribuir\u00e1 a esta iniciativa mediante un trabajo espec\u00edfico sobre la capacidad de las costas de Chile para absorber CO2 desde la atmosfera a trav\u00e9s del Programa CEODOS, impulsado por un consorcio de centros de excelencia nacionales y el Ministerio de Ciencia, Tecnolog\u00eda, Conocimiento e Innovaci\u00f3n.<\/p>\n\n\n\n<p>Expertos en cambio clim\u00e1tico, biolog\u00eda y qu\u00edmica marina, metagen\u00f3mica, modelamiento matem\u00e1tico e inteligencia artificial trabajar\u00e1n juntos para proporcionar una evaluaci\u00f3n inicial de la diversidad del plancton (desde el zooplancton hasta los virus), con aspectos oceanogr\u00e1ficos, gen\u00f3micos, bioinform\u00e1ticos y de ciencia de datos de \u00faltima generaci\u00f3n. Con ello, se busca cuantificar el estado fisiol\u00f3gico de los organismos responsables de la absorci\u00f3n de CO2 y otros gases de efecto invernadero en el oc\u00e9ano.<\/p>\n\n\n\n<p>Varios de los principales centros de excelencia en Chile \u2013 Centro de Modelamiento Matem\u00e1tico (CMM), Centro de Ciencia del Clima y la Resiliencia (CR2), Centro de Investigaci\u00f3n Din\u00e1mica de Ecosistemas Marinos de Altas Latitudes (IDEAL), Centro de Investigaci\u00f3n en Ecosistemas de la Patagonia (CIEP), Centro de Investigaci\u00f3n Oceanogr\u00e1fica (COPAS Sur-Austral), Centro de Regulaci\u00f3n del Genoma (CRG), Centro Interdisciplinario para la Investigaci\u00f3n Acu\u00edcola (INCAR), el Laboratorio Internacional Asociado \u201cEstrategias Adaptativas Multiescala (LIA MAST), y el Instituto Franc\u00e9s de Investigaci\u00f3n en Ciencias y Tecnolog\u00edas Digitales (INRIA-Chile), llevar\u00e1n a cabo una observaci\u00f3n integrada y multidisciplinar del Oc\u00e9ano Chileno, que con sus 120.827 km2 de mar territorial es considerado un verdadero laboratorio natural de los efectos del cambio clim\u00e1tico. Adem\u00e1s, un equipo de cient\u00edficos en terreno realizar\u00e1 experimentos simult\u00e1neos en puntos clave para as\u00ed generar la primera base de datos integral de la totalidad del territorio costero chileno, lo que se espera repetir cada 5 a\u00f1os.<\/p>\n\n\n\n<p>\u201cDe manera general, esta misi\u00f3n proporcionar\u00e1 una comprensi\u00f3n m\u00e1s detallada de los principales mecanismos que vinculan el microbioma y el clima en toda la costa de Chile. El programa CEODOS es una iniciativa a largo plazo que busca monitorear el Oc\u00e9ano Chileno cada cinco a\u00f1os y as\u00ed seguir su transici\u00f3n hacia la nueva normalidad que trae el cambio global\u201d, explica Camila Fern\u00e1ndez, profesora visitante del Departamento de Oceanograf\u00eda de la Universidad de Concepci\u00f3n, investigadora del CNRS, y co-coordinadora de la misi\u00f3n en Chile.<\/p>\n\n\n\n<p>\u201cAl inicio de la d\u00e9cada de las ciencias oce\u00e1nicas, CEODOS y TARA, como los proyectos Go-SEE y Ocean-IA asociados, representan una oportunidad hist\u00f3rica para promover un monitoreo robusto y multidisciplinario de la biodiversidad marina en Chile, con la gran cantidad de datos biol\u00f3gicos,&nbsp; f\u00edsico-qu\u00edmicos y del medio ambiente asociados a este microbioma del oc\u00e9ano tenemos la oportunidad generar modelos e informaci\u00f3n \u00fanicos para entender la relaci\u00f3n Oc\u00e9ano-Clima-Biodiversidad de manera cuantitativa y ser un apoyo cada vez m\u00e1s robusto a la toma de decisiones\u201d, asegura Alejandro Maass, director del Centro de Modelamiento Matem\u00e1tico (CMM) de la Universidad de Chile y co-coordinador de la misi\u00f3n en Chile.<\/p>\n\n\n\n<p>&nbsp;\u201cEste peque\u00f1o velero de dos m\u00e1stiles est\u00e1 dotado con la \u00faltima tecnolog\u00eda mar\u00edtima y cient\u00edfica\u201d nos relata el Dr. en Qu\u00edmica y coordinador de la l\u00ednea de Ecosistemas Acu\u00e1ticos del Centro de Investigaciones en Ecosistemas de la Patagonia (CIEP) Rodrigo Torres, y qui\u00e9n adem\u00e1s ser\u00e1 el jefe de expedici\u00f3n en esta primera etapa que contempla las costas de las regiones de Magallanes, Ays\u00e9n y Los Lagos, la que se estima iniciar el pr\u00f3ximo 14 de febrero en Punta Arenas y durar\u00e1 aproximadamente un mes. \u201cCIEP ha sido invitado para trabajar en este crucero para estudiar el intercambio de CO2 entre el oc\u00e9ano y la atm\u00f3sfera y otros efectos que tiene en la columna de agua como el cambio del PH del agua de mar\u201d, nos aclara Torres, qui\u00e9n junto al bi\u00f3logo marino Emilio Alarc\u00f3n se encargar\u00e1n de este estudio tanto en la parte pac\u00edfica, como en lo que concierne al atl\u00e1ntico y costa de la pen\u00ednsula Ant\u00e1rtica. Alarc\u00f3n realizar\u00e1 las mediciones a lo largo de toda la costa de Am\u00e9rica por unos 10 meses, analizando sistema carbonato y qu\u00edmica del agua, mediciones que luego se comparar\u00e1n con las que realizar\u00e1 el Centro de Ciencia del Clima y Resiliencia (CR)<sup>2. <\/sup>.\u201cEs una oportunidad \u00fanica de conocer esas din\u00e1micas del CO2 en la costa sudamericana, porque da la navegaci\u00f3n completa, entonces vamos a poder saber exactamente lo que pasa en la costa de Chile en un periodo muy corto y podremos comparar las similitudes y diferencias con otras partes de Sudam\u00e9rica\u201d destaca el investigador de CIEP.<\/p>\n\n\n\n<p>&nbsp;A lo largo de la campa\u00f1a, y seg\u00fan la evoluci\u00f3n de las condiciones sanitarias del Covid-19, se llevar\u00e1n a cabo actividades de divulgaci\u00f3n cient\u00edfica en las ciudades donde el velero TARA realizar\u00e1 detenciones: Punta Arenas (entre el 10 y 14 de febrero), Puerto Montt (entre el 18 y 21 de marzo), Concepci\u00f3n (entre el 6 y 10 de abril), Valpara\u00edso (entre el 20 y 25 abril), Iquique (9 y 12 de mayo) y Ant\u00e1rtica (noviembre y diciembre de 2021).<\/p>\n\n\n\n<p>La aventura humana y cient\u00edfica podr\u00e1 seguirse a trav\u00e9s de las plataformas digitales de la Fundaci\u00f3n TARA Oc\u00e9an y de los centros cient\u00edficos chilenos.<br \/><\/p>\n\n\n\n<p>En la web: www.ceodoschile.cl<\/p>\n","protected":false},"excerpt":{"rendered":"<p>El velero franc\u00e9s TARA conectar\u00e1 los oc\u00e9anos Atl\u00e1ntico y Pac\u00edfico para estudiar el microbioma marino. En la red de colaboraci\u00f3n detr\u00e1s de la iniciativa participan m\u00e1s de 700 investigadores nacionales y extranjeros.<\/p>\n","protected":false},"author":3,"featured_media":3554,"comment_status":"open","ping_status":"open","sticky":false,"template":"","format":"standard","meta":{"footnotes":""},"categories":[35],"tags":[],"class_list":["post-3551","post","type-post","status-publish","format-standard","has-post-thumbnail","hentry","category-ecosistemas-acuaticos","infinite-scroll-item"],"_links":{"self":[{"href":"https:\/\/ciep.cl\/inicio\/wp-json\/wp\/v2\/posts\/3551","targetHints":{"allow":["GET"]}}],"collection":[{"href":"https:\/\/ciep.cl\/inicio\/wp-json\/wp\/v2\/posts"}],"about":[{"href":"https:\/\/ciep.cl\/inicio\/wp-json\/wp\/v2\/types\/post"}],"author":[{"embeddable":true,"href":"https:\/\/ciep.cl\/inicio\/wp-json\/wp\/v2\/users\/3"}],"replies":[{"embeddable":true,"href":"https:\/\/ciep.cl\/inicio\/wp-json\/wp\/v2\/comments?post=3551"}],"version-history":[{"count":0,"href":"https:\/\/ciep.cl\/inicio\/wp-json\/wp\/v2\/posts\/3551\/revisions"}],"wp:featuredmedia":[{"embeddable":true,"href":"https:\/\/ciep.cl\/inicio\/wp-json\/"}],"wp:attachment":[{"href":"https:\/\/ciep.cl\/inicio\/wp-json\/wp\/v2\/media?parent=3551"}],"wp:term":[{"taxonomy":"category","embeddable":true,"href":"https:\/\/ciep.cl\/inicio\/wp-json\/wp\/v2\/categories?post=3551"},{"taxonomy":"post_tag","embeddable":true,"href":"https:\/\/ciep.cl\/inicio\/wp-json\/wp\/v2\/tags?post=3551"}],"curies":[{"name":"wp","href":"https:\/\/api.w.org\/{rel}","templated":true}]}}