{"id":371,"date":"2025-02-28T14:00:40","date_gmt":"2025-02-28T14:00:40","guid":{"rendered":"https:\/\/prueba.ciep.cl\/?p=371"},"modified":"2025-04-29T20:34:29","modified_gmt":"2025-04-29T20:34:29","slug":"dr-giovanni-daneri","status":"publish","type":"post","link":"https:\/\/ciep.cl\/inicio\/2025\/02\/28\/dr-giovanni-daneri\/","title":{"rendered":"Dr. Giovanni Daneri"},"content":{"rendered":"\t\t<div data-elementor-type=\"wp-post\" data-elementor-id=\"371\" class=\"elementor elementor-371\" data-elementor-post-type=\"post\">\n\t\t\t\t<div class=\"elementor-element elementor-element-774e421a e-flex e-con-boxed e-con e-parent\" data-id=\"774e421a\" data-element_type=\"container\">\n\t\t\t\t\t<div class=\"e-con-inner\">\n\t\t<div class=\"elementor-element elementor-element-6f27508b e-con-full e-flex e-con e-child\" data-id=\"6f27508b\" data-element_type=\"container\">\n\t\t\t\t<div class=\"elementor-element elementor-element-29159c90 elementor-widget elementor-widget-theme-post-featured-image elementor-widget-image\" data-id=\"29159c90\" data-element_type=\"widget\" data-widget_type=\"theme-post-featured-image.default\">\n\t\t\t\t<div class=\"elementor-widget-container\">\n\t\t\t\t\t\t\t\t\t\t\t\t\t\t\t<img fetchpriority=\"high\" decoding=\"async\" width=\"1024\" height=\"1024\" src=\"https:\/\/ciep.cl\/inicio\/wp-content\/uploads\/2025\/02\/Giovanni-Daneri-1024x1024.jpg\" class=\"attachment-large size-large wp-image-184\" alt=\"\" srcset=\"https:\/\/ciep.cl\/inicio\/wp-content\/uploads\/2025\/02\/Giovanni-Daneri-1024x1024.jpg 1024w, https:\/\/ciep.cl\/inicio\/wp-content\/uploads\/2025\/02\/Giovanni-Daneri-300x300.jpg 300w, https:\/\/ciep.cl\/inicio\/wp-content\/uploads\/2025\/02\/Giovanni-Daneri-150x150.jpg 150w, https:\/\/ciep.cl\/inicio\/wp-content\/uploads\/2025\/02\/Giovanni-Daneri-768x768.jpg 768w, https:\/\/ciep.cl\/inicio\/wp-content\/uploads\/2025\/02\/Giovanni-Daneri.jpg 1080w\" sizes=\"(max-width: 1024px) 100vw, 1024px\" \/>\t\t\t\t\t\t\t\t\t\t\t\t\t\t\t<\/div>\n\t\t\t\t<\/div>\n\t\t\t\t<div class=\"elementor-element elementor-element-177f0b4c elementor-icon-list--layout-traditional elementor-list-item-link-full_width elementor-widget elementor-widget-icon-list\" data-id=\"177f0b4c\" data-element_type=\"widget\" data-widget_type=\"icon-list.default\">\n\t\t\t\t<div class=\"elementor-widget-container\">\n\t\t\t\t\t\t\t<ul class=\"elementor-icon-list-items\">\n\t\t\t\t\t\t\t<li class=\"elementor-icon-list-item\">\n\t\t\t\t\t\t\t\t\t\t\t<span class=\"elementor-icon-list-icon\">\n\t\t\t\t\t\t\t<svg aria-hidden=\"true\" class=\"e-font-icon-svg e-far-envelope\" viewBox=\"0 0 512 512\" xmlns=\"http:\/\/www.w3.org\/2000\/svg\"><path d=\"M464 64H48C21.49 64 0 85.49 0 112v288c0 26.51 21.49 48 48 48h416c26.51 0 48-21.49 48-48V112c0-26.51-21.49-48-48-48zm0 48v40.805c-22.422 18.259-58.168 46.651-134.587 106.49-16.841 13.247-50.201 45.072-73.413 44.701-23.208.375-56.579-31.459-73.413-44.701C106.18 199.465 70.425 171.067 48 152.805V112h416zM48 400V214.398c22.914 18.251 55.409 43.862 104.938 82.646 21.857 17.205 60.134 55.186 103.062 54.955 42.717.231 80.509-37.199 103.053-54.947 49.528-38.783 82.032-64.401 104.947-82.653V400H48z\"><\/path><\/svg>\t\t\t\t\t\t<\/span>\n\t\t\t\t\t\t\t\t\t\t<span class=\"elementor-icon-list-text\">gdaneri@ciep.cl<\/span>\n\t\t\t\t\t\t\t\t\t<\/li>\n\t\t\t\t\t\t\t\t<li class=\"elementor-icon-list-item\">\n\t\t\t\t\t\t\t\t\t\t\t<span class=\"elementor-icon-list-icon\">\n\t\t\t\t\t\t\t<svg aria-hidden=\"true\" class=\"e-font-icon-svg e-fas-phone-alt\" viewBox=\"0 0 512 512\" xmlns=\"http:\/\/www.w3.org\/2000\/svg\"><path d=\"M497.39 361.8l-112-48a24 24 0 0 0-28 6.9l-49.6 60.6A370.66 370.66 0 0 1 130.6 204.11l60.6-49.6a23.94 23.94 0 0 0 6.9-28l-48-112A24.16 24.16 0 0 0 122.6.61l-104 24A24 24 0 0 0 0 48c0 256.5 207.9 464 464 464a24 24 0 0 0 23.4-18.6l24-104a24.29 24.29 0 0 0-14.01-27.6z\"><\/path><\/svg>\t\t\t\t\t\t<\/span>\n\t\t\t\t\t\t\t\t\t\t<span class=\"elementor-icon-list-text\">+56 (67) 2247817<\/span>\n\t\t\t\t\t\t\t\t\t<\/li>\n\t\t\t\t\t\t\t\t<li class=\"elementor-icon-list-item\">\n\t\t\t\t\t\t\t\t\t\t\t<span class=\"elementor-icon-list-icon\">\n\t\t\t\t\t\t\t<svg aria-hidden=\"true\" class=\"e-font-icon-svg e-fas-map-marker-alt\" viewBox=\"0 0 384 512\" xmlns=\"http:\/\/www.w3.org\/2000\/svg\"><path d=\"M172.268 501.67C26.97 291.031 0 269.413 0 192 0 85.961 85.961 0 192 0s192 85.961 192 192c0 77.413-26.97 99.031-172.268 309.67-9.535 13.774-29.93 13.773-39.464 0zM192 272c44.183 0 80-35.817 80-80s-35.817-80-80-80-80 35.817-80 80 35.817 80 80 80z\"><\/path><\/svg>\t\t\t\t\t\t<\/span>\n\t\t\t\t\t\t\t\t\t\t<span class=\"elementor-icon-list-text\">Km 4,5 Camino a Puerto Ays\u00e9n, Sector El Arenal<\/span>\n\t\t\t\t\t\t\t\t\t<\/li>\n\t\t\t\t\t\t<\/ul>\n\t\t\t\t\t\t<\/div>\n\t\t\t\t<\/div>\n\t\t\t\t<div class=\"elementor-element elementor-element-1fd7c3da elementor-widget-divider--view-line elementor-widget elementor-widget-divider\" data-id=\"1fd7c3da\" data-element_type=\"widget\" data-widget_type=\"divider.default\">\n\t\t\t\t<div class=\"elementor-widget-container\">\n\t\t\t\t\t\t\t<div class=\"elementor-divider\">\n\t\t\t<span class=\"elementor-divider-separator\">\n\t\t\t\t\t\t<\/span>\n\t\t<\/div>\n\t\t\t\t\t\t<\/div>\n\t\t\t\t<\/div>\n\t\t\t\t<\/div>\n\t\t<div class=\"elementor-element elementor-element-55810797 e-con-full e-flex e-con e-child\" data-id=\"55810797\" data-element_type=\"container\">\n\t\t\t\t<div class=\"elementor-element elementor-element-79221c23 elementor-widget elementor-widget-theme-post-title elementor-page-title elementor-widget-heading\" data-id=\"79221c23\" data-element_type=\"widget\" data-widget_type=\"theme-post-title.default\">\n\t\t\t\t<div class=\"elementor-widget-container\">\n\t\t\t\t\t<h1 class=\"elementor-heading-title elementor-size-default\">Dr. Giovanni Daneri<\/h1>\t\t\t\t<\/div>\n\t\t\t\t<\/div>\n\t\t\t\t<div class=\"elementor-element elementor-element-16f20189 elementor-widget elementor-widget-heading\" data-id=\"16f20189\" data-element_type=\"widget\" data-widget_type=\"heading.default\">\n\t\t\t\t<div class=\"elementor-widget-container\">\n\t\t\t\t\t<h5 class=\"elementor-heading-title elementor-size-default\">INVESTIGADOR REDIDENTE \/ DOCTOR OCEANOGRAF\u00cdA<\/h5>\t\t\t\t<\/div>\n\t\t\t\t<\/div>\n\t\t\t\t<div class=\"elementor-element elementor-element-438dfb20 elementor-widget elementor-widget-text-editor\" data-id=\"438dfb20\" data-element_type=\"widget\" data-widget_type=\"text-editor.default\">\n\t\t\t\t<div class=\"elementor-widget-container\">\n\t\t\t\t\t\t\t\t\t<p>Doctor y M\u00e1ster en Oceanograf\u00eda de la Universidad Southampton, Inglaterra, y formaci\u00f3n postdoctoral en el University College of North Wales, Reino Unido. Especialista en flujos de carbono y factores ambientales que afectan la productividad primaria y bacteriana, y el carbono org\u00e1nico disuelto de fiordos y sistema de canales dentro de la Patagonia chilena. El Dr. Daneri es co-investigador dentro del programa COPAS Sur Austral (Universidad de Concepci\u00f3n) y participa como profesor asociado de los programas de doctorado en: Oceanograf\u00eda de la Universidad de Concepci\u00f3n y de Biolog\u00eda Marina de la Universidad Austral de Chile (UACh), y adem\u00e1s es profesor asociado del Programa en Ciencias y Tecnolog\u00edas para el Medio Ambiente y el Paisaje (ESTAT) \u201d de la Universidad de G\u00e9nova, Italia.<\/p>\t\t\t\t\t\t\t\t<\/div>\n\t\t\t\t<\/div>\n\t\t\t\t<\/div>\n\t\t\t\t\t<\/div>\n\t\t\t\t<\/div>\n\t\t<div class=\"elementor-element elementor-element-39c0a7b e-flex e-con-boxed e-con e-parent\" data-id=\"39c0a7b\" data-element_type=\"container\">\n\t\t\t\t\t<div class=\"e-con-inner\">\n\t\t<div class=\"elementor-element elementor-element-bc7f5e7 e-con-full e-flex e-con e-child\" data-id=\"bc7f5e7\" data-element_type=\"container\">\n\t\t\t\t<div class=\"elementor-element elementor-element-137d921 elementor-view-default elementor-widget elementor-widget-icon\" data-id=\"137d921\" data-element_type=\"widget\" data-widget_type=\"icon.default\">\n\t\t\t\t<div class=\"elementor-widget-container\">\n\t\t\t\t\t\t\t<div class=\"elementor-icon-wrapper\">\n\t\t\t<div class=\"elementor-icon\">\n\t\t\t<svg aria-hidden=\"true\" class=\"e-font-icon-svg e-fas-book-open\" viewBox=\"0 0 576 512\" xmlns=\"http:\/\/www.w3.org\/2000\/svg\"><path d=\"M542.22 32.05c-54.8 3.11-163.72 14.43-230.96 55.59-4.64 2.84-7.27 7.89-7.27 13.17v363.87c0 11.55 12.63 18.85 23.28 13.49 69.18-34.82 169.23-44.32 218.7-46.92 16.89-.89 30.02-14.43 30.02-30.66V62.75c.01-17.71-15.35-31.74-33.77-30.7zM264.73 87.64C197.5 46.48 88.58 35.17 33.78 32.05 15.36 31.01 0 45.04 0 62.75V400.6c0 16.24 13.13 29.78 30.02 30.66 49.49 2.6 149.59 12.11 218.77 46.95 10.62 5.35 23.21-1.94 23.21-13.46V100.63c0-5.29-2.62-10.14-7.27-12.99z\"><\/path><\/svg>\t\t\t<\/div>\n\t\t<\/div>\n\t\t\t\t\t\t<\/div>\n\t\t\t\t<\/div>\n\t\t\t\t<div class=\"elementor-element elementor-element-5ac96bd elementor-widget elementor-widget-heading\" data-id=\"5ac96bd\" data-element_type=\"widget\" data-widget_type=\"heading.default\">\n\t\t\t\t<div class=\"elementor-widget-container\">\n\t\t\t\t\t<h2 class=\"elementor-heading-title elementor-size-default\">Material relacionado<\/h2>\t\t\t\t<\/div>\n\t\t\t\t<\/div>\n\t\t\t\t<div class=\"elementor-element elementor-element-77ee2d7 elementor-widget elementor-widget-text-editor\" data-id=\"77ee2d7\" data-element_type=\"widget\" data-widget_type=\"text-editor.default\">\n\t\t\t\t<div class=\"elementor-widget-container\">\n\t\t\t\t\t\t\t\t\t<p>Elige qu\u00e9 tipo de material te interesa revisar:<\/p>\t\t\t\t\t\t\t\t<\/div>\n\t\t\t\t<\/div>\n\t\t\t\t<div class=\"elementor-element elementor-element-3038921 elementor-widget elementor-widget-jet-smart-filters-checkboxes\" data-id=\"3038921\" data-element_type=\"widget\" data-widget_type=\"jet-smart-filters-checkboxes.default\">\n\t\t\t\t<div class=\"elementor-widget-container\">\n\t\t\t\t\t<div class=\"jet-smart-filters-checkboxes jet-filter \" data-indexer-rule=\"show\" data-show-counter=\"\" data-change-counter=\"always\"><div class=\"jet-checkboxes-list\" data-query-type=\"tax_query\" data-query-var=\"category\" data-smart-filter=\"checkboxes\" data-filter-id=\"10153\" data-apply-type=\"ajax\" data-content-provider=\"epro-posts\" data-additional-providers=\"\" data-query-id=\"default\" data-active-label=\"\" data-layout-options=\"{&quot;show_label&quot;:&quot;&quot;,&quot;display_options&quot;:{&quot;show_items_label&quot;:false,&quot;show_decorator&quot;:&quot;yes&quot;,&quot;filter_image_size&quot;:&quot;full&quot;,&quot;show_counter&quot;:false}}\" data-query-var-suffix=\"\" data-apply-on=\"value\"><fieldset class=\"jet-checkboxes-list-wrapper\"><legend style=\"display:none;\">Material Investigadores<\/legend><div class=\"jet-checkboxes-list__row jet-filter-row\">\n\t\t<label class=\"jet-checkboxes-list__item\" >\n\t\t<input\n\t\t\ttype=\"checkbox\"\n\t\t\tclass=\"jet-checkboxes-list__input\"\n\t\t\tname=\"category\"\n\t\t\tvalue=\"5\"\n\t\t\tdata-label=\"NOTICIAS\"\n\t\t\t\t\t\taria-label=\"NOTICIAS\"\n\t\t\t\t\t>\n\t\t<div class=\"jet-checkboxes-list__button\">\n\t\t\t\t\t\t\t<span class=\"jet-checkboxes-list__decorator\">\n\t\t\t\t\t<i class=\"jet-checkboxes-list__checked-icon\"><svg width=\"28\" height=\"28\" viewBox=\"0 0 28 28\" xmlns=\"http:\/\/www.w3.org\/2000\/svg\">\n\t<path d=\"M26.109 8.844c0 0.391-0.156 0.781-0.438 1.062l-13.438 13.438c-0.281 0.281-0.672 0.438-1.062 0.438s-0.781-0.156-1.062-0.438l-7.781-7.781c-0.281-0.281-0.438-0.672-0.438-1.062s0.156-0.781 0.438-1.062l2.125-2.125c0.281-0.281 0.672-0.438 1.062-0.438s0.781 0.156 1.062 0.438l4.594 4.609 10.25-10.266c0.281-0.281 0.672-0.438 1.062-0.438s0.781 0.156 1.062 0.438l2.125 2.125c0.281 0.281 0.438 0.672 0.438 1.062z\"><\/path>\n<\/svg>\n<\/i>\n\t\t\t\t<\/span>\n\t\t\t\t\t\t<span class=\"jet-checkboxes-list__label\">NOTICIAS<\/span>\n\t\t\t\t\t<\/div>\n\t<\/label>\n<\/div><div class=\"jet-checkboxes-list__row jet-filter-row\">\n\t\t<label class=\"jet-checkboxes-list__item\" >\n\t\t<input\n\t\t\ttype=\"checkbox\"\n\t\t\tclass=\"jet-checkboxes-list__input\"\n\t\t\tname=\"category\"\n\t\t\tvalue=\"107\"\n\t\t\tdata-label=\"PROYECTOS CIEP\"\n\t\t\t\t\t\taria-label=\"PROYECTOS CIEP\"\n\t\t\t\t\t>\n\t\t<div class=\"jet-checkboxes-list__button\">\n\t\t\t\t\t\t\t<span class=\"jet-checkboxes-list__decorator\">\n\t\t\t\t\t<i class=\"jet-checkboxes-list__checked-icon\"><svg width=\"28\" height=\"28\" viewBox=\"0 0 28 28\" xmlns=\"http:\/\/www.w3.org\/2000\/svg\">\n\t<path d=\"M26.109 8.844c0 0.391-0.156 0.781-0.438 1.062l-13.438 13.438c-0.281 0.281-0.672 0.438-1.062 0.438s-0.781-0.156-1.062-0.438l-7.781-7.781c-0.281-0.281-0.438-0.672-0.438-1.062s0.156-0.781 0.438-1.062l2.125-2.125c0.281-0.281 0.672-0.438 1.062-0.438s0.781 0.156 1.062 0.438l4.594 4.609 10.25-10.266c0.281-0.281 0.672-0.438 1.062-0.438s0.781 0.156 1.062 0.438l2.125 2.125c0.281 0.281 0.438 0.672 0.438 1.062z\"><\/path>\n<\/svg>\n<\/i>\n\t\t\t\t<\/span>\n\t\t\t\t\t\t<span class=\"jet-checkboxes-list__label\">PROYECTOS CIEP<\/span>\n\t\t\t\t\t<\/div>\n\t<\/label>\n<\/div><div class=\"jet-checkboxes-list__row jet-filter-row\">\n\t\t<label class=\"jet-checkboxes-list__item\" >\n\t\t<input\n\t\t\ttype=\"checkbox\"\n\t\t\tclass=\"jet-checkboxes-list__input\"\n\t\t\tname=\"category\"\n\t\t\tvalue=\"108\"\n\t\t\tdata-label=\"PUBLICACIONES CIEP\"\n\t\t\t\t\t\taria-label=\"PUBLICACIONES CIEP\"\n\t\t\t\t\t>\n\t\t<div class=\"jet-checkboxes-list__button\">\n\t\t\t\t\t\t\t<span class=\"jet-checkboxes-list__decorator\">\n\t\t\t\t\t<i class=\"jet-checkboxes-list__checked-icon\"><svg width=\"28\" height=\"28\" viewBox=\"0 0 28 28\" xmlns=\"http:\/\/www.w3.org\/2000\/svg\">\n\t<path d=\"M26.109 8.844c0 0.391-0.156 0.781-0.438 1.062l-13.438 13.438c-0.281 0.281-0.672 0.438-1.062 0.438s-0.781-0.156-1.062-0.438l-7.781-7.781c-0.281-0.281-0.438-0.672-0.438-1.062s0.156-0.781 0.438-1.062l2.125-2.125c0.281-0.281 0.672-0.438 1.062-0.438s0.781 0.156 1.062 0.438l4.594 4.609 10.25-10.266c0.281-0.281 0.672-0.438 1.062-0.438s0.781 0.156 1.062 0.438l2.125 2.125c0.281 0.281 0.438 0.672 0.438 1.062z\"><\/path>\n<\/svg>\n<\/i>\n\t\t\t\t<\/span>\n\t\t\t\t\t\t<span class=\"jet-checkboxes-list__label\">PUBLICACIONES CIEP<\/span>\n\t\t\t\t\t<\/div>\n\t<\/label>\n<\/div><\/fieldset><\/div>\n<\/div>\t\t\t\t<\/div>\n\t\t\t\t<\/div>\n\t\t\t\t<\/div>\n\t\t<div class=\"elementor-element elementor-element-db1defe e-con-full e-flex e-con e-child\" data-id=\"db1defe\" data-element_type=\"container\">\n\t\t\t\t<div class=\"elementor-element elementor-element-5b6aaf7 elementor-grid-1 elementor-grid-tablet-2 elementor-grid-mobile-1 elementor-posts--thumbnail-top elementor-card-shadow-yes elementor-posts__hover-gradient elementor-widget elementor-widget-posts\" data-id=\"5b6aaf7\" data-element_type=\"widget\" data-settings=\"{&quot;pagination_type&quot;:&quot;load_more_infinite_scroll&quot;,&quot;cards_columns&quot;:&quot;1&quot;,&quot;cards_columns_tablet&quot;:&quot;2&quot;,&quot;cards_columns_mobile&quot;:&quot;1&quot;,&quot;cards_row_gap&quot;:{&quot;unit&quot;:&quot;px&quot;,&quot;size&quot;:35,&quot;sizes&quot;:[]},&quot;cards_row_gap_tablet&quot;:{&quot;unit&quot;:&quot;px&quot;,&quot;size&quot;:&quot;&quot;,&quot;sizes&quot;:[]},&quot;cards_row_gap_mobile&quot;:{&quot;unit&quot;:&quot;px&quot;,&quot;size&quot;:&quot;&quot;,&quot;sizes&quot;:[]},&quot;load_more_spinner&quot;:{&quot;value&quot;:&quot;fas fa-spinner&quot;,&quot;library&quot;:&quot;fa-solid&quot;}}\" data-widget_type=\"posts.cards\">\n\t\t\t\t<div class=\"elementor-widget-container\">\n\t\t\t\t\t\t\t<div class=\"elementor-posts-container elementor-posts elementor-posts--skin-cards elementor-grid\">\n\t\t\t\t<article class=\"elementor-post elementor-grid-item post-11954 post type-post status-publish format-standard hentry category-ecosistemas-acuaticos-proyectos category-proyectos-ciep tag-barbara-jacob tag-giovanni-daneri tag-paulina-montero infinite-scroll-item\">\n\t\t\t<div class=\"elementor-post__card\">\n\t\t\t\t<div class=\"elementor-post__text\">\n\t\t\t\t<h3 class=\"elementor-post__title\">\n\t\t\t<a href=\"https:\/\/ciep.cl\/inicio\/2026\/01\/22\/proyecto-2023-2026-diatom-and-microbial-community-response-to-freshwater-pulses-in-a-northern-patagonian-fjord-impacts-on-cycling-of-silicic-acid-and-silicon-isotopes\/\" >\n\t\t\t\tProyecto\/2023-2026\/Diatom and microbial community response to freshwater pulses in a northern\u00a0patagonian\u00a0fjord: impacts on cycling of silicic acid and silicon isotopes.\u00a0\t\t\t<\/a>\n\t\t<\/h3>\n\t\t\t\t<div class=\"elementor-post__excerpt\">\n\t\t\t<p>El proyecto FONDECYT se enfoca en comprender c\u00f3mo funcionan los fiordos de la Patagonia chilena frente a los aportes estacionales<\/p>\n\t\t<\/div>\n\t\t\n\t\t<a class=\"elementor-post__read-more\" href=\"https:\/\/ciep.cl\/inicio\/2026\/01\/22\/proyecto-2023-2026-diatom-and-microbial-community-response-to-freshwater-pulses-in-a-northern-patagonian-fjord-impacts-on-cycling-of-silicic-acid-and-silicon-isotopes\/\" aria-label=\"M\u00e1s informaci\u00f3n sobre Proyecto\/2023-2026\/Diatom and microbial community response to freshwater pulses in a northern\u00a0patagonian\u00a0fjord: impacts on cycling of silicic acid and silicon isotopes.\u00a0\" tabindex=\"-1\" >\n\t\t\tLeer m\u00e1s \u00bb\t\t<\/a>\n\n\t\t\t\t<\/div>\n\t\t\t\t<div class=\"elementor-post__meta-data\">\n\t\t\t\t\t<span class=\"elementor-post-date\">\n\t\t\tenero 22, 2026\t\t<\/span>\n\t\t\t\t<\/div>\n\t\t\t\t\t<\/div>\n\t\t<\/article>\n\t\t\t\t<article class=\"elementor-post elementor-grid-item post-11612 post type-post status-publish format-standard hentry category-ecosistemas-acuaticos-publicaciones category-publicaciones-ciep tag-giovanni-daneri tag-paulina-montero infinite-scroll-item\">\n\t\t\t<div class=\"elementor-post__card\">\n\t\t\t\t<div class=\"elementor-post__text\">\n\t\t\t\t<h3 class=\"elementor-post__title\">\n\t\t\t<a href=\"https:\/\/ciep.cl\/inicio\/2025\/12\/19\/2024-l-castro-s-soto-mendoza-l-riccialdelli-m-presta-p-barrientos-h-gonzalez-g-daneri-m-gutierrez-p-montero-i-masotti-b-diez-beatriz-vertically-distinct-sources-modulate-stable-isotope-sig\/\" >\n\t\t\t\tPublicaci\u00f3n\/2024\/L.Castro, S.Soto-Mendoza, L.Riccialdelli, M.Presta, P.Barrientos, H.Gonzalez, G.Daneri, M.Gutierrez, P.Montero, I.Masotti, B.Diez, Beatriz. Vertically distinct sources modulate stable isotope signatures and distribution of Mesozooplankton in central Patagonia: The Golfo de Penas- Baker Channel connection and analogies with the Beagle Channel\t\t\t<\/a>\n\t\t<\/h3>\n\t\t\t\t<div class=\"elementor-post__excerpt\">\n\t\t\t<p>https:\/\/doi.org\/10.1016\/j.jmarsys.2023.103892 Resumen A trav\u00e9s de muestras hidrogr\u00e1ficas y de zooplancton junto con an\u00e1lisis de is\u00f3topos estables, se determin\u00f3 la influencia<\/p>\n\t\t<\/div>\n\t\t\n\t\t<a class=\"elementor-post__read-more\" href=\"https:\/\/ciep.cl\/inicio\/2025\/12\/19\/2024-l-castro-s-soto-mendoza-l-riccialdelli-m-presta-p-barrientos-h-gonzalez-g-daneri-m-gutierrez-p-montero-i-masotti-b-diez-beatriz-vertically-distinct-sources-modulate-stable-isotope-sig\/\" aria-label=\"M\u00e1s informaci\u00f3n sobre Publicaci\u00f3n\/2024\/L.Castro, S.Soto-Mendoza, L.Riccialdelli, M.Presta, P.Barrientos, H.Gonzalez, G.Daneri, M.Gutierrez, P.Montero, I.Masotti, B.Diez, Beatriz. Vertically distinct sources modulate stable isotope signatures and distribution of Mesozooplankton in central Patagonia: The Golfo de Penas- Baker Channel connection and analogies with the Beagle Channel\" tabindex=\"-1\" >\n\t\t\tLeer m\u00e1s \u00bb\t\t<\/a>\n\n\t\t\t\t<\/div>\n\t\t\t\t<div class=\"elementor-post__meta-data\">\n\t\t\t\t\t<span class=\"elementor-post-date\">\n\t\t\tdiciembre 19, 2025\t\t<\/span>\n\t\t\t\t<\/div>\n\t\t\t\t\t<\/div>\n\t\t<\/article>\n\t\t\t\t<article class=\"elementor-post elementor-grid-item post-11560 post type-post status-publish format-standard has-post-thumbnail hentry category-noticias category-sin-categoria tag-aniversario tag-brian-reid tag-elizabeth-alvarado tag-giovanni-daneri tag-madeleine-hamame-2 tag-paulina-montero tag-rodrigo-torres tag-silvia-soto tag-soraya-villagran-2 tag-trace-gale infinite-scroll-item\">\n\t\t\t<div class=\"elementor-post__card\">\n\t\t\t\t<a class=\"elementor-post__thumbnail__link\" href=\"https:\/\/ciep.cl\/inicio\/2025\/12\/12\/con-musica-hitos-e-imagenes-ciep-celebro-su-20o-aniversario\/\" tabindex=\"-1\" ><div class=\"elementor-post__thumbnail\"><img decoding=\"async\" width=\"300\" height=\"226\" src=\"https:\/\/ciep.cl\/inicio\/wp-content\/uploads\/2025\/12\/5.jpg\" class=\"attachment-medium size-medium wp-image-11561\" alt=\"\" \/><\/div><\/a>\n\t\t\t\t<div class=\"elementor-post__text\">\n\t\t\t\t<h3 class=\"elementor-post__title\">\n\t\t\t<a href=\"https:\/\/ciep.cl\/inicio\/2025\/12\/12\/con-musica-hitos-e-imagenes-ciep-celebro-su-20o-aniversario\/\" >\n\t\t\t\tCon m\u00fasica, hitos e im\u00e1genes, CIEP celebr\u00f3 su 20\u00ba aniversario\u00a0\t\t\t<\/a>\n\t\t<\/h3>\n\t\t\t\t<div class=\"elementor-post__excerpt\">\n\t\t\t<p>En una emotiva jornada, m\u00e1s de 70 invitados concurrieron a la ceremonia de aniversario por los 20 a\u00f1os de vida<\/p>\n\t\t<\/div>\n\t\t\n\t\t<a class=\"elementor-post__read-more\" href=\"https:\/\/ciep.cl\/inicio\/2025\/12\/12\/con-musica-hitos-e-imagenes-ciep-celebro-su-20o-aniversario\/\" aria-label=\"M\u00e1s informaci\u00f3n sobre Con m\u00fasica, hitos e im\u00e1genes, CIEP celebr\u00f3 su 20\u00ba aniversario\u00a0\" tabindex=\"-1\" >\n\t\t\tLeer m\u00e1s \u00bb\t\t<\/a>\n\n\t\t\t\t<\/div>\n\t\t\t\t<div class=\"elementor-post__meta-data\">\n\t\t\t\t\t<span class=\"elementor-post-date\">\n\t\t\tdiciembre 12, 2025\t\t<\/span>\n\t\t\t\t<\/div>\n\t\t\t\t\t<\/div>\n\t\t<\/article>\n\t\t\t\t<article class=\"elementor-post elementor-grid-item post-11368 post type-post status-publish format-standard has-post-thumbnail hentry category-libros category-material-de-divulgacion category-otros-documentos tag-giovanni-daneri infinite-scroll-item\">\n\t\t\t<div class=\"elementor-post__card\">\n\t\t\t\t<a class=\"elementor-post__thumbnail__link\" href=\"https:\/\/ciep.cl\/inicio\/2025\/09\/30\/potencial-fotovoltaico-y-eolico\/\" tabindex=\"-1\" ><div class=\"elementor-post__thumbnail\"><img decoding=\"async\" width=\"216\" height=\"300\" src=\"https:\/\/ciep.cl\/inicio\/wp-content\/uploads\/2025\/09\/WhatsApp-Image-2025-09-30-at-4.05.24-PM-216x300.jpeg\" class=\"attachment-medium size-medium wp-image-11369\" alt=\"\" srcset=\"https:\/\/ciep.cl\/inicio\/wp-content\/uploads\/2025\/09\/WhatsApp-Image-2025-09-30-at-4.05.24-PM-216x300.jpeg 216w, https:\/\/ciep.cl\/inicio\/wp-content\/uploads\/2025\/09\/WhatsApp-Image-2025-09-30-at-4.05.24-PM.jpeg 501w\" sizes=\"(max-width: 216px) 100vw, 216px\" \/><\/div><\/a>\n\t\t\t\t<div class=\"elementor-post__text\">\n\t\t\t\t<h3 class=\"elementor-post__title\">\n\t\t\t<a href=\"https:\/\/ciep.cl\/inicio\/2025\/09\/30\/potencial-fotovoltaico-y-eolico\/\" >\n\t\t\t\tPotencial Fotovoltaico y E\u00f3lico\t\t\t<\/a>\n\t\t<\/h3>\n\t\t\t\t<div class=\"elementor-post__excerpt\">\n\t\t\t<p>Rese\u00f1a Este informe sintetiza los resultados del estudio \u201cAn\u00e1lisis del potencial fotovoltaico y e\u00f3lico en cinco sistemas aislados de la<\/p>\n\t\t<\/div>\n\t\t\n\t\t<a class=\"elementor-post__read-more\" href=\"https:\/\/ciep.cl\/inicio\/2025\/09\/30\/potencial-fotovoltaico-y-eolico\/\" aria-label=\"M\u00e1s informaci\u00f3n sobre Potencial Fotovoltaico y E\u00f3lico\" tabindex=\"-1\" >\n\t\t\tLeer m\u00e1s \u00bb\t\t<\/a>\n\n\t\t\t\t<\/div>\n\t\t\t\t<div class=\"elementor-post__meta-data\">\n\t\t\t\t\t<span class=\"elementor-post-date\">\n\t\t\tseptiembre 30, 2025\t\t<\/span>\n\t\t\t\t<\/div>\n\t\t\t\t\t<\/div>\n\t\t<\/article>\n\t\t\t\t<article class=\"elementor-post elementor-grid-item post-9165 post type-post status-publish format-standard hentry category-proyectos tag-giovanni-daneri infinite-scroll-item\">\n\t\t\t<div class=\"elementor-post__card\">\n\t\t\t\t<div class=\"elementor-post__text\">\n\t\t\t\t<h3 class=\"elementor-post__title\">\n\t\t\t<a href=\"https:\/\/ciep.cl\/inicio\/2025\/03\/20\/estudio-2024-diagnostico-mejoramiento-normativo-de-los-sistemas-medianos-de-la-region-de-aysen\/\" >\n\t\t\t\tEstudio\/2023-2025\/Diagn\u00f3stico mejoramiento normativo de los sistemas medianos de la regi\u00f3n de Ays\u00e9n\t\t\t<\/a>\n\t\t<\/h3>\n\t\t\t\t<div class=\"elementor-post__excerpt\">\n\t\t\t<p>Estudiar la normativa el\u00e9ctrica aplicable a los sistemas medianos, proponer mejoras legales concretas, con un an\u00e1lisis de las consecuencias de<\/p>\n\t\t<\/div>\n\t\t\n\t\t<a class=\"elementor-post__read-more\" href=\"https:\/\/ciep.cl\/inicio\/2025\/03\/20\/estudio-2024-diagnostico-mejoramiento-normativo-de-los-sistemas-medianos-de-la-region-de-aysen\/\" aria-label=\"M\u00e1s informaci\u00f3n sobre Estudio\/2023-2025\/Diagn\u00f3stico mejoramiento normativo de los sistemas medianos de la regi\u00f3n de Ays\u00e9n\" tabindex=\"-1\" >\n\t\t\tLeer m\u00e1s \u00bb\t\t<\/a>\n\n\t\t\t\t<\/div>\n\t\t\t\t<div class=\"elementor-post__meta-data\">\n\t\t\t\t\t<span class=\"elementor-post-date\">\n\t\t\tmarzo 20, 2025\t\t<\/span>\n\t\t\t\t<\/div>\n\t\t\t\t\t<\/div>\n\t\t<\/article>\n\t\t\t\t<article class=\"elementor-post elementor-grid-item post-9163 post type-post status-publish format-standard hentry category-proyectos tag-giovanni-daneri infinite-scroll-item\">\n\t\t\t<div class=\"elementor-post__card\">\n\t\t\t\t<div class=\"elementor-post__text\">\n\t\t\t\t<h3 class=\"elementor-post__title\">\n\t\t\t<a href=\"https:\/\/ciep.cl\/inicio\/2025\/03\/20\/estudio-2022-investigacion-generacion-por-microcentrales-hidroelectricas-en-la-region-de-aysen\/\" >\n\t\t\t\tEstudio\/2022\/Investigaci\u00f3n generaci\u00f3n por microcentrales hidroel\u00e9ctricas en la regi\u00f3n de Ays\u00e9n\t\t\t<\/a>\n\t\t<\/h3>\n\t\t\t\t<div class=\"elementor-post__excerpt\">\n\t\t\t<p>2022-2024 Estudiar la disponibilidad del recurso h\u00eddrico para la microgeneraci\u00f3n de hidroelectricidad asociativa, contribuyendo al cambio de la matriz energ\u00e9tica<\/p>\n\t\t<\/div>\n\t\t\n\t\t<a class=\"elementor-post__read-more\" href=\"https:\/\/ciep.cl\/inicio\/2025\/03\/20\/estudio-2022-investigacion-generacion-por-microcentrales-hidroelectricas-en-la-region-de-aysen\/\" aria-label=\"M\u00e1s informaci\u00f3n sobre Estudio\/2022\/Investigaci\u00f3n generaci\u00f3n por microcentrales hidroel\u00e9ctricas en la regi\u00f3n de Ays\u00e9n\" tabindex=\"-1\" >\n\t\t\tLeer m\u00e1s \u00bb\t\t<\/a>\n\n\t\t\t\t<\/div>\n\t\t\t\t<div class=\"elementor-post__meta-data\">\n\t\t\t\t\t<span class=\"elementor-post-date\">\n\t\t\tmarzo 20, 2025\t\t<\/span>\n\t\t\t\t<\/div>\n\t\t\t\t\t<\/div>\n\t\t<\/article>\n\t\t\t\t<\/div>\n\t\t\t\t\t<span class=\"e-load-more-spinner\">\n\t\t\t\t<svg aria-hidden=\"true\" class=\"e-font-icon-svg e-fas-spinner\" viewBox=\"0 0 512 512\" xmlns=\"http:\/\/www.w3.org\/2000\/svg\"><path d=\"M304 48c0 26.51-21.49 48-48 48s-48-21.49-48-48 21.49-48 48-48 48 21.49 48 48zm-48 368c-26.51 0-48 21.49-48 48s21.49 48 48 48 48-21.49 48-48-21.49-48-48-48zm208-208c-26.51 0-48 21.49-48 48s21.49 48 48 48 48-21.49 48-48-21.49-48-48-48zM96 256c0-26.51-21.49-48-48-48S0 229.49 0 256s21.49 48 48 48 48-21.49 48-48zm12.922 99.078c-26.51 0-48 21.49-48 48s21.49 48 48 48 48-21.49 48-48c0-26.509-21.491-48-48-48zm294.156 0c-26.51 0-48 21.49-48 48s21.49 48 48 48 48-21.49 48-48c0-26.509-21.49-48-48-48zM108.922 60.922c-26.51 0-48 21.49-48 48s21.49 48 48 48 48-21.49 48-48-21.491-48-48-48z\"><\/path><\/svg>\t\t\t<\/span>\n\t\t\n\t\t\t\t<div class=\"e-load-more-anchor\" data-page=\"1\" data-max-page=\"10\" data-next-page=\"https:\/\/ciep.cl\/inicio\/wp-json\/wp\/v2\/posts\/371\/page\/2\/\"><\/div>\n\t\t\t\t<div class=\"e-load-more-message\"><\/div>\n\t\t\t\t\t\t<\/div>\n\t\t\t\t<\/div>\n\t\t\t\t<\/div>\n\t\t\t\t\t<\/div>\n\t\t\t\t<\/div>\n\t\t\t\t<\/div>\n\t\t","protected":false},"excerpt":{"rendered":"<p>gdaneri@ciep.cl +56 (67) 2247817 Km 4,5 Camino a Puerto Ays\u00e9n, Sector El Arenal INVESTIGADOR REDIDENTE \/ DOCTOR OCEANOGRAF\u00cdA Doctor y M\u00e1ster en Oceanograf\u00eda de la Universidad Southampton, Inglaterra, y formaci\u00f3n postdoctoral en el University College of North Wales, Reino Unido. &#8230; <\/p>\n<p class=\"read-more-container\"><a title=\"Estudio\/2022\/Investigaci\u00f3n generaci\u00f3n por microcentrales hidroel\u00e9ctricas en la regi\u00f3n de Ays\u00e9n\" class=\"read-more button\" href=\"https:\/\/ciep.cl\/inicio\/2025\/03\/20\/estudio-2022-investigacion-generacion-por-microcentrales-hidroelectricas-en-la-region-de-aysen\/#more-9163\" aria-label=\"Leer m\u00e1s sobre Estudio\/2022\/Investigaci\u00f3n generaci\u00f3n por microcentrales hidroel\u00e9ctricas en la regi\u00f3n de Ays\u00e9n\">Leer m\u00e1s<\/a><\/p>\n","protected":false},"author":2,"featured_media":184,"comment_status":"closed","ping_status":"closed","sticky":false,"template":"elementor_header_footer","format":"standard","meta":{"footnotes":""},"categories":[12],"tags":[],"class_list":["post-371","post","type-post","status-publish","format-standard","has-post-thumbnail","hentry","category-investigadores-residentes","infinite-scroll-item"],"_links":{"self":[{"href":"https:\/\/ciep.cl\/inicio\/wp-json\/wp\/v2\/posts\/371","targetHints":{"allow":["GET"]}}],"collection":[{"href":"https:\/\/ciep.cl\/inicio\/wp-json\/wp\/v2\/posts"}],"about":[{"href":"https:\/\/ciep.cl\/inicio\/wp-json\/wp\/v2\/types\/post"}],"author":[{"embeddable":true,"href":"https:\/\/ciep.cl\/inicio\/wp-json\/wp\/v2\/users\/2"}],"replies":[{"embeddable":true,"href":"https:\/\/ciep.cl\/inicio\/wp-json\/wp\/v2\/comments?post=371"}],"version-history":[{"count":7,"href":"https:\/\/ciep.cl\/inicio\/wp-json\/wp\/v2\/posts\/371\/revisions"}],"predecessor-version":[{"id":10261,"href":"https:\/\/ciep.cl\/inicio\/wp-json\/wp\/v2\/posts\/371\/revisions\/10261"}],"wp:featuredmedia":[{"embeddable":true,"href":"https:\/\/ciep.cl\/inicio\/wp-json\/wp\/v2\/media\/184"}],"wp:attachment":[{"href":"https:\/\/ciep.cl\/inicio\/wp-json\/wp\/v2\/media?parent=371"}],"wp:term":[{"taxonomy":"category","embeddable":true,"href":"https:\/\/ciep.cl\/inicio\/wp-json\/wp\/v2\/categories?post=371"},{"taxonomy":"post_tag","embeddable":true,"href":"https:\/\/ciep.cl\/inicio\/wp-json\/wp\/v2\/tags?post=371"}],"curies":[{"name":"wp","href":"https:\/\/api.w.org\/{rel}","templated":true}]}}