{"id":4304,"date":"2021-03-18T12:40:40","date_gmt":"2021-03-18T15:40:40","guid":{"rendered":"http:\/\/www.ciep.cl\/?p=4304"},"modified":"2021-03-18T12:40:40","modified_gmt":"2021-03-18T15:40:40","slug":"expedicion-cientifica-multinacional-llega-a-puerto-montt","status":"publish","type":"post","link":"https:\/\/ciep.cl\/inicio\/2021\/03\/18\/expedicion-cientifica-multinacional-llega-a-puerto-montt\/","title":{"rendered":"Expedici\u00f3n cient\u00edfica Multinacional llega a Puerto Montt"},"content":{"rendered":"\n<p>Tras iniciar su navegaci\u00f3n el 13 de febrero en Punta Arenas, el velero <em>tara<\/em> que se encuentra estudiando el estado de nuestros oc\u00e9anos, llega a Puerto Montt, ciudad en la que har\u00e1n una pausa para contarle a la comunidad qu\u00e9 est\u00e1n haciendo espec\u00edficamente, lo que debido al contexto se realizar\u00e1 de manera virtual tanto a estudiantes como p\u00fablico general, quienes podr\u00e1n \u201cvisitar\u201d la goleta v\u00eda zoom.<\/p>\n\n\n\n<p>Luego de recorrer fiordos y canales de la Patagonia chilena, el velero cient\u00edfico t<em>ara<\/em> llegar\u00e1 este jueves 18 de marzo a Puerto Montt, segunda escala de la expedici\u00f3n cient\u00edfica Tara Microbiomes<\/p>\n\n\n\n<p>La misi\u00f3n &#8211; una colaboraci\u00f3n entre la Fundaci\u00f3n Tara Oc\u00e9an y Ceodos Chile &#8211; tiene por objetivo realizar un muestreo integral de la costa chilena, desde la Ant\u00e1rtica hasta Iquique, con el fin de comprender de mejor manera el impacto del cambio clim\u00e1tico, contribuyendo a la capacidad chilena de adaptarse a \u00e9ste y mitigar sus efectos.<\/p>\n\n\n\n<p>En el estudio interdisciplinario colaboran 9 centros de investigaci\u00f3n de excelencia de nuestro pa\u00eds: Centro de Modelamiento Matem\u00e1tico (CMM), Centro de Ciencia del Clima y la Resiliencia (CR2), Centro de Investigaci\u00f3n Din\u00e1mica de Ecosistemas Marinos de Altas Latitudes (IDEAL), Centro de Investigaci\u00f3n en Ecosistemas de la Patagonia (CIEP), Centro de Investigaci\u00f3n Oceanogr\u00e1fica (COPAS Sur-Austral), Centro de Regulaci\u00f3n del Genoma (CRG), Centro Interdisciplinario para la Investigaci\u00f3n Acu\u00edcola (INCAR), el Laboratorio Internacional Asociado \u201cEstrategias Adaptativas Multiescala\u201d (LIA MAST), y el Instituto Franc\u00e9s de Investigaci\u00f3n en Ciencias y Tecnolog\u00edas Digitales (INRIA-Chile).<\/p>\n\n\n\n<p>\u201cEsta misi\u00f3n est\u00e1 enfocada en estudiar a los microorganismos oce\u00e1nicos, tales como bacterias, hongos y virus, as\u00ed como algunos crust\u00e1ceos, contaminantes emergentes como el micropl\u00e1stico, agentes pat\u00f3genos, metales en el oc\u00e9ano y el comportamiento de gases de efecto invernadero, entre muchas otras cosas. Se trata de una iniciativa a largo plazo que busca monitorear el oc\u00e9ano chileno cada cinco a\u00f1os y as\u00ed seguir su transici\u00f3n hacia la nueva normalidad que trae el cambio global\u201d, explica Camila Fern\u00e1ndez, profesora visitante del Departamento de Oceanograf\u00eda de la Universidad de Concepci\u00f3n, investigadora del CNRS y de los centros INCAR, IDEAL y COPAS SUR AUSTRAL, y co-coordinadora de la misi\u00f3n en Chile.<\/p>\n\n\n\n<p>\u201cEsta expedici\u00f3n tiene la virtud de sumar a un mismo objetivo un grupo interdisciplinario de investigadores, recorriendo desde la toma de muestras hasta el an\u00e1lisis de datos. El volumen de datos biol\u00f3gicos, f\u00edsico-qu\u00edmicos y del medio ambiente producidos por el protocolo de TARA-Oc\u00e9an asociados a este microbioma del oc\u00e9ano, permite mirarlos con sofisticaci\u00f3n desde el modelamiento matem\u00e1tico y el uso de herramientas modernas de IA, y acercarnos a entender la relaci\u00f3n Oc\u00e9ano-Clima-Biodiversidad de manera cuantitativa para ser un apoyo cada vez m\u00e1s robusto a la toma de decisiones\u201d, asegura Alejandro Maass, director del Centro de Modelamiento Matem\u00e1tico (CMM) de la Universidad de Chile y co-coordinador de la misi\u00f3n en Chile.<\/p>\n\n\n\n<p>Entre las actividades programadas para esta escala, destacan una serie de conversatorios que se efectuar\u00e1n el viernes 19 de marzo con estudiantes de las regiones de Los R\u00edos, Los Lagos y Ays\u00e9n, y un webinar para p\u00fablico general a realizarse el s\u00e1bado 20 de marzo, a las 16:00 horas v\u00eda zoom. En ambos eventos, existir\u00e1 la posibilidad de conocer m\u00e1s sobre la misi\u00f3n, conversar con el equipo de cient\u00edficos y recorrer virtualmente la goleta.<\/p>\n\n\n\n<p>El velero permanecer\u00e1 hasta el domingo 21 de marzo en la costa de Puerto Montt, fecha en que zarpar\u00e1 hacia la ciudad de Concepci\u00f3n, donde se estima que llegar\u00e1 el pr\u00f3ximo 7 de abril.<\/p>\n\n\n\n<p><strong><u>Escalas de la goleta Tara:<\/u><\/strong><\/p>\n\n\n\n<p>Punta Arenas<\/p>\n\n\n\n<p>Puerto Montt<\/p>\n\n\n\n<p>Concepci\u00f3n<\/p>\n\n\n\n<p>Valpara\u00edso<\/p>\n\n\n\n<p>Iquique<\/p>\n\n\n\n<p><strong><u>Formulario de Inscripciones Webinar s\u00e1bado 20 de marzo, 16:00 horas.<\/u><\/strong><\/p>\n\n\n\n<p><a href=\"https:\/\/docs.google.com\/forms\/d\/e\/1FAIpQLSeXlpvtBEx-3KMFtuXLmPMhpBTZKL8nkFSNby2oa4MezFBH8A\/viewform\">https:\/\/docs.google.com\/forms\/d\/e\/1FAIpQLSeXlpvtBEx-3KMFtuXLmPMhpBTZKL8nkFSNby2oa4MezFBH8A\/viewform<\/a><\/p>\n\n\n\n<figure class=\"wp-block-image size-large is-resized\"><img fetchpriority=\"high\" decoding=\"async\" src=\"http:\/\/www.ciep.cl\/wp-content\/uploads\/2021\/03\/2021-03-07-navigation_equipage-moulin-cafe_Golfo-de-Penas_1010212\u00a9Maeva-Bardy-Fondation-Tara-Ocean-1024x768.jpg\" alt=\"\" class=\"wp-image-4305\" width=\"398\" height=\"299\"\/><\/figure>\n\n\n\n<figure class=\"wp-block-image size-large is-resized\"><img decoding=\"async\" src=\"http:\/\/www.ciep.cl\/wp-content\/uploads\/2021\/03\/2021-03-11-science_Milena-Cerda-sur-table-pont-arriere_lever-du-soleil_1157431\u00a9Maeva-Bardy-Fondation-Tara-Ocean-copia-1024x769.jpg\" alt=\"\" class=\"wp-image-4306\" width=\"396\" height=\"297\"\/><\/figure>\n\n\n\n<figure class=\"wp-block-image size-large is-resized\"><img decoding=\"async\" src=\"http:\/\/www.ciep.cl\/wp-content\/uploads\/2021\/03\/2021-02-21-mouillage_Tara-devant-glacier-Brujo_drone_0183\u00a9Maeva-Bardy-Fondation-Tara-Ocean-copia-1024x576.jpg\" alt=\"\" class=\"wp-image-4308\" width=\"393\" height=\"221\"\/><\/figure>\n","protected":false},"excerpt":{"rendered":"<p>Tras iniciar su navegaci\u00f3n el 13 de febrero en Punta Arenas, el velero tara que se encuentra estudiando el estado de nuestros oc\u00e9anos, llega a Puerto Montt, ciudad en la que har\u00e1n una pausa para contarle a la comunidad qu\u00e9 &#8230; <\/p>\n<p class=\"read-more-container\"><a title=\"Expedici\u00f3n cient\u00edfica Multinacional llega a Puerto Montt\" class=\"read-more button\" href=\"https:\/\/ciep.cl\/inicio\/2021\/03\/18\/expedicion-cientifica-multinacional-llega-a-puerto-montt\/#more-4304\" aria-label=\"Leer m\u00e1s sobre Expedici\u00f3n cient\u00edfica Multinacional llega a Puerto Montt\">Leer m\u00e1s<\/a><\/p>\n","protected":false},"author":3,"featured_media":4307,"comment_status":"open","ping_status":"open","sticky":false,"template":"","format":"standard","meta":{"footnotes":""},"categories":[5,35],"tags":[50],"class_list":["post-4304","post","type-post","status-publish","format-standard","has-post-thumbnail","hentry","category-noticias","category-ecosistemas-acuaticos","tag-rodrigo-torres","infinite-scroll-item"],"_links":{"self":[{"href":"https:\/\/ciep.cl\/inicio\/wp-json\/wp\/v2\/posts\/4304","targetHints":{"allow":["GET"]}}],"collection":[{"href":"https:\/\/ciep.cl\/inicio\/wp-json\/wp\/v2\/posts"}],"about":[{"href":"https:\/\/ciep.cl\/inicio\/wp-json\/wp\/v2\/types\/post"}],"author":[{"embeddable":true,"href":"https:\/\/ciep.cl\/inicio\/wp-json\/wp\/v2\/users\/3"}],"replies":[{"embeddable":true,"href":"https:\/\/ciep.cl\/inicio\/wp-json\/wp\/v2\/comments?post=4304"}],"version-history":[{"count":0,"href":"https:\/\/ciep.cl\/inicio\/wp-json\/wp\/v2\/posts\/4304\/revisions"}],"wp:featuredmedia":[{"embeddable":true,"href":"https:\/\/ciep.cl\/inicio\/wp-json\/"}],"wp:attachment":[{"href":"https:\/\/ciep.cl\/inicio\/wp-json\/wp\/v2\/media?parent=4304"}],"wp:term":[{"taxonomy":"category","embeddable":true,"href":"https:\/\/ciep.cl\/inicio\/wp-json\/wp\/v2\/categories?post=4304"},{"taxonomy":"post_tag","embeddable":true,"href":"https:\/\/ciep.cl\/inicio\/wp-json\/wp\/v2\/tags?post=4304"}],"curies":[{"name":"wp","href":"https:\/\/api.w.org\/{rel}","templated":true}]}}