{"id":438,"date":"2025-02-28T15:42:19","date_gmt":"2025-02-28T15:42:19","guid":{"rendered":"https:\/\/prueba.ciep.cl\/?p=438"},"modified":"2026-03-04T14:05:43","modified_gmt":"2026-03-04T14:05:43","slug":"dra-valentina-alvarez","status":"publish","type":"post","link":"https:\/\/ciep.cl\/inicio\/2025\/02\/28\/dra-valentina-alvarez\/","title":{"rendered":"Dra. Valentina \u00c1lvarez"},"content":{"rendered":"\t\t<div data-elementor-type=\"wp-post\" data-elementor-id=\"438\" class=\"elementor elementor-438\" data-elementor-post-type=\"post\">\n\t\t\t\t<div class=\"elementor-element elementor-element-4195ebe9 e-flex e-con-boxed e-con e-parent\" data-id=\"4195ebe9\" data-element_type=\"container\">\n\t\t\t\t\t<div class=\"e-con-inner\">\n\t\t<div class=\"elementor-element elementor-element-73b31bb2 e-con-full e-flex e-con e-child\" data-id=\"73b31bb2\" data-element_type=\"container\">\n\t\t\t\t<div class=\"elementor-element elementor-element-60ca082c elementor-widget elementor-widget-theme-post-featured-image elementor-widget-image\" data-id=\"60ca082c\" data-element_type=\"widget\" data-widget_type=\"theme-post-featured-image.default\">\n\t\t\t\t<div class=\"elementor-widget-container\">\n\t\t\t\t\t\t\t\t\t\t\t\t\t\t\t<img fetchpriority=\"high\" decoding=\"async\" width=\"1024\" height=\"1024\" src=\"https:\/\/ciep.cl\/inicio\/wp-content\/uploads\/2025\/02\/Valentina-Alvarez-1024x1024.jpg\" class=\"attachment-large size-large wp-image-197\" alt=\"\" srcset=\"https:\/\/ciep.cl\/inicio\/wp-content\/uploads\/2025\/02\/Valentina-Alvarez-1024x1024.jpg 1024w, https:\/\/ciep.cl\/inicio\/wp-content\/uploads\/2025\/02\/Valentina-Alvarez-300x300.jpg 300w, https:\/\/ciep.cl\/inicio\/wp-content\/uploads\/2025\/02\/Valentina-Alvarez-150x150.jpg 150w, https:\/\/ciep.cl\/inicio\/wp-content\/uploads\/2025\/02\/Valentina-Alvarez-768x768.jpg 768w, https:\/\/ciep.cl\/inicio\/wp-content\/uploads\/2025\/02\/Valentina-Alvarez.jpg 1080w\" sizes=\"(max-width: 1024px) 100vw, 1024px\" \/>\t\t\t\t\t\t\t\t\t\t\t\t\t\t\t<\/div>\n\t\t\t\t<\/div>\n\t\t\t\t<div class=\"elementor-element elementor-element-1351a00f elementor-icon-list--layout-traditional elementor-list-item-link-full_width elementor-widget elementor-widget-icon-list\" data-id=\"1351a00f\" data-element_type=\"widget\" data-widget_type=\"icon-list.default\">\n\t\t\t\t<div class=\"elementor-widget-container\">\n\t\t\t\t\t\t\t<ul class=\"elementor-icon-list-items\">\n\t\t\t\t\t\t\t<li class=\"elementor-icon-list-item\">\n\t\t\t\t\t\t\t\t\t\t\t<span class=\"elementor-icon-list-icon\">\n\t\t\t\t\t\t\t<svg aria-hidden=\"true\" class=\"e-font-icon-svg e-far-envelope\" viewBox=\"0 0 512 512\" xmlns=\"http:\/\/www.w3.org\/2000\/svg\"><path d=\"M464 64H48C21.49 64 0 85.49 0 112v288c0 26.51 21.49 48 48 48h416c26.51 0 48-21.49 48-48V112c0-26.51-21.49-48-48-48zm0 48v40.805c-22.422 18.259-58.168 46.651-134.587 106.49-16.841 13.247-50.201 45.072-73.413 44.701-23.208.375-56.579-31.459-73.413-44.701C106.18 199.465 70.425 171.067 48 152.805V112h416zM48 400V214.398c22.914 18.251 55.409 43.862 104.938 82.646 21.857 17.205 60.134 55.186 103.062 54.955 42.717.231 80.509-37.199 103.053-54.947 49.528-38.783 82.032-64.401 104.947-82.653V400H48z\"><\/path><\/svg>\t\t\t\t\t\t<\/span>\n\t\t\t\t\t\t\t\t\t\t<span class=\"elementor-icon-list-text\">valentina.alvarez@ciep.cl<\/span>\n\t\t\t\t\t\t\t\t\t<\/li>\n\t\t\t\t\t\t\t\t<li class=\"elementor-icon-list-item\">\n\t\t\t\t\t\t\t\t\t\t\t<span class=\"elementor-icon-list-icon\">\n\t\t\t\t\t\t\t<svg aria-hidden=\"true\" class=\"e-font-icon-svg e-fas-phone-alt\" viewBox=\"0 0 512 512\" xmlns=\"http:\/\/www.w3.org\/2000\/svg\"><path d=\"M497.39 361.8l-112-48a24 24 0 0 0-28 6.9l-49.6 60.6A370.66 370.66 0 0 1 130.6 204.11l60.6-49.6a23.94 23.94 0 0 0 6.9-28l-48-112A24.16 24.16 0 0 0 122.6.61l-104 24A24 24 0 0 0 0 48c0 256.5 207.9 464 464 464a24 24 0 0 0 23.4-18.6l24-104a24.29 24.29 0 0 0-14.01-27.6z\"><\/path><\/svg>\t\t\t\t\t\t<\/span>\n\t\t\t\t\t\t\t\t\t\t<span class=\"elementor-icon-list-text\">+56 961063700<\/span>\n\t\t\t\t\t\t\t\t\t<\/li>\n\t\t\t\t\t\t\t\t<li class=\"elementor-icon-list-item\">\n\t\t\t\t\t\t\t\t\t\t\t<span class=\"elementor-icon-list-icon\">\n\t\t\t\t\t\t\t<svg aria-hidden=\"true\" class=\"e-font-icon-svg e-fas-map-marker-alt\" viewBox=\"0 0 384 512\" xmlns=\"http:\/\/www.w3.org\/2000\/svg\"><path d=\"M172.268 501.67C26.97 291.031 0 269.413 0 192 0 85.961 85.961 0 192 0s192 85.961 192 192c0 77.413-26.97 99.031-172.268 309.67-9.535 13.774-29.93 13.773-39.464 0zM192 272c44.183 0 80-35.817 80-80s-35.817-80-80-80-80 35.817-80 80 35.817 80 80 80z\"><\/path><\/svg>\t\t\t\t\t\t<\/span>\n\t\t\t\t\t\t\t\t\t\t<span class=\"elementor-icon-list-text\">Km 4,5 Camino a Puerto Ays\u00e9n, Sector El Arenal<\/span>\n\t\t\t\t\t\t\t\t\t<\/li>\n\t\t\t\t\t\t<\/ul>\n\t\t\t\t\t\t<\/div>\n\t\t\t\t<\/div>\n\t\t\t\t<div class=\"elementor-element elementor-element-4633be5e elementor-widget-divider--view-line elementor-widget elementor-widget-divider\" data-id=\"4633be5e\" data-element_type=\"widget\" data-widget_type=\"divider.default\">\n\t\t\t\t<div class=\"elementor-widget-container\">\n\t\t\t\t\t\t\t<div class=\"elementor-divider\">\n\t\t\t<span class=\"elementor-divider-separator\">\n\t\t\t\t\t\t<\/span>\n\t\t<\/div>\n\t\t\t\t\t\t<\/div>\n\t\t\t\t<\/div>\n\t\t\t\t<\/div>\n\t\t<div class=\"elementor-element elementor-element-1f018107 e-con-full e-flex e-con e-child\" data-id=\"1f018107\" data-element_type=\"container\">\n\t\t\t\t<div class=\"elementor-element elementor-element-4d4804bf elementor-widget elementor-widget-theme-post-title elementor-page-title elementor-widget-heading\" data-id=\"4d4804bf\" data-element_type=\"widget\" data-widget_type=\"theme-post-title.default\">\n\t\t\t\t<div class=\"elementor-widget-container\">\n\t\t\t\t\t<h1 class=\"elementor-heading-title elementor-size-default\">Dra. Valentina \u00c1lvarez<\/h1>\t\t\t\t<\/div>\n\t\t\t\t<\/div>\n\t\t\t\t<div class=\"elementor-element elementor-element-2344bd55 elementor-widget elementor-widget-heading\" data-id=\"2344bd55\" data-element_type=\"widget\" data-widget_type=\"heading.default\">\n\t\t\t\t<div class=\"elementor-widget-container\">\n\t\t\t\t\t<h5 class=\"elementor-heading-title elementor-size-default\">INVESTIGADORA RESIDENTE<\/h5>\t\t\t\t<\/div>\n\t\t\t\t<\/div>\n\t\t\t\t<div class=\"elementor-element elementor-element-10ecd48a elementor-widget elementor-widget-text-editor\" data-id=\"10ecd48a\" data-element_type=\"widget\" data-widget_type=\"text-editor.default\">\n\t\t\t\t<div class=\"elementor-widget-container\">\n\t\t\t\t\t\t\t\t\t<div class=\"x_elementToProof\" data-olk-copy-source=\"MessageBody\">Doctora en Ecolog\u00eda y Biodiversidad (Georg-August-Universit\u00e4t G\u00f6ttingen, Alemania).<\/div><div class=\"x_elementToProof\">Su trabajo se centra en reconstruir c\u00f3mo eran los paisajes del pasado, explorando miles de a\u00f1os de historia ambiental mediante el estudio del polen f\u00f3sil (palinolog\u00eda), usando m\u00e9todos cualitativos y cuantitativos. Para ello, combina distintos indicadores biol\u00f3gicos, como esporas de hongos y algas \u2014conocidos como palinomorfos no pol\u00ednicos\u2014, junto con part\u00edculas de carb\u00f3n microsc\u00f3picas, que permiten rastrear la historia de los incendios en diferentes regiones a lo largo del Holoceno.<\/div><div class=\"x_elementToProof\">Uno de sus principales intereses es entender c\u00f3mo las plantas responden y se adaptan ante distintos tipos de perturbaciones, tanto naturales \u2014como erupciones volc\u00e1nicas e incendios\u2014 como generadas por la actividad humana, incluyendo la tala de bosques, la introducci\u00f3n de especies ex\u00f3ticas y los incendios intencionales. Desde esta perspectiva, se busca evaluar la resiliencia y la vulnerabilidad de los ecosistemas a distintas escalas de tiempo.<\/div><div class=\"x_elementToProof\">Otra de sus l\u00edneas de investigaci\u00f3n es la melisopalinolog\u00eda (an\u00e1lisis de polen presente en la miel), cuyo enfoque es identificar la flora principal usada por las abejas mel\u00edferas en distintas zonas geogr\u00e1ficas de la regi\u00f3n de Ays\u00e9n, y a la vez, evaluar el impacto que el cambio de uso de suelo tiene en las din\u00e1micas de forrajeo y en la identidad de la miel regional.<\/div><div class=\"x_elementToProof\">Durante los a\u00f1os 2022-2025, lider\u00f3 un proyecto Fondecyt Postdoctorado financiado por ANID, titulado \u201cApplicability of quantitative estimates of past vegetation cover in the Ays\u00e9n region, Chilean Patagonia\u201d, enfocado en estimar cuantitativamente la cobertura vegetal del pasado en la regi\u00f3n de Ays\u00e9n, en la Patagonia chilena.<\/div>\t\t\t\t\t\t\t\t<\/div>\n\t\t\t\t<\/div>\n\t\t\t\t<\/div>\n\t\t\t\t\t<\/div>\n\t\t\t\t<\/div>\n\t\t<div class=\"elementor-element elementor-element-bff85f7 e-flex e-con-boxed e-con e-parent\" data-id=\"bff85f7\" data-element_type=\"container\">\n\t\t\t\t\t<div class=\"e-con-inner\">\n\t\t<div class=\"elementor-element elementor-element-425fc73 e-con-full e-flex e-con e-child\" data-id=\"425fc73\" data-element_type=\"container\">\n\t\t\t\t<div class=\"elementor-element elementor-element-411c74b elementor-view-default elementor-widget elementor-widget-icon\" data-id=\"411c74b\" data-element_type=\"widget\" data-widget_type=\"icon.default\">\n\t\t\t\t<div class=\"elementor-widget-container\">\n\t\t\t\t\t\t\t<div class=\"elementor-icon-wrapper\">\n\t\t\t<div class=\"elementor-icon\">\n\t\t\t<svg aria-hidden=\"true\" class=\"e-font-icon-svg e-fas-book-open\" viewBox=\"0 0 576 512\" xmlns=\"http:\/\/www.w3.org\/2000\/svg\"><path d=\"M542.22 32.05c-54.8 3.11-163.72 14.43-230.96 55.59-4.64 2.84-7.27 7.89-7.27 13.17v363.87c0 11.55 12.63 18.85 23.28 13.49 69.18-34.82 169.23-44.32 218.7-46.92 16.89-.89 30.02-14.43 30.02-30.66V62.75c.01-17.71-15.35-31.74-33.77-30.7zM264.73 87.64C197.5 46.48 88.58 35.17 33.78 32.05 15.36 31.01 0 45.04 0 62.75V400.6c0 16.24 13.13 29.78 30.02 30.66 49.49 2.6 149.59 12.11 218.77 46.95 10.62 5.35 23.21-1.94 23.21-13.46V100.63c0-5.29-2.62-10.14-7.27-12.99z\"><\/path><\/svg>\t\t\t<\/div>\n\t\t<\/div>\n\t\t\t\t\t\t<\/div>\n\t\t\t\t<\/div>\n\t\t\t\t<div class=\"elementor-element elementor-element-f84993e elementor-widget elementor-widget-heading\" data-id=\"f84993e\" data-element_type=\"widget\" data-widget_type=\"heading.default\">\n\t\t\t\t<div class=\"elementor-widget-container\">\n\t\t\t\t\t<h2 class=\"elementor-heading-title elementor-size-default\">Material relacionado<\/h2>\t\t\t\t<\/div>\n\t\t\t\t<\/div>\n\t\t\t\t<div class=\"elementor-element elementor-element-fdcc8df elementor-widget elementor-widget-text-editor\" data-id=\"fdcc8df\" data-element_type=\"widget\" data-widget_type=\"text-editor.default\">\n\t\t\t\t<div class=\"elementor-widget-container\">\n\t\t\t\t\t\t\t\t\t<p>Elige qu\u00e9 tipo de material te interesa revisar:<\/p>\t\t\t\t\t\t\t\t<\/div>\n\t\t\t\t<\/div>\n\t\t\t\t<div class=\"elementor-element elementor-element-17d396e elementor-widget elementor-widget-jet-smart-filters-checkboxes\" data-id=\"17d396e\" data-element_type=\"widget\" data-widget_type=\"jet-smart-filters-checkboxes.default\">\n\t\t\t\t<div class=\"elementor-widget-container\">\n\t\t\t\t\t<div class=\"jet-smart-filters-checkboxes jet-filter \" data-indexer-rule=\"show\" data-show-counter=\"\" data-change-counter=\"always\"><div class=\"jet-checkboxes-list\" data-query-type=\"tax_query\" data-query-var=\"category\" data-smart-filter=\"checkboxes\" data-filter-id=\"10153\" data-apply-type=\"ajax\" data-content-provider=\"epro-posts\" data-additional-providers=\"\" data-query-id=\"default\" data-active-label=\"\" data-layout-options=\"{&quot;show_label&quot;:&quot;&quot;,&quot;display_options&quot;:{&quot;show_items_label&quot;:false,&quot;show_decorator&quot;:&quot;yes&quot;,&quot;filter_image_size&quot;:&quot;full&quot;,&quot;show_counter&quot;:false}}\" data-query-var-suffix=\"\" data-apply-on=\"value\"><fieldset class=\"jet-checkboxes-list-wrapper\"><legend style=\"display:none;\">Material Investigadores<\/legend><div class=\"jet-checkboxes-list__row jet-filter-row\">\n\t\t<label class=\"jet-checkboxes-list__item\" >\n\t\t<input\n\t\t\ttype=\"checkbox\"\n\t\t\tclass=\"jet-checkboxes-list__input\"\n\t\t\tname=\"category\"\n\t\t\tvalue=\"5\"\n\t\t\tdata-label=\"NOTICIAS\"\n\t\t\t\t\t\taria-label=\"NOTICIAS\"\n\t\t\t\t\t>\n\t\t<div class=\"jet-checkboxes-list__button\">\n\t\t\t\t\t\t\t<span class=\"jet-checkboxes-list__decorator\">\n\t\t\t\t\t<i class=\"jet-checkboxes-list__checked-icon\"><svg width=\"28\" height=\"28\" viewBox=\"0 0 28 28\" xmlns=\"http:\/\/www.w3.org\/2000\/svg\">\n\t<path d=\"M26.109 8.844c0 0.391-0.156 0.781-0.438 1.062l-13.438 13.438c-0.281 0.281-0.672 0.438-1.062 0.438s-0.781-0.156-1.062-0.438l-7.781-7.781c-0.281-0.281-0.438-0.672-0.438-1.062s0.156-0.781 0.438-1.062l2.125-2.125c0.281-0.281 0.672-0.438 1.062-0.438s0.781 0.156 1.062 0.438l4.594 4.609 10.25-10.266c0.281-0.281 0.672-0.438 1.062-0.438s0.781 0.156 1.062 0.438l2.125 2.125c0.281 0.281 0.438 0.672 0.438 1.062z\"><\/path>\n<\/svg>\n<\/i>\n\t\t\t\t<\/span>\n\t\t\t\t\t\t<span class=\"jet-checkboxes-list__label\">NOTICIAS<\/span>\n\t\t\t\t\t<\/div>\n\t<\/label>\n<\/div><div class=\"jet-checkboxes-list__row jet-filter-row\">\n\t\t<label class=\"jet-checkboxes-list__item\" >\n\t\t<input\n\t\t\ttype=\"checkbox\"\n\t\t\tclass=\"jet-checkboxes-list__input\"\n\t\t\tname=\"category\"\n\t\t\tvalue=\"107\"\n\t\t\tdata-label=\"PROYECTOS CIEP\"\n\t\t\t\t\t\taria-label=\"PROYECTOS CIEP\"\n\t\t\t\t\t>\n\t\t<div class=\"jet-checkboxes-list__button\">\n\t\t\t\t\t\t\t<span class=\"jet-checkboxes-list__decorator\">\n\t\t\t\t\t<i class=\"jet-checkboxes-list__checked-icon\"><svg width=\"28\" height=\"28\" viewBox=\"0 0 28 28\" xmlns=\"http:\/\/www.w3.org\/2000\/svg\">\n\t<path d=\"M26.109 8.844c0 0.391-0.156 0.781-0.438 1.062l-13.438 13.438c-0.281 0.281-0.672 0.438-1.062 0.438s-0.781-0.156-1.062-0.438l-7.781-7.781c-0.281-0.281-0.438-0.672-0.438-1.062s0.156-0.781 0.438-1.062l2.125-2.125c0.281-0.281 0.672-0.438 1.062-0.438s0.781 0.156 1.062 0.438l4.594 4.609 10.25-10.266c0.281-0.281 0.672-0.438 1.062-0.438s0.781 0.156 1.062 0.438l2.125 2.125c0.281 0.281 0.438 0.672 0.438 1.062z\"><\/path>\n<\/svg>\n<\/i>\n\t\t\t\t<\/span>\n\t\t\t\t\t\t<span class=\"jet-checkboxes-list__label\">PROYECTOS CIEP<\/span>\n\t\t\t\t\t<\/div>\n\t<\/label>\n<\/div><div class=\"jet-checkboxes-list__row jet-filter-row\">\n\t\t<label class=\"jet-checkboxes-list__item\" >\n\t\t<input\n\t\t\ttype=\"checkbox\"\n\t\t\tclass=\"jet-checkboxes-list__input\"\n\t\t\tname=\"category\"\n\t\t\tvalue=\"108\"\n\t\t\tdata-label=\"PUBLICACIONES CIEP\"\n\t\t\t\t\t\taria-label=\"PUBLICACIONES CIEP\"\n\t\t\t\t\t>\n\t\t<div class=\"jet-checkboxes-list__button\">\n\t\t\t\t\t\t\t<span class=\"jet-checkboxes-list__decorator\">\n\t\t\t\t\t<i class=\"jet-checkboxes-list__checked-icon\"><svg width=\"28\" height=\"28\" viewBox=\"0 0 28 28\" xmlns=\"http:\/\/www.w3.org\/2000\/svg\">\n\t<path d=\"M26.109 8.844c0 0.391-0.156 0.781-0.438 1.062l-13.438 13.438c-0.281 0.281-0.672 0.438-1.062 0.438s-0.781-0.156-1.062-0.438l-7.781-7.781c-0.281-0.281-0.438-0.672-0.438-1.062s0.156-0.781 0.438-1.062l2.125-2.125c0.281-0.281 0.672-0.438 1.062-0.438s0.781 0.156 1.062 0.438l4.594 4.609 10.25-10.266c0.281-0.281 0.672-0.438 1.062-0.438s0.781 0.156 1.062 0.438l2.125 2.125c0.281 0.281 0.438 0.672 0.438 1.062z\"><\/path>\n<\/svg>\n<\/i>\n\t\t\t\t<\/span>\n\t\t\t\t\t\t<span class=\"jet-checkboxes-list__label\">PUBLICACIONES CIEP<\/span>\n\t\t\t\t\t<\/div>\n\t<\/label>\n<\/div><\/fieldset><\/div>\n<\/div>\t\t\t\t<\/div>\n\t\t\t\t<\/div>\n\t\t\t\t<\/div>\n\t\t<div class=\"elementor-element elementor-element-ec39170 e-con-full e-flex e-con e-child\" data-id=\"ec39170\" data-element_type=\"container\">\n\t\t\t\t<div class=\"elementor-element elementor-element-0eb3cd3 elementor-grid-1 elementor-grid-tablet-2 elementor-grid-mobile-1 elementor-posts--thumbnail-top elementor-card-shadow-yes elementor-posts__hover-gradient elementor-widget elementor-widget-posts\" data-id=\"0eb3cd3\" data-element_type=\"widget\" data-settings=\"{&quot;pagination_type&quot;:&quot;load_more_infinite_scroll&quot;,&quot;cards_columns&quot;:&quot;1&quot;,&quot;cards_columns_tablet&quot;:&quot;2&quot;,&quot;cards_columns_mobile&quot;:&quot;1&quot;,&quot;cards_row_gap&quot;:{&quot;unit&quot;:&quot;px&quot;,&quot;size&quot;:35,&quot;sizes&quot;:[]},&quot;cards_row_gap_tablet&quot;:{&quot;unit&quot;:&quot;px&quot;,&quot;size&quot;:&quot;&quot;,&quot;sizes&quot;:[]},&quot;cards_row_gap_mobile&quot;:{&quot;unit&quot;:&quot;px&quot;,&quot;size&quot;:&quot;&quot;,&quot;sizes&quot;:[]},&quot;load_more_spinner&quot;:{&quot;value&quot;:&quot;fas fa-spinner&quot;,&quot;library&quot;:&quot;fa-solid&quot;}}\" data-widget_type=\"posts.cards\">\n\t\t\t\t<div class=\"elementor-widget-container\">\n\t\t\t\t\t\t\t<div class=\"elementor-posts-container elementor-posts elementor-posts--skin-cards elementor-grid\">\n\t\t\t\t<article class=\"elementor-post elementor-grid-item post-11962 post type-post status-publish format-standard hentry category-ecosistemas-terrestres-proyectos category-proyectos-ciep tag-valentina-alvarez infinite-scroll-item\">\n\t\t\t<div class=\"elementor-post__card\">\n\t\t\t\t<div class=\"elementor-post__text\">\n\t\t\t\t<h3 class=\"elementor-post__title\">\n\t\t\t<a href=\"https:\/\/ciep.cl\/inicio\/2026\/01\/22\/proyecto-2022-2025-applicability-of-quantitative-estimates-of-past-vegetation-cover-in-the-aysen-region-chilean-patagonia\/\" >\n\t\t\t\tProyecto\/2022-2025\/Applicability of quantitative estimates of past vegetation cover in\u00a0the Ays\u00e9n region, Chilean Patagonia.\t\t\t<\/a>\n\t\t<\/h3>\n\t\t\t\t<div class=\"elementor-post__excerpt\">\n\t\t\t<p>Este proyecto FONDECYT POSTDOC (3220115) busca mejorar la reconstrucci\u00f3n de la vegetaci\u00f3n del pasado en la regi\u00f3n de Ays\u00e9n, utilizando<\/p>\n\t\t<\/div>\n\t\t\n\t\t<a class=\"elementor-post__read-more\" href=\"https:\/\/ciep.cl\/inicio\/2026\/01\/22\/proyecto-2022-2025-applicability-of-quantitative-estimates-of-past-vegetation-cover-in-the-aysen-region-chilean-patagonia\/\" aria-label=\"M\u00e1s informaci\u00f3n sobre Proyecto\/2022-2025\/Applicability of quantitative estimates of past vegetation cover in\u00a0the Ays\u00e9n region, Chilean Patagonia.\" tabindex=\"-1\" >\n\t\t\tLeer m\u00e1s \u00bb\t\t<\/a>\n\n\t\t\t\t<\/div>\n\t\t\t\t<div class=\"elementor-post__meta-data\">\n\t\t\t\t\t<span class=\"elementor-post-date\">\n\t\t\tenero 22, 2026\t\t<\/span>\n\t\t\t\t<\/div>\n\t\t\t\t\t<\/div>\n\t\t<\/article>\n\t\t\t\t<article class=\"elementor-post elementor-grid-item post-11152 post type-post status-publish format-standard has-post-thumbnail hentry category-libros category-material-de-divulgacion tag-valentina-alvarez infinite-scroll-item\">\n\t\t\t<div class=\"elementor-post__card\">\n\t\t\t\t<a class=\"elementor-post__thumbnail__link\" href=\"https:\/\/ciep.cl\/inicio\/2025\/08\/01\/caracterizacion-melisopalinologica-de-las-mieles-de-aysen\/\" tabindex=\"-1\" ><div class=\"elementor-post__thumbnail\"><img decoding=\"async\" width=\"219\" height=\"300\" src=\"https:\/\/ciep.cl\/inicio\/wp-content\/uploads\/2025\/08\/image-219x300.jpg\" class=\"attachment-medium size-medium wp-image-11153\" alt=\"\" srcset=\"https:\/\/ciep.cl\/inicio\/wp-content\/uploads\/2025\/08\/image-219x300.jpg 219w, https:\/\/ciep.cl\/inicio\/wp-content\/uploads\/2025\/08\/image.jpg 668w\" sizes=\"(max-width: 219px) 100vw, 219px\" \/><\/div><\/a>\n\t\t\t\t<div class=\"elementor-post__text\">\n\t\t\t\t<h3 class=\"elementor-post__title\">\n\t\t\t<a href=\"https:\/\/ciep.cl\/inicio\/2025\/08\/01\/caracterizacion-melisopalinologica-de-las-mieles-de-aysen\/\" >\n\t\t\t\tCaracterizaci\u00f3n melisopalinol\u00f3gica de las mieles de Ays\u00e9n\t\t\t<\/a>\n\t\t<\/h3>\n\t\t\t\t<div class=\"elementor-post__excerpt\">\n\t\t\t<p>Rese\u00f1a La producci\u00f3n y calidad de la miel dependen directamente de la flora disponible en un sitio determinado. Cada vez<\/p>\n\t\t<\/div>\n\t\t\n\t\t<a class=\"elementor-post__read-more\" href=\"https:\/\/ciep.cl\/inicio\/2025\/08\/01\/caracterizacion-melisopalinologica-de-las-mieles-de-aysen\/\" aria-label=\"M\u00e1s informaci\u00f3n sobre Caracterizaci\u00f3n melisopalinol\u00f3gica de las mieles de Ays\u00e9n\" tabindex=\"-1\" >\n\t\t\tLeer m\u00e1s \u00bb\t\t<\/a>\n\n\t\t\t\t<\/div>\n\t\t\t\t<div class=\"elementor-post__meta-data\">\n\t\t\t\t\t<span class=\"elementor-post-date\">\n\t\t\tagosto 1, 2025\t\t<\/span>\n\t\t\t\t<\/div>\n\t\t\t\t\t<\/div>\n\t\t<\/article>\n\t\t\t\t<article class=\"elementor-post elementor-grid-item post-10374 post type-post status-publish format-standard has-post-thumbnail hentry category-infografias tag-valentina-alvarez infinite-scroll-item\">\n\t\t\t<div class=\"elementor-post__card\">\n\t\t\t\t<a class=\"elementor-post__thumbnail__link\" href=\"https:\/\/ciep.cl\/inicio\/2025\/04\/30\/floras-meliferas-de-aysen\/\" tabindex=\"-1\" ><div class=\"elementor-post__thumbnail\"><img decoding=\"async\" width=\"214\" height=\"300\" src=\"https:\/\/ciep.cl\/inicio\/wp-content\/uploads\/2025\/04\/Captura-de-pantalla-2025-04-30-a-las-3.50.26\u202fp.m-214x300.png\" class=\"attachment-medium size-medium wp-image-10376\" alt=\"\" srcset=\"https:\/\/ciep.cl\/inicio\/wp-content\/uploads\/2025\/04\/Captura-de-pantalla-2025-04-30-a-las-3.50.26\u202fp.m-214x300.png 214w, https:\/\/ciep.cl\/inicio\/wp-content\/uploads\/2025\/04\/Captura-de-pantalla-2025-04-30-a-las-3.50.26\u202fp.m.png 964w\" sizes=\"(max-width: 214px) 100vw, 214px\" \/><\/div><\/a>\n\t\t\t\t<div class=\"elementor-post__text\">\n\t\t\t\t<h3 class=\"elementor-post__title\">\n\t\t\t<a href=\"https:\/\/ciep.cl\/inicio\/2025\/04\/30\/floras-meliferas-de-aysen\/\" >\n\t\t\t\tFLORAS MEL\u00cdFERAS DE AYS\u00c9N\t\t\t<\/a>\n\t\t<\/h3>\n\t\t\t\t<div class=\"elementor-post__excerpt\">\n\t\t\t<p>Descarga este recurso<\/p>\n\t\t<\/div>\n\t\t\n\t\t<a class=\"elementor-post__read-more\" href=\"https:\/\/ciep.cl\/inicio\/2025\/04\/30\/floras-meliferas-de-aysen\/\" aria-label=\"M\u00e1s informaci\u00f3n sobre FLORAS MEL\u00cdFERAS DE AYS\u00c9N\" tabindex=\"-1\" >\n\t\t\tLeer m\u00e1s \u00bb\t\t<\/a>\n\n\t\t\t\t<\/div>\n\t\t\t\t<div class=\"elementor-post__meta-data\">\n\t\t\t\t\t<span class=\"elementor-post-date\">\n\t\t\tabril 30, 2025\t\t<\/span>\n\t\t\t\t<\/div>\n\t\t\t\t\t<\/div>\n\t\t<\/article>\n\t\t\t\t<article class=\"elementor-post elementor-grid-item post-8375 post type-post status-publish format-standard has-post-thumbnail hentry category-noticias category-ecosistemas-terrestres tag-valentina-alvarez infinite-scroll-item\">\n\t\t\t<div class=\"elementor-post__card\">\n\t\t\t\t<div class=\"elementor-post__text\">\n\t\t\t\t<h3 class=\"elementor-post__title\">\n\t\t\t<a href=\"https:\/\/ciep.cl\/inicio\/2024\/08\/07\/estudio-del-ciep-logra-caracterizar-22-tipos-de-mieles-producidas-en-la-region\/\" >\n\t\t\t\tESTUDIO DEL CIEP LOGRA CARACTERIZAR 22 TIPOS DE MIELES PRODUCIDAS EN LA REGI\u00d3N\t\t\t<\/a>\n\t\t<\/h3>\n\t\t\t\t<div class=\"elementor-post__excerpt\">\n\t\t\t<p>Desde 2023, el Centro de Investigaci\u00f3n en Ecosistemas de la Patagonia (CIEP) ha llevado a cabo el estudio, \u201cCaracterizaci\u00f3n melisopalinol\u00f3gica<\/p>\n\t\t<\/div>\n\t\t\n\t\t<a class=\"elementor-post__read-more\" href=\"https:\/\/ciep.cl\/inicio\/2024\/08\/07\/estudio-del-ciep-logra-caracterizar-22-tipos-de-mieles-producidas-en-la-region\/\" aria-label=\"M\u00e1s informaci\u00f3n sobre ESTUDIO DEL CIEP LOGRA CARACTERIZAR 22 TIPOS DE MIELES PRODUCIDAS EN LA REGI\u00d3N\" tabindex=\"-1\" >\n\t\t\tLeer m\u00e1s \u00bb\t\t<\/a>\n\n\t\t\t\t<\/div>\n\t\t\t\t<div class=\"elementor-post__meta-data\">\n\t\t\t\t\t<span class=\"elementor-post-date\">\n\t\t\tagosto 7, 2024\t\t<\/span>\n\t\t\t\t<\/div>\n\t\t\t\t\t<\/div>\n\t\t<\/article>\n\t\t\t\t<article class=\"elementor-post elementor-grid-item post-8220 post type-post status-publish format-standard has-post-thumbnail hentry category-noticias category-arqueologia-y-patrimonio tag-valentina-alvarez infinite-scroll-item\">\n\t\t\t<div class=\"elementor-post__card\">\n\t\t\t\t<div class=\"elementor-post__text\">\n\t\t\t\t<h3 class=\"elementor-post__title\">\n\t\t\t<a href=\"https:\/\/ciep.cl\/inicio\/2024\/06\/19\/nuevos-hallazgos-revelan-cambios-milenarios-en-vegetacion-e-incendios-en-la-patagonia-chilena\/\" >\n\t\t\t\tNuevos hallazgos revelan cambios milenarios en vegetaci\u00f3n e incendios en la Patagonia chilena\t\t\t<\/a>\n\t\t<\/h3>\n\t\t\t\t<div class=\"elementor-post__excerpt\">\n\t\t\t<p>Por :&nbsp;Lorenzo Palma Morales Cient\u00edficos han descubierto importantes cambios en la estructura de la vegetaci\u00f3n y los patrones de incendios<\/p>\n\t\t<\/div>\n\t\t\n\t\t<a class=\"elementor-post__read-more\" href=\"https:\/\/ciep.cl\/inicio\/2024\/06\/19\/nuevos-hallazgos-revelan-cambios-milenarios-en-vegetacion-e-incendios-en-la-patagonia-chilena\/\" aria-label=\"M\u00e1s informaci\u00f3n sobre Nuevos hallazgos revelan cambios milenarios en vegetaci\u00f3n e incendios en la Patagonia chilena\" tabindex=\"-1\" >\n\t\t\tLeer m\u00e1s \u00bb\t\t<\/a>\n\n\t\t\t\t<\/div>\n\t\t\t\t<div class=\"elementor-post__meta-data\">\n\t\t\t\t\t<span class=\"elementor-post-date\">\n\t\t\tjunio 19, 2024\t\t<\/span>\n\t\t\t\t<\/div>\n\t\t\t\t\t<\/div>\n\t\t<\/article>\n\t\t\t\t<article class=\"elementor-post elementor-grid-item post-8022 post type-post status-publish format-standard hentry category-publicaciones tag-amalia-nuevo tag-cesar-mendez tag-valentina-alvarez infinite-scroll-item\">\n\t\t\t<div class=\"elementor-post__card\">\n\t\t\t\t<div class=\"elementor-post__text\">\n\t\t\t\t<h3 class=\"elementor-post__title\">\n\t\t\t<a href=\"https:\/\/ciep.cl\/inicio\/2024\/04\/17\/2024-publicacion-v-alvarez-barra-a-maldonado-m-e-deporras-a-nuevo-delaunay-c-mendez-postglacial-landscape-dynamics-and-fire-regimes-in-west-central-patagonia-chile-44s-72w-eviden\/\" >\n\t\t\t\t2024\/publicaci\u00f3n\/V.\u00c1lvarez-Barra, A.Maldonado, M.E.dePorras, A.Nuevo-Delaunay, C.M\u00e9ndez. Postglacial landscape dynamics and fire regimes in west Central Patagonia, Chile (44\u00b0S, 72\u00b0W): Evidence from the Cisnes River Basin\t\t\t<\/a>\n\t\t<\/h3>\n\t\t\t\t<div class=\"elementor-post__excerpt\">\n\t\t\t<p>https:\/\/doi.org\/10.1016\/j.quascirev.2024.108655<\/p>\n\t\t<\/div>\n\t\t\n\t\t<a class=\"elementor-post__read-more\" href=\"https:\/\/ciep.cl\/inicio\/2024\/04\/17\/2024-publicacion-v-alvarez-barra-a-maldonado-m-e-deporras-a-nuevo-delaunay-c-mendez-postglacial-landscape-dynamics-and-fire-regimes-in-west-central-patagonia-chile-44s-72w-eviden\/\" aria-label=\"M\u00e1s informaci\u00f3n sobre 2024\/publicaci\u00f3n\/V.\u00c1lvarez-Barra, A.Maldonado, M.E.dePorras, A.Nuevo-Delaunay, C.M\u00e9ndez. Postglacial landscape dynamics and fire regimes in west Central Patagonia, Chile (44\u00b0S, 72\u00b0W): Evidence from the Cisnes River Basin\" tabindex=\"-1\" >\n\t\t\tLeer m\u00e1s \u00bb\t\t<\/a>\n\n\t\t\t\t<\/div>\n\t\t\t\t<div class=\"elementor-post__meta-data\">\n\t\t\t\t\t<span class=\"elementor-post-date\">\n\t\t\tabril 17, 2024\t\t<\/span>\n\t\t\t\t<\/div>\n\t\t\t\t\t<\/div>\n\t\t<\/article>\n\t\t\t\t<\/div>\n\t\t\t\t\t<span class=\"e-load-more-spinner\">\n\t\t\t\t<svg aria-hidden=\"true\" class=\"e-font-icon-svg e-fas-spinner\" viewBox=\"0 0 512 512\" xmlns=\"http:\/\/www.w3.org\/2000\/svg\"><path d=\"M304 48c0 26.51-21.49 48-48 48s-48-21.49-48-48 21.49-48 48-48 48 21.49 48 48zm-48 368c-26.51 0-48 21.49-48 48s21.49 48 48 48 48-21.49 48-48-21.49-48-48-48zm208-208c-26.51 0-48 21.49-48 48s21.49 48 48 48 48-21.49 48-48-21.49-48-48-48zM96 256c0-26.51-21.49-48-48-48S0 229.49 0 256s21.49 48 48 48 48-21.49 48-48zm12.922 99.078c-26.51 0-48 21.49-48 48s21.49 48 48 48 48-21.49 48-48c0-26.509-21.491-48-48-48zm294.156 0c-26.51 0-48 21.49-48 48s21.49 48 48 48 48-21.49 48-48c0-26.509-21.49-48-48-48zM108.922 60.922c-26.51 0-48 21.49-48 48s21.49 48 48 48 48-21.49 48-48-21.491-48-48-48z\"><\/path><\/svg>\t\t\t<\/span>\n\t\t\n\t\t\t\t<div class=\"e-load-more-anchor\" data-page=\"1\" data-max-page=\"3\" data-next-page=\"https:\/\/ciep.cl\/inicio\/wp-json\/wp\/v2\/posts\/438\/page\/2\/\"><\/div>\n\t\t\t\t<div class=\"e-load-more-message\"><\/div>\n\t\t\t\t\t\t<\/div>\n\t\t\t\t<\/div>\n\t\t\t\t<\/div>\n\t\t\t\t\t<\/div>\n\t\t\t\t<\/div>\n\t\t\t\t<\/div>\n\t\t","protected":false},"excerpt":{"rendered":"<p>valentina.alvarez@ciep.cl +56 961063700 Km 4,5 Camino a Puerto Ays\u00e9n, Sector El Arenal INVESTIGADORA RESIDENTE Doctora en Ecolog\u00eda y Biodiversidad (Georg-August-Universit\u00e4t G\u00f6ttingen, Alemania).Su trabajo se centra en reconstruir c\u00f3mo eran los paisajes del pasado, explorando miles de a\u00f1os de historia ambiental &#8230; <\/p>\n<p class=\"read-more-container\"><a title=\"2024\/publicaci\u00f3n\/V.\u00c1lvarez-Barra, A.Maldonado, M.E.dePorras, A.Nuevo-Delaunay, C.M\u00e9ndez. Postglacial landscape dynamics and fire regimes in west Central Patagonia, Chile (44\u00b0S, 72\u00b0W): Evidence from the Cisnes River Basin\" class=\"read-more button\" href=\"https:\/\/ciep.cl\/inicio\/2024\/04\/17\/2024-publicacion-v-alvarez-barra-a-maldonado-m-e-deporras-a-nuevo-delaunay-c-mendez-postglacial-landscape-dynamics-and-fire-regimes-in-west-central-patagonia-chile-44s-72w-eviden\/#more-8022\" aria-label=\"Leer m\u00e1s sobre 2024\/publicaci\u00f3n\/V.\u00c1lvarez-Barra, A.Maldonado, M.E.dePorras, A.Nuevo-Delaunay, C.M\u00e9ndez. Postglacial landscape dynamics and fire regimes in west Central Patagonia, Chile (44\u00b0S, 72\u00b0W): Evidence from the Cisnes River Basin\">Leer m\u00e1s<\/a><\/p>\n","protected":false},"author":2,"featured_media":197,"comment_status":"closed","ping_status":"closed","sticky":false,"template":"elementor_header_footer","format":"standard","meta":{"footnotes":""},"categories":[12],"tags":[],"class_list":["post-438","post","type-post","status-publish","format-standard","has-post-thumbnail","hentry","category-investigadores-residentes","infinite-scroll-item"],"_links":{"self":[{"href":"https:\/\/ciep.cl\/inicio\/wp-json\/wp\/v2\/posts\/438","targetHints":{"allow":["GET"]}}],"collection":[{"href":"https:\/\/ciep.cl\/inicio\/wp-json\/wp\/v2\/posts"}],"about":[{"href":"https:\/\/ciep.cl\/inicio\/wp-json\/wp\/v2\/types\/post"}],"author":[{"embeddable":true,"href":"https:\/\/ciep.cl\/inicio\/wp-json\/wp\/v2\/users\/2"}],"replies":[{"embeddable":true,"href":"https:\/\/ciep.cl\/inicio\/wp-json\/wp\/v2\/comments?post=438"}],"version-history":[{"count":16,"href":"https:\/\/ciep.cl\/inicio\/wp-json\/wp\/v2\/posts\/438\/revisions"}],"predecessor-version":[{"id":12134,"href":"https:\/\/ciep.cl\/inicio\/wp-json\/wp\/v2\/posts\/438\/revisions\/12134"}],"wp:featuredmedia":[{"embeddable":true,"href":"https:\/\/ciep.cl\/inicio\/wp-json\/wp\/v2\/media\/197"}],"wp:attachment":[{"href":"https:\/\/ciep.cl\/inicio\/wp-json\/wp\/v2\/media?parent=438"}],"wp:term":[{"taxonomy":"category","embeddable":true,"href":"https:\/\/ciep.cl\/inicio\/wp-json\/wp\/v2\/categories?post=438"},{"taxonomy":"post_tag","embeddable":true,"href":"https:\/\/ciep.cl\/inicio\/wp-json\/wp\/v2\/tags?post=438"}],"curies":[{"name":"wp","href":"https:\/\/api.w.org\/{rel}","templated":true}]}}