{"id":4692,"date":"2021-06-30T12:27:30","date_gmt":"2021-06-30T15:27:30","guid":{"rendered":"http:\/\/www.ciep.cl\/?p=4692"},"modified":"2021-06-30T12:27:30","modified_gmt":"2021-06-30T15:27:30","slug":"estado-de-salud-de-mar-de-chile-fue-analizado-por-cientificos-de-todo-chile-y-de-francia","status":"publish","type":"post","link":"https:\/\/ciep.cl\/inicio\/2021\/06\/30\/estado-de-salud-de-mar-de-chile-fue-analizado-por-cientificos-de-todo-chile-y-de-francia\/","title":{"rendered":"Estado de Salud de mar de Chile fue analizado por cient\u00edficos de todo Chile y de Francia"},"content":{"rendered":"\n<p><em>Gracias al trabajo multi e interdisciplinario se mostr\u00f3 que es posible medir \u201cel estado de salud\u201d de nuestras aguas costeras para lograr dilucidar los cambios futuros dentro de la crisis clim\u00e1tica mundial.<\/em><\/p>\n\n\n\n<p>Los investigadores Dr. Rodrigo Torres, coordinador de la l\u00ednea de ecosistemas acu\u00e1ticos y Emilio Alarc\u00f3n, bi\u00f3logo marino del Centro de Investigaci\u00f3n en Ecosistemas de la Patagonia (CIEP), navegaron tomando muestras por casi todo Chile, para evaluar el grado de acidez del agua de mar (pH) y monitorear las concentraciones del gas CO2 de las costas chilenas, entre otros muchos factores que los diferentes especialistas estudiar\u00e1n.<\/p>\n\n\n\n<figure class=\"wp-block-image size-large is-resized\"><img fetchpriority=\"high\" decoding=\"async\" src=\"http:\/\/www.ciep.cl\/wp-content\/uploads\/2021\/06\/WhatsApp-Image-2021-03-01-at-10.33.33-1024x566.jpeg\" alt=\"\" class=\"wp-image-4699\" width=\"518\" height=\"286\"\/><\/figure>\n\n\n\n<p>Por primera vez en Chile se unieron diferentes centros de investigaci\u00f3n junto a la Fundaci\u00f3n Tara Oc\u00e9an, con el apoyo del Ministerio de Ciencia y la Embajada francesa, formando el consorcio de investigaci\u00f3n Ceod\u00f3s Chile, de la que son parte el Centro de Modelamiento Matem\u00e1tico, Centro Mast, Centro de Investigaci\u00f3n de Clima y Resilencia CR2, Centro de Regulaci\u00f3n del Gen\u00f3ma, Copas Sur Austral, Centro Ideal, Incar, Centro en Ecosistemas de la Patagonia, Inria, CNRS, Departamento de Oceanograf\u00eda de la Universidad de Concepci\u00f3n y Facultad de Ciencias F\u00edsicas y Matem\u00e1ticas de la Universidad de Chile. Demostrando un gran esfuerzo de colaboraci\u00f3n interdisciplinaria \u00fanico en la historia oceanogr\u00e1fica del pa\u00eds.<\/p>\n\n\n\n<p>Particularmente, los investigadores residentes en la regi\u00f3n de Ays\u00e9n debieron gestionar el traslado y embarque de materiales cient\u00edficos a lo largo de toda la costa de Chile, desde Punta Arenas hasta Iquique. Junto a esto, a bordo de la embarcaci\u00f3n, fueron jefes de expedici\u00f3n en los tramos Punta Arenas-Puerto Montt, Puerto Montt-Concepci\u00f3n y Valpara\u00edso-Iquique. Emilio Alarc\u00f3n, un joven investigador, pero con gran experiencia en embarcaciones cient\u00edficas relata en qu\u00e9 consisti\u00f3 su trabajo en el velero cient\u00edfico Tara. \u201cMi misi\u00f3n a bordo era coordinar y tomar decisiones al momento de realizar las estaciones oceanogr\u00e1ficas, recolectando muestras de agua y\/o microorganismos y desplegando equipos aut\u00f3nomos de medici\u00f3n (ej. Boyas argo). En paralelo, iba encargado del funcionamiento de los sistemas de medici\u00f3n del grado de acidez (pH del agua de mar) y de la concentraci\u00f3n de CO2 (gas de efecto invernadero) en las aguas costeras frente a Chile\u201d.<\/p>\n\n\n\n<figure class=\"wp-block-image size-large is-resized\"><img decoding=\"async\" src=\"http:\/\/www.ciep.cl\/wp-content\/uploads\/2021\/06\/WhatsApp-Image-2021-02-24-at-16.58.45-1024x576.jpeg\" alt=\"\" class=\"wp-image-4700\" width=\"467\" height=\"262\"\/><\/figure>\n\n\n\n<p>Para Emilio es de gran importancia lo que la Misi\u00f3n Ceod\u00f3s ha logrado, destacando <strong>\u201c<\/strong>la reuni\u00f3n de estos centros de excelencia con la fundaci\u00f3n Tara Oc\u00e9an, a mi parecer, es una excelente plataforma y un modelo a seguir para poder llevar a cabo estudios oceanogr\u00e1ficos complejos. Chile posee el equipo humano y profesional para realizarlos, pero muchas veces limitados en espacio y tiempo, por falta de recursos econ\u00f3micos y plataformas de investigaci\u00f3n a lo largo de toda su costa\u201d. Resaltando el hecho que este trabajo multi e interdisciplinario mostr\u00f3 que es posible medir el estado de salud de nuestras aguas costeras para lograr dilucidar los cambios futuros dentro de la crisis clim\u00e1tica mundial.<\/p>\n\n\n\n<p>Durante esta in\u00e9dita expedici\u00f3n, se recolectaron muestras para medir m\u00e1s de 15 par\u00e1metros oceanogr\u00e1ficos de inter\u00e9s mundial, en el que grupos nacionales e internacionales estar\u00e1n a cargo de analizar las condiciones f\u00edsico-qu\u00edmicas desde la superficie hasta m\u00e1s de 1000 m de profundidad, donde la batimetr\u00eda lo permit\u00eda. Muestras tomadas desde la superficie hasta los 500 metros de profundidad se estudiar\u00e1n para cuantificar, entre otras variables, la concentraci\u00f3n de gases de efecto invernadero, metales trazas, micropl\u00e1sticos, as\u00ed como la distribuci\u00f3n y abundancia del plancton marino, desde virus hasta larvas de peces, en estaciones en paralelo y transversal a la costa chilena.<\/p>\n\n\n\n<p>Posterior a la navegaci\u00f3n, los materiales cient\u00edficos y muestras recolectadas para los grupos de investigaci\u00f3n chilenos fueron entregados por Alarc\u00f3n en Universidades o Centros de Investigaci\u00f3n en las ciudades de Coquimbo, Valpara\u00edso, Concepci\u00f3n, Valdivia y Coyhaique. Recorriendo m\u00e1s de 3000 km repartiendo muestras y equipos cient\u00edficos a los distintos grupos de investigaci\u00f3n del consorcio Ceod\u00f3s-Chile.<\/p>\n\n\n\n<p>En laboratorio de CIEP, los investigadores medir\u00e1n la capacidad buffer o capacidad de amortiguaci\u00f3n de las aguas marinas costeras a elementos ac\u00eddicos. Con todas estas mediciones se podr\u00e1 evaluar el flujo de CO2 entre la atm\u00f3sfera y la superficie del mar costero, as\u00ed como los eventuales cambios que puedan tener nuestras costas en torno a este gas de efecto invernadero. Por otro lado, se podr\u00e1 evaluar las condiciones actuales de nuestras costas, en el contexto de la acidificaci\u00f3n de los oc\u00e9anos debido al incremento del CO2 de origen humano en la atm\u00f3sfera. Cabe recordar, que el incremento de acidez del agua de mar y la disminuci\u00f3n de elementos necesarios para la construcci\u00f3n y\/o mantenci\u00f3n esqueletos calc\u00e1reos de corales, crust\u00e1ceos y moluscos, puede ser muy perjudicial para organismos, poblaciones y comunidades enteras.<\/p>\n\n\n\n<p>Entre el Dr. Rodrigo Torres y Emilio Alarc\u00f3n estuvieron apoyando la expedici\u00f3n cient\u00edfica desde el momento en que Tara lleg\u00f3 a Chile hasta que abandon\u00f3 el Pa\u00eds. \u201cFueron casi tres meses que estuvimos a bordo, trabajando para que esta primera expedici\u00f3n de Tara Oc\u00e9an en Chile fuera todo un \u00e9xito. No s\u00f3lo a bordo, sino que en tierra tambi\u00e9n estuvimos activos como parte del grupo de investigaci\u00f3n en apoyo a la Dra. Camila Fern\u00e1ndez (co-coordinadora de CEODOS-Chile), preocupados de la gesti\u00f3n de materiales y equipos cient\u00edficos necesarios para la ejecuci\u00f3n de esta in\u00e9dita expedici\u00f3n. Y en mi opini\u00f3n, fue todo un \u00e9xito\u201d. Concluy\u00f3 el bi\u00f3logo marino.<\/p>\n\n\n\n<figure class=\"wp-block-image size-large\"><img decoding=\"async\" src=\"http:\/\/www.ciep.cl\/wp-content\/uploads\/2021\/06\/Rodrigo_munida-769x1024.jpg\" alt=\"\" class=\"wp-image-4697\"\/><figcaption>\u00a9Ma\u00e9va Bardy &#8211; Fondation Tara Ocean <\/figcaption><\/figure>\n\n\n\n<figure class=\"wp-block-image size-large is-resized\"><img decoding=\"async\" src=\"http:\/\/www.ciep.cl\/wp-content\/uploads\/2021\/06\/2021-03-25-science_Emilio-Aarcon-echantillons-de-ma-rosette-dans-les-main_1160123\u00a9Maeva-Bardy-Fondation-Tara-Ocean-1024x768.jpg\" alt=\"\" class=\"wp-image-4698\" width=\"496\" height=\"372\"\/><figcaption>\u00a9Ma\u00e9va Bardy &#8211; Fondation Tara Ocean <\/figcaption><\/figure>\n","protected":false},"excerpt":{"rendered":"<p>Gracias al trabajo multi e interdisciplinario se mostr\u00f3 que es posible medir \u201cel estado de salud\u201d de nuestras aguas costeras para lograr dilucidar los cambios futuros dentro de la crisis clim\u00e1tica mundial. Los investigadores Dr. Rodrigo Torres, coordinador de la &#8230; <\/p>\n<p class=\"read-more-container\"><a title=\"Estado de Salud de mar de Chile fue analizado por cient\u00edficos de todo Chile y de Francia\" class=\"read-more button\" href=\"https:\/\/ciep.cl\/inicio\/2021\/06\/30\/estado-de-salud-de-mar-de-chile-fue-analizado-por-cientificos-de-todo-chile-y-de-francia\/#more-4692\" aria-label=\"Leer m\u00e1s sobre Estado de Salud de mar de Chile fue analizado por cient\u00edficos de todo Chile y de Francia\">Leer m\u00e1s<\/a><\/p>\n","protected":false},"author":3,"featured_media":4696,"comment_status":"open","ping_status":"open","sticky":false,"template":"","format":"standard","meta":{"footnotes":""},"categories":[5,35],"tags":[57,50],"class_list":["post-4692","post","type-post","status-publish","format-standard","has-post-thumbnail","hentry","category-noticias","category-ecosistemas-acuaticos","tag-emilio-alarcon","tag-rodrigo-torres","infinite-scroll-item"],"_links":{"self":[{"href":"https:\/\/ciep.cl\/inicio\/wp-json\/wp\/v2\/posts\/4692","targetHints":{"allow":["GET"]}}],"collection":[{"href":"https:\/\/ciep.cl\/inicio\/wp-json\/wp\/v2\/posts"}],"about":[{"href":"https:\/\/ciep.cl\/inicio\/wp-json\/wp\/v2\/types\/post"}],"author":[{"embeddable":true,"href":"https:\/\/ciep.cl\/inicio\/wp-json\/wp\/v2\/users\/3"}],"replies":[{"embeddable":true,"href":"https:\/\/ciep.cl\/inicio\/wp-json\/wp\/v2\/comments?post=4692"}],"version-history":[{"count":0,"href":"https:\/\/ciep.cl\/inicio\/wp-json\/wp\/v2\/posts\/4692\/revisions"}],"wp:featuredmedia":[{"embeddable":true,"href":"https:\/\/ciep.cl\/inicio\/wp-json\/"}],"wp:attachment":[{"href":"https:\/\/ciep.cl\/inicio\/wp-json\/wp\/v2\/media?parent=4692"}],"wp:term":[{"taxonomy":"category","embeddable":true,"href":"https:\/\/ciep.cl\/inicio\/wp-json\/wp\/v2\/categories?post=4692"},{"taxonomy":"post_tag","embeddable":true,"href":"https:\/\/ciep.cl\/inicio\/wp-json\/wp\/v2\/tags?post=4692"}],"curies":[{"name":"wp","href":"https:\/\/api.w.org\/{rel}","templated":true}]}}