{"id":4739,"date":"2021-07-22T13:39:12","date_gmt":"2021-07-22T16:39:12","guid":{"rendered":"http:\/\/www.ciep.cl\/?p=4739"},"modified":"2021-07-22T13:39:12","modified_gmt":"2021-07-22T16:39:12","slug":"investigadores-y-estudiantes-participaron-del-primer-dialogo-macrozonal-austral-desafios-y-propuestas-para-el-futuro","status":"publish","type":"post","link":"https:\/\/ciep.cl\/inicio\/2021\/07\/22\/investigadores-y-estudiantes-participaron-del-primer-dialogo-macrozonal-austral-desafios-y-propuestas-para-el-futuro\/","title":{"rendered":"Investigadores y estudiantes participaron del Primer Di\u00e1logo Macrozonal Austral: \u201cDesaf\u00edos y propuestas para el futuro\u201d"},"content":{"rendered":"\n<p class=\"has-text-align-center\">Organizado por el proyecto Nodo Ciencia Austral<\/p>\n\n\n\n<ul class=\"wp-block-list\"><li><em>M\u00e1s de sesenta personas participaron de esta actividad virtual donde pudieron interactuar con los expositores y tambi\u00e9n entregar sus propuestas para el desarrollo de la ciencia y la tecnolog\u00eda en Patagonia y Ant\u00e1rtica.&nbsp;<\/em><\/li><\/ul>\n\n\n\n<p>Esta semana, se llev\u00f3 a cabo el Primer Di\u00e1logo Macrozonal Austral: \u201cDesaf\u00edos y propuestas para el futuro\u201d organizado por el proyecto Nodo Ciencia Austral, que tuvo la participaci\u00f3n de especialistas en el \u00e1rea y la asistencia de m\u00e1s de sesenta personas, siendo una importante instancia para abrir conversaci\u00f3n sobre los desaf\u00edos de la Ciencia, Tecnolog\u00eda, Conocimiento e Innovaci\u00f3n (CTCi) en las regiones de Ays\u00e9n y Magallanes y Ant\u00e1rtica Chilena.<\/p>\n\n\n\n<p>La actividad, abierta a toda la ciudadan\u00eda, se realiz\u00f3 tras las ponencias de seis expertos en el \u00e1rea, quienes compartieron previamente sus presentaciones a trav\u00e9s del <a href=\"https:\/\/www.youtube.com\/channel\/UC50z_7o5_G_-etzXPkhbxNQ\">canal de YouTube<\/a> del Nodo, para generar conversaci\u00f3n y discusi\u00f3n entre los asistentes, jornada que se desarroll\u00f3 a trav\u00e9s de la plataforma zoom y se comparti\u00f3 en vivo a trav\u00e9s de redes sociales.\u00a0<\/p>\n\n\n\n<figure class=\"wp-block-image size-large is-resized\"><img fetchpriority=\"high\" decoding=\"async\" src=\"http:\/\/www.ciep.cl\/wp-content\/uploads\/2021\/07\/Captura_05-1-1024x612.png\" alt=\"\" class=\"wp-image-4745\" width=\"729\" height=\"438\"\/><\/figure>\n\n\n\n<p>Esta instancia cont\u00f3 con una contextualizaci\u00f3n del proyecto y se separ\u00f3 en tres momentos principales. Comenz\u00f3 con palabras de bienvenida de las autoridades, posteriormente los expositores hicieron un resumen de sus presentaciones. Finalmente, se dio paso a un di\u00e1logo m\u00e1s participativo con la audiencia y para dichos efectos se utiliz\u00f3 la plataforma digital Miro donde los participantes deb\u00edan aportar con propuestas y opiniones relacionadas con el desarrollo de la ciencia y la tecnolog\u00eda en la macrozona Austral. Tras esta actividad, la plataforma se mantuvo abierta con el fin de registrar la opini\u00f3n de todos los asistentes.<\/p>\n\n\n\n<figure class=\"wp-block-image size-large is-resized\"><img decoding=\"async\" src=\"http:\/\/www.ciep.cl\/wp-content\/uploads\/2021\/07\/pantallazo-seminario-2-1.jpg\" alt=\"\" class=\"wp-image-4744\" width=\"684\" height=\"549\"\/><\/figure>\n\n\n\n<p>La directora nacional de la Agencia Nacional de Investigaci\u00f3n y Desarrollo (ANID), Ais\u00e9n Etcheverry se refiri\u00f3 al trabajo realizado por los Nodos: \u201cCuando comenzamos con la instalaci\u00f3n de la ANID, uno de los elementos culturales con los que quisimos impregnar esta nueva institucionalidad ten\u00eda que ver con la participaci\u00f3n, con la conexi\u00f3n con los territorios y con el conocimiento colectivo como una forma de avanzar y de informar las decisiones&nbsp; que tomaba la agencia y los incentivos y el fomento que la agencia entrega para el desarrollo de la CTCI\u201d, coment\u00f3.&nbsp;<\/p>\n\n\n\n<p>\u201cLo que busca este proyecto, es coordinar, articular, conversar, dialogar para llegar a puntos y ver c\u00f3mo vamos a disminuir las brechas que tenemos como regi\u00f3n y aprovechar las oportunidades&nbsp; tambi\u00e9n que tenemos como macrozona Austral\u201d a\u00f1adi\u00f3 la seremi de Ciencias de la Macrozona Austral, Dra. Pamela Santib\u00e1\u00f1ez.<br \/><br \/>El director del proyecto, Juan Carlos Aravena, se mostr\u00f3 contento por el gran inter\u00e9s en la actividad que hay por participar y hablar de los temas que presenta el Nodo. Cabe destacar que eso no es sobre un tema puntual, sino que es un proceso que se va gestando y que se encuentra en la etapa del diagn\u00f3stico y que est\u00e1n en la etapa de participaci\u00f3n. \u201cEs algo que se debe hacer entre todos. Estos eventos, son procesos que se abren y necesitamos que se nutra con la participaci\u00f3n de todos\u201d, coment\u00f3 Aravena.&nbsp;<\/p>\n\n\n\n<p>El proyecto Nodo Ciencia Austral es financiado por la ANID y ejecutado por la Universidad de Magallanes, la Universidad de Ays\u00e9n, el Centro de Investigaci\u00f3n en Ecosistemas de la Patagonia y el Instituto Ant\u00e1rtico Chileno; y busca identificar las brechas que limitan el desarrollo cient\u00edfico-tecnol\u00f3gico, establecer prioridades y proponer una estrategia con el fin de robustecer el ecosistema de CTCI de las regiones de Ays\u00e9n y Magallanes y de la Ant\u00e1rtica Chilena.&nbsp;<\/p>\n\n\n\n<p>Cabe mencionar que esta semana sesionar\u00e1 el Comit\u00e9 de Coordinaci\u00f3n Macrozonal (CMM) del proyecto Nodo Ciencia Austral que continuar\u00e1 con la segunda etapa de la actividad que se desarroll\u00f3 en este Primer Di\u00e1logo, pero esta vez con un taller que estar\u00e1 enfocado a temas m\u00e1s espec\u00edficos y separados en grupos tem\u00e1ticos.&nbsp;<\/p>\n","protected":false},"excerpt":{"rendered":"<p>Organizado por el proyecto Nodo Ciencia Austral M\u00e1s de sesenta personas participaron de esta actividad virtual donde pudieron interactuar con los expositores y tambi\u00e9n entregar sus propuestas para el desarrollo de la ciencia y la tecnolog\u00eda en Patagonia y Ant\u00e1rtica.&nbsp; &#8230; <\/p>\n<p class=\"read-more-container\"><a title=\"Investigadores y estudiantes participaron del Primer Di\u00e1logo Macrozonal Austral: \u201cDesaf\u00edos y propuestas para el futuro\u201d\" class=\"read-more button\" href=\"https:\/\/ciep.cl\/inicio\/2021\/07\/22\/investigadores-y-estudiantes-participaron-del-primer-dialogo-macrozonal-austral-desafios-y-propuestas-para-el-futuro\/#more-4739\" aria-label=\"Leer m\u00e1s sobre Investigadores y estudiantes participaron del Primer Di\u00e1logo Macrozonal Austral: \u201cDesaf\u00edos y propuestas para el futuro\u201d\">Leer m\u00e1s<\/a><\/p>\n","protected":false},"author":3,"featured_media":4743,"comment_status":"open","ping_status":"open","sticky":false,"template":"","format":"standard","meta":{"footnotes":""},"categories":[5],"tags":[],"class_list":["post-4739","post","type-post","status-publish","format-standard","has-post-thumbnail","hentry","category-noticias","infinite-scroll-item"],"_links":{"self":[{"href":"https:\/\/ciep.cl\/inicio\/wp-json\/wp\/v2\/posts\/4739","targetHints":{"allow":["GET"]}}],"collection":[{"href":"https:\/\/ciep.cl\/inicio\/wp-json\/wp\/v2\/posts"}],"about":[{"href":"https:\/\/ciep.cl\/inicio\/wp-json\/wp\/v2\/types\/post"}],"author":[{"embeddable":true,"href":"https:\/\/ciep.cl\/inicio\/wp-json\/wp\/v2\/users\/3"}],"replies":[{"embeddable":true,"href":"https:\/\/ciep.cl\/inicio\/wp-json\/wp\/v2\/comments?post=4739"}],"version-history":[{"count":0,"href":"https:\/\/ciep.cl\/inicio\/wp-json\/wp\/v2\/posts\/4739\/revisions"}],"wp:featuredmedia":[{"embeddable":true,"href":"https:\/\/ciep.cl\/inicio\/wp-json\/"}],"wp:attachment":[{"href":"https:\/\/ciep.cl\/inicio\/wp-json\/wp\/v2\/media?parent=4739"}],"wp:term":[{"taxonomy":"category","embeddable":true,"href":"https:\/\/ciep.cl\/inicio\/wp-json\/wp\/v2\/categories?post=4739"},{"taxonomy":"post_tag","embeddable":true,"href":"https:\/\/ciep.cl\/inicio\/wp-json\/wp\/v2\/tags?post=4739"}],"curies":[{"name":"wp","href":"https:\/\/api.w.org\/{rel}","templated":true}]}}