{"id":4983,"date":"2021-10-06T13:08:18","date_gmt":"2021-10-06T16:08:18","guid":{"rendered":"http:\/\/www.ciep.cl\/?p=4983"},"modified":"2021-10-06T13:08:18","modified_gmt":"2021-10-06T16:08:18","slug":"proyecto-palena-estudio-de-conocimientos-cientificos-de-la-cuenca-del-rio-palena-como-recursos-para-el-turismo-cientifico-de-estepa-a-mar-desde-lago-verde-a-raul-marin-balmaceda","status":"publish","type":"post","link":"https:\/\/ciep.cl\/inicio\/2021\/10\/06\/proyecto-palena-estudio-de-conocimientos-cientificos-de-la-cuenca-del-rio-palena-como-recursos-para-el-turismo-cientifico-de-estepa-a-mar-desde-lago-verde-a-raul-marin-balmaceda\/","title":{"rendered":"Proyecto \/ Palena: Estudio de conocimientos cient\u00edficos de la Cuenca del R\u00edo Palena,  como recursos para el turismo cient\u00edfico de estepa a Mar, desde Lago Verde a Ra\u00fal Mar\u00edn Balmaceda"},"content":{"rendered":"\n<p>2020 &#8211; 2021<\/p>\n\n\n\n<p>Este estudio consiste en la identificaci\u00f3n de tem\u00e1ticas relevantes, sustentadas en publicaciones de tipo cient\u00edfico asociadas al sector geogr\u00e1fico que abarca la cuenca del r\u00edo Palena. Tras analizar este material cient\u00edfico, se buscar\u00e1 identificar emprendedores, actores o propietarios de las localidades que desarrollan iniciativas culturales, de turismo, de conservaci\u00f3n o productivas tradicionales vinculadas al turismo, para generar una gran base de informaci\u00f3n que sea de utilidad para este rubro.<\/p>\n","protected":false},"excerpt":{"rendered":"<p>2020 &#8211; 2021 Este estudio consiste en la identificaci\u00f3n de tem\u00e1ticas relevantes, sustentadas en publicaciones de tipo cient\u00edfico asociadas al sector geogr\u00e1fico que abarca la cuenca del r\u00edo Palena. Tras analizar este material cient\u00edfico, se buscar\u00e1 identificar emprendedores, actores o &#8230; <\/p>\n<p class=\"read-more-container\"><a title=\"Proyecto \/ Palena: Estudio de conocimientos cient\u00edficos de la Cuenca del R\u00edo Palena,  como recursos para el turismo cient\u00edfico de estepa a Mar, desde Lago Verde a Ra\u00fal Mar\u00edn Balmaceda\" class=\"read-more button\" href=\"https:\/\/ciep.cl\/inicio\/2021\/10\/06\/proyecto-palena-estudio-de-conocimientos-cientificos-de-la-cuenca-del-rio-palena-como-recursos-para-el-turismo-cientifico-de-estepa-a-mar-desde-lago-verde-a-raul-marin-balmaceda\/#more-4983\" aria-label=\"Leer m\u00e1s sobre Proyecto \/ Palena: Estudio de conocimientos cient\u00edficos de la Cuenca del R\u00edo Palena,  como recursos para el turismo cient\u00edfico de estepa a Mar, desde Lago Verde a Ra\u00fal Mar\u00edn Balmaceda\">Leer m\u00e1s<\/a><\/p>\n","protected":false},"author":3,"featured_media":0,"comment_status":"open","ping_status":"open","sticky":false,"template":"","format":"standard","meta":{"footnotes":""},"categories":[31,43],"tags":[42],"class_list":["post-4983","post","type-post","status-publish","format-standard","hentry","category-proyectos","category-turismo-sustentable-proyectos","tag-fabien-bourlon","infinite-scroll-item"],"_links":{"self":[{"href":"https:\/\/ciep.cl\/inicio\/wp-json\/wp\/v2\/posts\/4983","targetHints":{"allow":["GET"]}}],"collection":[{"href":"https:\/\/ciep.cl\/inicio\/wp-json\/wp\/v2\/posts"}],"about":[{"href":"https:\/\/ciep.cl\/inicio\/wp-json\/wp\/v2\/types\/post"}],"author":[{"embeddable":true,"href":"https:\/\/ciep.cl\/inicio\/wp-json\/wp\/v2\/users\/3"}],"replies":[{"embeddable":true,"href":"https:\/\/ciep.cl\/inicio\/wp-json\/wp\/v2\/comments?post=4983"}],"version-history":[{"count":0,"href":"https:\/\/ciep.cl\/inicio\/wp-json\/wp\/v2\/posts\/4983\/revisions"}],"wp:attachment":[{"href":"https:\/\/ciep.cl\/inicio\/wp-json\/wp\/v2\/media?parent=4983"}],"wp:term":[{"taxonomy":"category","embeddable":true,"href":"https:\/\/ciep.cl\/inicio\/wp-json\/wp\/v2\/categories?post=4983"},{"taxonomy":"post_tag","embeddable":true,"href":"https:\/\/ciep.cl\/inicio\/wp-json\/wp\/v2\/tags?post=4983"}],"curies":[{"name":"wp","href":"https:\/\/api.w.org\/{rel}","templated":true}]}}