{"id":4996,"date":"2021-10-07T10:08:30","date_gmt":"2021-10-07T13:08:30","guid":{"rendered":"http:\/\/www.ciep.cl\/?p=4996"},"modified":"2021-10-07T10:08:30","modified_gmt":"2021-10-07T13:08:30","slug":"ciep-y-gobierno-regional-trabajaran-conjuntamente-para-el-desarrollo-de-la-region","status":"publish","type":"post","link":"https:\/\/ciep.cl\/inicio\/2021\/10\/07\/ciep-y-gobierno-regional-trabajaran-conjuntamente-para-el-desarrollo-de-la-region\/","title":{"rendered":"CIEP y Gobierno Regional trabajar\u00e1n conjuntamente para el desarrollo de la regi\u00f3n"},"content":{"rendered":"\n<p><em>En visita al Centro, la Gobernadora Regional recalc\u00f3 la importancia de que el conocimiento venga desde los territorios y vaya en beneficio de los habitantes de la regi\u00f3n.&nbsp;<\/em><\/p>\n\n\n\n<p>06 de octubre.- Una extensa jornada de trabajo se realiz\u00f3 entre investigadores e investigadoras del Centro de Investigaci\u00f3n en Ecosistemas de la Patagonia (CIEP) y una delegaci\u00f3n de profesionales del Gobierno Regional, encabezados por la Gobernadora Andrea Mac\u00edas Palma y el consejero regional Rodrigo Araya. &nbsp;<\/p>\n\n\n\n<p>En la reuni\u00f3n se presentaron las principales l\u00edneas de trabajo que se encuentra realizando el Centro, dentro de los que destacan tem\u00e1ticas relacionadas con la arqueolog\u00eda de los territorios m\u00e1s alejados de la regi\u00f3n, el estudio de los lagos y r\u00edos, el turismo sustentable, Laboratorio Eco Clim\u00e1tico y la pesca artesanal, entre muchos otros.<\/p>\n\n\n\n<p>Para el consejero Araya, la oportunidad servir\u00e1 para la formulaci\u00f3n de estrategias regionales &nbsp;pensando en c\u00f3mo combinar la ciencia y la pol\u00edtica p\u00fablica. \u201cHa sido una reuni\u00f3n donde hemos podido conocer las principales l\u00edneas de investigaci\u00f3n que maneja el CIEP, d\u00e1ndonos cuenta que toda la investigaci\u00f3n que se ha realizado tiene siempre un enfoque regional y basado en generar conocimiento en nuestra regi\u00f3n. Tambi\u00e9n es una tremenda oportunidad de c\u00f3mo tomar esta informaci\u00f3n en la toma de decisiones, y ah\u00ed se gener\u00f3 una larga conversaci\u00f3n de c\u00f3mo podemos mejorar la comunicaci\u00f3n entre los investigadores y sus resultados con las jefaturas de divisi\u00f3n del Gobierno Regional. Un trabajo por delante que viene muy interesante, especialmente pensando en terminar de actualizar la Estrategia Regional de Desarrollo con participaci\u00f3n ciudadana\u201d, afirm\u00f3.<\/p>\n\n\n\n<p>En ese sentido, la voluntad de investigadores e investigadoras se encuentra a disposici\u00f3n. Seg\u00fan nos cuenta la Dra. \u00c1ngela Hern\u00e1ndez, investigadora residente de la l\u00ednea de ecosistemas terrestres: \u201cSe est\u00e1n generando lazos que hacen falta para que se pueda trabajar en la toma de decisiones con base en este conocimiento. La articulaci\u00f3n as\u00ed siempre es necesaria con base en la evoluci\u00f3n y crecimiento del territorio. Con esto, podemos generar inclusive conocimiento m\u00e1s aplicado con bases reales y sentidas para la regi\u00f3n de Ays\u00e9n\u201d, puntualiz\u00f3.<\/p>\n\n\n\n<p><strong>Conocimiento desde el territorio<\/strong><\/p>\n\n\n\n<p>Buscando fortalecer los lazos entre los profesionales de la ciencia y el Gobierno Regional, la m\u00e1xima autoridad de la regi\u00f3n recalc\u00f3 la relevancia que la generaci\u00f3n del conocimiento provenga desde las mismas comunidades.<\/p>\n\n\n\n<p>\u201cTuvimos un espacio de trabajo muy productivo con el CIEP, porque eso hoy nos viene a plantear nuevos desaf\u00edos, fortaleciendo algunas que ya est\u00e1n en funcionamiento incluso. Como Gobierno Regional requerimos mayor instalaci\u00f3n de capacidades por lo que el trabajo conjunto ser\u00e1 fundamental. Relevar que este es nuestro Centro, por lo que siempre debe estar al servicio de la regi\u00f3n y de cada una de las personas que la habita\u201d, dijo la Gobernadora Mac\u00edas.<\/p>\n\n\n\n<p>Por su parte el Dr. Brian Reid, subdirector cient\u00edfico del CIEP, recalc\u00f3 lo in\u00e9dito de la experiencia. \u201cHa habido muy pocas instancias como esta, por lo menos en mis 14 a\u00f1os que llev\u00f3 ac\u00e1. Para mi, la necesidad de definir prioridades para la regi\u00f3n es importante. Yo veo una relaci\u00f3n que se retroalimenta donde dialogan varias partes para definirlo. Finalmente, en nuestro CIEP tenemos que ver c\u00f3mo reaccionar ante estas necesidades\u201d, sostuvo.<\/p>\n\n\n\n<p>La vinculaci\u00f3n de la academia y la comunidad planea ser una de las perspectivas de trabajo del Gobierno Regional en el entendido de lo necesario que es la evidencia cient\u00edfica para el desarrollo de la regi\u00f3n de Ays\u00e9n y sus territorios.<\/p>\n\n\n\n<figure class=\"wp-block-gallery columns-3 is-cropped wp-block-gallery-1 is-layout-flex wp-block-gallery-is-layout-flex\"><ul class=\"blocks-gallery-grid\"><li class=\"blocks-gallery-item\"><figure><img decoding=\"async\" src=\"http:\/\/www.ciep.cl\/wp-content\/uploads\/2021\/10\/WhatsApp-Image-2021-10-05-at-15.37.09-1-1024x682.jpeg\" alt=\"\" data-id=\"5000\" data-link=\"http:\/\/www.ciep.cl\/?attachment_id=5000\" class=\"wp-image-5000\"\/><\/figure><\/li><li class=\"blocks-gallery-item\"><figure><img decoding=\"async\" src=\"http:\/\/www.ciep.cl\/wp-content\/uploads\/2021\/10\/WhatsApp-Image-2021-10-05-at-15.37.09-1024x682.jpeg\" alt=\"\" data-id=\"5001\" data-link=\"http:\/\/www.ciep.cl\/?attachment_id=5001\" class=\"wp-image-5001\"\/><\/figure><\/li><li class=\"blocks-gallery-item\"><figure><img decoding=\"async\" src=\"http:\/\/www.ciep.cl\/wp-content\/uploads\/2021\/10\/WhatsApp-Image-2021-10-05-at-15.37.10-1024x682.jpeg\" alt=\"\" data-id=\"5002\" data-link=\"http:\/\/www.ciep.cl\/?attachment_id=5002\" class=\"wp-image-5002\"\/><\/figure><\/li><li class=\"blocks-gallery-item\"><figure><img decoding=\"async\" src=\"http:\/\/www.ciep.cl\/wp-content\/uploads\/2021\/10\/WhatsApp-Image-2021-10-05-at-15.37.11-1-1024x682.jpeg\" alt=\"\" data-id=\"5003\" data-link=\"http:\/\/www.ciep.cl\/?attachment_id=5003\" class=\"wp-image-5003\"\/><\/figure><\/li><li class=\"blocks-gallery-item\"><figure><img decoding=\"async\" src=\"http:\/\/www.ciep.cl\/wp-content\/uploads\/2021\/10\/WhatsApp-Image-2021-10-05-at-15.37.08-1-1024x682.jpeg\" alt=\"\" data-id=\"4999\" data-link=\"http:\/\/www.ciep.cl\/?attachment_id=4999\" class=\"wp-image-4999\"\/><\/figure><\/li><li class=\"blocks-gallery-item\"><figure><img decoding=\"async\" src=\"http:\/\/www.ciep.cl\/wp-content\/uploads\/2021\/10\/WhatsApp-Image-2021-10-05-at-10.00.39-2-1024x682.jpeg\" alt=\"\" data-id=\"5004\" data-full-url=\"http:\/\/www.ciep.cl\/wp-content\/uploads\/2021\/10\/WhatsApp-Image-2021-10-05-at-10.00.39-2.jpeg\" data-link=\"http:\/\/www.ciep.cl\/?attachment_id=5004\" class=\"wp-image-5004\"\/><\/figure><\/li><\/ul><\/figure>\n","protected":false},"excerpt":{"rendered":"<p>En visita al Centro, la Gobernadora Regional recalc\u00f3 la importancia de que el conocimiento venga desde los territorios y vaya en beneficio de los habitantes de la regi\u00f3n.&nbsp; 06 de octubre.- Una extensa jornada de trabajo se realiz\u00f3 entre investigadores &#8230; <\/p>\n<p class=\"read-more-container\"><a title=\"CIEP y Gobierno Regional trabajar\u00e1n conjuntamente para el desarrollo de la regi\u00f3n\" class=\"read-more button\" href=\"https:\/\/ciep.cl\/inicio\/2021\/10\/07\/ciep-y-gobierno-regional-trabajaran-conjuntamente-para-el-desarrollo-de-la-region\/#more-4996\" aria-label=\"Leer m\u00e1s sobre CIEP y Gobierno Regional trabajar\u00e1n conjuntamente para el desarrollo de la regi\u00f3n\">Leer m\u00e1s<\/a><\/p>\n","protected":false},"author":3,"featured_media":4998,"comment_status":"open","ping_status":"open","sticky":false,"template":"","format":"standard","meta":{"footnotes":""},"categories":[5],"tags":[56,40],"class_list":["post-4996","post","type-post","status-publish","format-standard","has-post-thumbnail","hentry","category-noticias","tag-angela-hernandez","tag-brian-reid","infinite-scroll-item"],"_links":{"self":[{"href":"https:\/\/ciep.cl\/inicio\/wp-json\/wp\/v2\/posts\/4996","targetHints":{"allow":["GET"]}}],"collection":[{"href":"https:\/\/ciep.cl\/inicio\/wp-json\/wp\/v2\/posts"}],"about":[{"href":"https:\/\/ciep.cl\/inicio\/wp-json\/wp\/v2\/types\/post"}],"author":[{"embeddable":true,"href":"https:\/\/ciep.cl\/inicio\/wp-json\/wp\/v2\/users\/3"}],"replies":[{"embeddable":true,"href":"https:\/\/ciep.cl\/inicio\/wp-json\/wp\/v2\/comments?post=4996"}],"version-history":[{"count":0,"href":"https:\/\/ciep.cl\/inicio\/wp-json\/wp\/v2\/posts\/4996\/revisions"}],"wp:featuredmedia":[{"embeddable":true,"href":"https:\/\/ciep.cl\/inicio\/wp-json\/"}],"wp:attachment":[{"href":"https:\/\/ciep.cl\/inicio\/wp-json\/wp\/v2\/media?parent=4996"}],"wp:term":[{"taxonomy":"category","embeddable":true,"href":"https:\/\/ciep.cl\/inicio\/wp-json\/wp\/v2\/categories?post=4996"},{"taxonomy":"post_tag","embeddable":true,"href":"https:\/\/ciep.cl\/inicio\/wp-json\/wp\/v2\/tags?post=4996"}],"curies":[{"name":"wp","href":"https:\/\/api.w.org\/{rel}","templated":true}]}}