{"id":5294,"date":"2021-12-23T11:14:38","date_gmt":"2021-12-23T14:14:38","guid":{"rendered":"http:\/\/www.ciep.cl\/?p=5294"},"modified":"2021-12-23T11:14:38","modified_gmt":"2021-12-23T14:14:38","slug":"junto-a-actores-del-sector-turistico-se-abordo-el-cambio-climatico-y-su-incidencia-en-el-sector-de-puerto-rio-tranquilo","status":"publish","type":"post","link":"https:\/\/ciep.cl\/inicio\/2021\/12\/23\/junto-a-actores-del-sector-turistico-se-abordo-el-cambio-climatico-y-su-incidencia-en-el-sector-de-puerto-rio-tranquilo\/","title":{"rendered":"Junto a actores del sector tur\u00edstico se abord\u00f3 el Cambio Clim\u00e1tico y su incidencia en el sector de Puerto R\u00edo Tranquilo"},"content":{"rendered":"\n<p>Con el objetivo de aportar informaci\u00f3n para la toma de decisiones en el sector tur\u00edstico de Puerto R\u00edo Tranquilo se llevaron a cabo diversos talleres en el marco del proyecto <em>\u201cAn\u00e1lisis Integral del sistema tur\u00edstico en Puerto R\u00edo Tranquilo: turismo sustentable en el contexto del Cambio Clim\u00e1tico\u201d<\/em><em>&nbsp;ejecutado por CIEP.<\/em><em><\/em><\/p>\n\n\n\n<p>Entre los d\u00edas 14 y 15 de diciembre se realizaron diversas actividades con un grupo de actores del turismo en Pto. Tranquilo. La primera actividad, llevada a cabo en la biblioteca de dicha localidad, tuvo como objetivo dar a conocer la segunda y \u00faltima parte del trabajo de investigaci\u00f3n que cont\u00f3 con&nbsp;la participaci\u00f3n directa de las personas en la selecci\u00f3n de variables que fueron sometidas a un \u201c<em>an\u00e1lisis de sensibilidad<\/em>\u201d, con el objetivo de evaluar las fuerzas que mueven el sistema tur\u00edstico de la zona, identificando su \u201cpeso\u201d o importancia. En la actividad participaron 11 personas, entre ellos el director de PER Turismo&nbsp;Ays\u00e9n,&nbsp;Rolf Traeger, en representaci\u00f3n&nbsp;de la Corporaci\u00f3n Chelenko, Miriam Chible, y por parte de la agrupaci\u00f3n&nbsp;CODESA, Patricio Segura, junto a emprendedores y gu\u00edas quienes desarrollan actividades en la zona.<\/p>\n\n\n\n<div class=\"wp-block-image\"><figure class=\"aligncenter size-large is-resized\"><img fetchpriority=\"high\" decoding=\"async\" src=\"http:\/\/www.ciep.cl\/wp-content\/uploads\/2021\/12\/Imagen1-1024x768.png\" alt=\"\" class=\"wp-image-5295\" width=\"555\" height=\"416\"\/><figcaption>Foto 1. Grupo trabajando en el an\u00e1lisis se sensibilidad.<\/figcaption><\/figure><\/div>\n\n\n\n<p>Al d\u00eda siguiente, se llev\u00f3 a cabo una actividad de campo liderada por investigadores del Centro de Investigaci\u00f3n en Ecosistemas de la Patagonia (CIEP), Fabien Bourlon, Valentina \u00c1lvarez&nbsp;y&nbsp;Alexandra Salazar, junto a Esteban Ort\u00edz&nbsp;de la Universidad de Concepci\u00f3n y Andr\u00e9s Cossio de&nbsp;CONAF, entre ellos abordaron las din\u00e1micas del turismo, informaron&nbsp;sobre la geolog\u00eda del Valle exploradores, como tambi\u00e9n, identificar eventos extremos y analizar conjuntamente los efectos que puedan tener los cambios socioambientales sobre esta actividad econ\u00f3mica.<\/p>\n\n\n\n<div class=\"wp-block-image\"><figure class=\"aligncenter size-large is-resized\"><img decoding=\"async\" src=\"http:\/\/www.ciep.cl\/wp-content\/uploads\/2021\/12\/Imagen3-1024x768.png\" alt=\"\" class=\"wp-image-5296\" width=\"570\" height=\"428\"\/><figcaption><br \/>Foto 3. Andr\u00e9s Cossio (jefe (i) Provincial de CONAF) liderando la excursi\u00f3n por el nuevo sendero habilitado por CONAF.<\/figcaption><\/figure><\/div>\n\n\n\n<p><br \/>El recorrido del Valle Exploradores permiti\u00f3 evaluar la importancia de tres relevantes&nbsp;geositios: la divisoria de aguas, la cantera de M\u00e1rmol y el derrumbe acontecido en&nbsp;noviembre 2018. Finalmente, la actividad culmina con un recorrido por el sendero que bordea el desag\u00fce del glaciar Exploradores hasta unos miradores recientemente creados por CONAF y la Direcci\u00f3n General de Aguas del Ministerio de Obras P\u00fablicas (DGA-MOP).<\/p>\n\n\n\n<p>Esta actividad de investigaci\u00f3n, con un fuerte enfoque participativo, se enmarca en el proyecto PATSER: Ecosistemas, cambio clim\u00e1tico y v\u00ednculos socioambientales a lo largo del continuo oce\u00e1nico continental. Investigaci\u00f3n socio-ecol\u00f3gica a largo plazo en la Patagonia, financiado por ANID y ejecutado por CIEP.<\/p>\n\n\n\n<p>La investigadora principal del proyecto Dra. Valentina \u00c1lvarez, junto con su equipo de trabajo agradecen los esfuerzos de CONAF en&nbsp;permitir realizar esta actividad dentro del Parque Nacional Laguna San Rafael, y la disposici\u00f3n de la Biblioteca de Pto. R\u00edo Tranquilo por facilitar sus dependencias para la realizaci\u00f3n del taller.<\/p>\n","protected":false},"excerpt":{"rendered":"<p>Con el objetivo de aportar informaci\u00f3n para la toma de decisiones en el sector tur\u00edstico de Puerto R\u00edo Tranquilo se llevaron a cabo diversos talleres en el marco del proyecto \u201cAn\u00e1lisis Integral del sistema tur\u00edstico en Puerto R\u00edo Tranquilo: turismo &#8230; <\/p>\n<p class=\"read-more-container\"><a title=\"Junto a actores del sector tur\u00edstico se abord\u00f3 el Cambio Clim\u00e1tico y su incidencia en el sector de Puerto R\u00edo Tranquilo\" class=\"read-more button\" href=\"https:\/\/ciep.cl\/inicio\/2021\/12\/23\/junto-a-actores-del-sector-turistico-se-abordo-el-cambio-climatico-y-su-incidencia-en-el-sector-de-puerto-rio-tranquilo\/#more-5294\" aria-label=\"Leer m\u00e1s sobre Junto a actores del sector tur\u00edstico se abord\u00f3 el Cambio Clim\u00e1tico y su incidencia en el sector de Puerto R\u00edo Tranquilo\">Leer m\u00e1s<\/a><\/p>\n","protected":false},"author":3,"featured_media":5297,"comment_status":"open","ping_status":"open","sticky":false,"template":"","format":"standard","meta":{"footnotes":""},"categories":[5,64],"tags":[80,42,81],"class_list":["post-5294","post","type-post","status-publish","format-standard","has-post-thumbnail","hentry","category-noticias","category-turismo-sustentable","tag-alexandra-salazar","tag-fabien-bourlon","tag-valentina-alvarez","infinite-scroll-item"],"_links":{"self":[{"href":"https:\/\/ciep.cl\/inicio\/wp-json\/wp\/v2\/posts\/5294","targetHints":{"allow":["GET"]}}],"collection":[{"href":"https:\/\/ciep.cl\/inicio\/wp-json\/wp\/v2\/posts"}],"about":[{"href":"https:\/\/ciep.cl\/inicio\/wp-json\/wp\/v2\/types\/post"}],"author":[{"embeddable":true,"href":"https:\/\/ciep.cl\/inicio\/wp-json\/wp\/v2\/users\/3"}],"replies":[{"embeddable":true,"href":"https:\/\/ciep.cl\/inicio\/wp-json\/wp\/v2\/comments?post=5294"}],"version-history":[{"count":0,"href":"https:\/\/ciep.cl\/inicio\/wp-json\/wp\/v2\/posts\/5294\/revisions"}],"wp:featuredmedia":[{"embeddable":true,"href":"https:\/\/ciep.cl\/inicio\/wp-json\/"}],"wp:attachment":[{"href":"https:\/\/ciep.cl\/inicio\/wp-json\/wp\/v2\/media?parent=5294"}],"wp:term":[{"taxonomy":"category","embeddable":true,"href":"https:\/\/ciep.cl\/inicio\/wp-json\/wp\/v2\/categories?post=5294"},{"taxonomy":"post_tag","embeddable":true,"href":"https:\/\/ciep.cl\/inicio\/wp-json\/wp\/v2\/tags?post=5294"}],"curies":[{"name":"wp","href":"https:\/\/api.w.org\/{rel}","templated":true}]}}