{"id":5333,"date":"2022-01-12T12:25:48","date_gmt":"2022-01-12T15:25:48","guid":{"rendered":"http:\/\/www.ciep.cl\/?p=5333"},"modified":"2022-01-12T12:25:48","modified_gmt":"2022-01-12T15:25:48","slug":"avanza-hoja-de-ruta-del-nodo-ciencia-austral-con-la-participacion-de-60-actores-del-mundo-de-la-ciencia","status":"publish","type":"post","link":"https:\/\/ciep.cl\/inicio\/2022\/01\/12\/avanza-hoja-de-ruta-del-nodo-ciencia-austral-con-la-participacion-de-60-actores-del-mundo-de-la-ciencia\/","title":{"rendered":"Avanza Hoja de Ruta del Nodo Ciencia Austral con la participaci\u00f3n de 60 actores del mundo de la ciencia"},"content":{"rendered":"\n<p><strong>Con un enfoque pr\u00e1ctico y colaborativo, se llev\u00f3 a cabo el taller \u00abDesaf\u00edos e Iniciativas de Ciencia, Tecnolog\u00eda, Conocimiento e Innovaci\u00f3n\u201d en un formato h\u00edbrido: presencial en Coyhaique y Punta Arenas, y en modalidad online. La actividad es un hito para el Proyecto Nodo Ciencia Austral, dando comienzo al trabajo del 2022.<\/strong><strong><\/strong><\/p>\n\n\n\n<p>Cient\u00edficos(as), acad\u00e9micos(as), investigadores(as), representantes de los Gobiernos Regionales, servicios p\u00fablicos y de la Sociedad Civil, entre otros, se reunieron en el primer taller del a\u00f1o convocado por el proyecto Nodo Ciencia Austral, que tuvo como prop\u00f3sito revisar, reflexionar y validar \u00abDesaf\u00edos e Iniciativas de Ciencia, Tecnolog\u00eda, Conocimiento e Innovaci\u00f3n&nbsp;(CTCI)\u201d en torno a los ejes de Cambio Clim\u00e1tico, Sostenibilidad, Conservaci\u00f3n y Protecci\u00f3n Biocultural, para de esta manera continuar construyendo colectivamente la Hoja de Ruta CTCi de la macrozona austral.&nbsp;<\/p>\n\n\n\n<p>Como una \u201ciniciativa in\u00e9dita\u201d calific\u00f3 el cient\u00edfico y Director (S) del CIEP, Dr. Brian Reid, la planificaci\u00f3n estrat\u00e9gica desarrollada en el contexto del Nodo Ciencia Austral. \u201cEs un nivel de coordinaci\u00f3n que no exist\u00eda antes\u2026, tenemos una primera parte de la Hoja de Ruta&nbsp;y eso ha permitido mucho di\u00e1logo, es valiosa esta instancia&nbsp;presencial en vez de virtual\u2026 Empieza el proceso y tengo muchas ganas de seguir contribuyendo con eso, escuchar opiniones de otros sobre c\u00f3mo la ciencia contribuye a la sociedad y c\u00f3mo nos organizamos bien dentro de la regi\u00f3n y de la macrozona\u201d, agreg\u00f3 el investigador.<\/p>\n\n\n\n<p>La actividad se llev\u00f3 a cabo en dependencias de la Universidad de Ays\u00e9n, en Coyhaique; y en la Universidad de Magallanes, en Punta Arenas; adem\u00e1s de contar con una instancia de encuentro virtual que facilit\u00f3 la participaci\u00f3n de representantes de diversas instituciones p\u00fablicas y privadas. En ese contexto, el Director (s) del Instituto Chileno Ant\u00e1rtico (INACH), Andr\u00e9s L\u00f3pez, destac\u00f3 los avances logrados en este encuentro. \u201cFue una muy buena actividad, logramos recoger todo el trabajo que hab\u00eda realizado el Nodo en su primer a\u00f1o de ejecuci\u00f3n y luego tener una especie de tormenta de ideas, de nuevas iniciativas, poder revisar estas con distintos actores, tanto de Ays\u00e9n como de Magallanes, y en ese sentido creo que se logr\u00f3 una buena labor, as\u00ed que estoy muy expectante de las pr\u00f3ximas sesiones que tengamos y finalmente del informe que podamos tener en este nuevo a\u00f1o que comienza en el Nodo\u201d.<\/p>\n\n\n\n<p>Durante el taller se trabaj\u00f3 en grupos reducidos de manera colaborativa, con el fin de identificar las iniciativas, los territorios y los actores claves en torno a las brechas y desaf\u00edos levantados en los ejes de: Capital Humano; Investigaci\u00f3n e Innovaci\u00f3n; Redes, Articulaci\u00f3n y Colaboraci\u00f3n y Eje Pol\u00edticas; Instrumentos y Normativas. Este trabajo realizado en el taller servir\u00e1 de insumo para el dise\u00f1o final de la Hoja de Ruta, que se presentar\u00e1 durante este primer trimestre. &nbsp;<\/p>\n\n\n\n<p>En relaci\u00f3n a las propuestas levantadas en el Taller, la SEREMI de Medio Ambiente de la Regi\u00f3n de Ays\u00e9n, M\u00f3nica Sald\u00edas, relev\u00f3 la contaminaci\u00f3n atmosf\u00e9rica como una tem\u00e1tica a incorporar en el instrumento de trabajo: \u201cen el contexto de medioambiente es relevante que tambi\u00e9n se est\u00e9 considerando el tema de la contaminaci\u00f3n, de c\u00f3mo nosotros como comunidad o como actores claves tomamos esta problem\u00e1tica\u2026 No solamente contaminaci\u00f3n del aire, porque eso ocurre en la \u00e9poca de invierno, pero tambi\u00e9n en \u00e9pocas de verano, salen a relevar otras tem\u00e1ticas como la contaminaci\u00f3n del agua y en las cuales tambi\u00e9n pueden aportar con iniciativas que vayan en directa relaci\u00f3n para ir mejorando y ser cada vez m\u00e1s sustentables\u201d.<\/p>\n\n\n\n<p><strong>Proyecciones del Nodo<\/strong><strong><\/strong><\/p>\n\n\n\n<p>En el contexto del Taller, el Director del Proyecto Nodo Ciencia Austral, Dr. Juan Carlos Aravena, anunci\u00f3 las pr\u00f3ximas etapas del proyecto y destac\u00f3 el nuevo financiamiento del proyecto que contin\u00faa en ejecuci\u00f3n este 2022. \u201cEl proyecto Nodo ten\u00eda un financiamiento, esto fue reforzado con un nuevo proyecto\u2026 Ahora tenemos un Nodo 2.0 con m\u00e1s financiamiento, con m\u00e1s personas que van a reforzar el trabajo que hagamos y adem\u00e1s nos adjudicamos un proyecto de Nodo para los Laboratorios Naturales que coincide tambi\u00e9n con la Macrozona. Entonces todo indica que vamos a tener un trabajo muy reforzado y esperemos que lo bueno que ya hicimos en el primer a\u00f1o, sea mejor todav\u00eda en el segundo a\u00f1o\u201d.<\/p>\n\n\n\n<p>El Nodo Ciencia Austral para la aceleraci\u00f3n de impacto territorial de la Ciencia, Tecnolog\u00eda, Conocimiento e Innovaci\u00f3n (CTCI), es un proyecto que busca identificar brechas que limitan el desarrollo cient\u00edfico-tecnol\u00f3gico, establecer prioridades y proponer una estrategia con el fin de robustecer este ecosistema en las regiones de Ays\u00e9n y Magallanes y la Ant\u00e1rtica Chilena. En esa l\u00ednea, la&nbsp;SEREMI de Ciencia de la Macrozona Austral, Pamela Santiba\u00f1ez, quien tambi\u00e9n asisti\u00f3 al encuentro organizado por el Nodo, se\u00f1al\u00f3 lo siguiente: \u201ctenemos una diversidad de personas de todos los \u00e1mbitos, tanto quienes planifican estrategia, ejecutan la ciencia y los que tienen las necesidades y los problemas, al tener este grupo diverso de personas, nos permite que suceda algo muy importante, que se entienda el sistema de Ciencia, Tecnolog\u00eda, Conocimiento e Innovaci\u00f3n\u2026 Entonces tener esta posibilidad de conversar, conocer nuevas ideas y de entender c\u00f3mo funciona, nos va a permitir como sociedad darle la importancia que tiene\u201d.<\/p>\n\n\n\n<p>Finalmente, cabe mencionar que este proyecto es financiado por la Agencia Nacional de Investigaci\u00f3n y Desarrollo (ANID) y ejecutado por la Universidad de Magallanes, la Universidad de Ays\u00e9n, el Centro de Investigaci\u00f3n en Ecosistemas de la Patagonia (CIEP) y el Instituto Ant\u00e1rtico Chileno (INACH).<\/p>\n\n\n\n<figure class=\"wp-block-gallery columns-2 is-cropped wp-block-gallery-1 is-layout-flex wp-block-gallery-is-layout-flex\"><ul class=\"blocks-gallery-grid\"><li class=\"blocks-gallery-item\"><figure><img decoding=\"async\" src=\"http:\/\/www.ciep.cl\/wp-content\/uploads\/2022\/01\/Taller-hibrido-Nodo-Ciencia-Austral-Punta-Arenas_baja-1024x683.jpg\" alt=\"\" data-id=\"5339\" data-full-url=\"http:\/\/www.ciep.cl\/wp-content\/uploads\/2022\/01\/Taller-hibrido-Nodo-Ciencia-Austral-Punta-Arenas_baja.jpg\" data-link=\"http:\/\/www.ciep.cl\/?attachment_id=5339\" class=\"wp-image-5339\"\/><\/figure><\/li><li class=\"blocks-gallery-item\"><figure><img decoding=\"async\" src=\"http:\/\/www.ciep.cl\/wp-content\/uploads\/2022\/01\/Seremi-Ciencia-en-Taller_baja-1024x683.jpg\" alt=\"\" data-id=\"5340\" data-full-url=\"http:\/\/www.ciep.cl\/wp-content\/uploads\/2022\/01\/Seremi-Ciencia-en-Taller_baja.jpg\" data-link=\"http:\/\/www.ciep.cl\/?attachment_id=5340\" class=\"wp-image-5340\"\/><\/figure><\/li><\/ul><\/figure>\n","protected":false},"excerpt":{"rendered":"<p>Con un enfoque pr\u00e1ctico y colaborativo, se llev\u00f3 a cabo el taller \u00abDesaf\u00edos e Iniciativas de Ciencia, Tecnolog\u00eda, Conocimiento e Innovaci\u00f3n\u201d en un formato h\u00edbrido: presencial en Coyhaique y Punta Arenas, y en modalidad online. La actividad es un hito &#8230; <\/p>\n<p class=\"read-more-container\"><a title=\"Avanza Hoja de Ruta del Nodo Ciencia Austral con la participaci\u00f3n de 60 actores del mundo de la ciencia\" class=\"read-more button\" href=\"https:\/\/ciep.cl\/inicio\/2022\/01\/12\/avanza-hoja-de-ruta-del-nodo-ciencia-austral-con-la-participacion-de-60-actores-del-mundo-de-la-ciencia\/#more-5333\" aria-label=\"Leer m\u00e1s sobre Avanza Hoja de Ruta del Nodo Ciencia Austral con la participaci\u00f3n de 60 actores del mundo de la ciencia\">Leer m\u00e1s<\/a><\/p>\n","protected":false},"author":3,"featured_media":5336,"comment_status":"open","ping_status":"open","sticky":false,"template":"","format":"standard","meta":{"footnotes":""},"categories":[5],"tags":[],"class_list":["post-5333","post","type-post","status-publish","format-standard","has-post-thumbnail","hentry","category-noticias","infinite-scroll-item"],"_links":{"self":[{"href":"https:\/\/ciep.cl\/inicio\/wp-json\/wp\/v2\/posts\/5333","targetHints":{"allow":["GET"]}}],"collection":[{"href":"https:\/\/ciep.cl\/inicio\/wp-json\/wp\/v2\/posts"}],"about":[{"href":"https:\/\/ciep.cl\/inicio\/wp-json\/wp\/v2\/types\/post"}],"author":[{"embeddable":true,"href":"https:\/\/ciep.cl\/inicio\/wp-json\/wp\/v2\/users\/3"}],"replies":[{"embeddable":true,"href":"https:\/\/ciep.cl\/inicio\/wp-json\/wp\/v2\/comments?post=5333"}],"version-history":[{"count":0,"href":"https:\/\/ciep.cl\/inicio\/wp-json\/wp\/v2\/posts\/5333\/revisions"}],"wp:featuredmedia":[{"embeddable":true,"href":"https:\/\/ciep.cl\/inicio\/wp-json\/"}],"wp:attachment":[{"href":"https:\/\/ciep.cl\/inicio\/wp-json\/wp\/v2\/media?parent=5333"}],"wp:term":[{"taxonomy":"category","embeddable":true,"href":"https:\/\/ciep.cl\/inicio\/wp-json\/wp\/v2\/categories?post=5333"},{"taxonomy":"post_tag","embeddable":true,"href":"https:\/\/ciep.cl\/inicio\/wp-json\/wp\/v2\/tags?post=5333"}],"curies":[{"name":"wp","href":"https:\/\/api.w.org\/{rel}","templated":true}]}}