{"id":5583,"date":"2022-03-11T15:13:30","date_gmt":"2022-03-11T18:13:30","guid":{"rendered":"http:\/\/www.ciep.cl\/?p=5583"},"modified":"2022-03-11T15:13:30","modified_gmt":"2022-03-11T18:13:30","slug":"nuevo-proyecto-creara-invernaderos-modulares-y-tecnologias-para-la-horticultura-regional","status":"publish","type":"post","link":"https:\/\/ciep.cl\/inicio\/2022\/03\/11\/nuevo-proyecto-creara-invernaderos-modulares-y-tecnologias-para-la-horticultura-regional\/","title":{"rendered":"Nuevo Proyecto crear\u00e1 Invernaderos Modulares y Tecnolog\u00edas para la Horticultura regional"},"content":{"rendered":"\n<p><em>El uso de invernaderos ha permitido reducir la estacionalidad e incrementar la oferta de hortalizas frescas en la regi\u00f3n de Ays\u00e9n. A pesar de ello, aproximadamente el 80% de la demanda es satisfecha con productos introducidos desde otras regiones. De esta forma se configura un escenario donde la producci\u00f3n en invernaderos puede convertirse en una herramienta muy relevante para la agricultura regional. <\/em><em><\/em><\/p>\n\n\n\n<p>Si bien el fomento estatal a la producci\u00f3n hort\u00edcola se ha enfocado en incrementar la superficie cubierta con invernaderos, incorporar&nbsp;nuevas tecnolog\u00edas agron\u00f3micas, capacitar a productores y en estimular la asociatividad en la comercializaci\u00f3n, nuestra regi\u00f3n&nbsp;sigue presentando dificultades en la producci\u00f3n e implementaci\u00f3n sobre el uso de invernaderos, ya sea por una infraestructura que no se adapta a las condiciones clim\u00e1ticas, como el impacto del viento&nbsp;o&nbsp;nieve, o bien por desconocimiento de t\u00e9cnicas y tecnolog\u00edas agr\u00edcolas.<\/p>\n\n\n\n<p>El requisito m\u00e1s b\u00e1sico para el desarrollo de la horticultura es que la estructura del invernadero sea capaz de soportar las cargas agroclim\u00e1ticas regionales, a la vez que se proporcionen las condiciones agron\u00f3micas apropiadas para los cultivos.&nbsp;Un gran porcentaje de la infraestructura productiva presenta da\u00f1o estructural severo que es atribuible a un dise\u00f1o estructural deficiente, condicionando&nbsp;negativamente el crecimiento de la actividad como motor del desarrollo rural. Paralelamente, la horticultura presenta un incipiente desarrollo de tecnolog\u00edas relacionadas al monitoreo ambiental, que permiten un uso m\u00e1s eficiente de la infraestructura productiva y una oferta m\u00e1s estable de productos frescos, lo que se ha sumado a la baja investigaci\u00f3n y transferencia con que cuenta Ays\u00e9n en esta materia.<\/p>\n\n\n\n<p>Un reciente proyecto, financiado por la Fundaci\u00f3n para la Innovaci\u00f3n Agraria (FIA) del Ministerio de Agricultura&nbsp;fue asignado al Centro de Investigaci\u00f3n en Ecosistemas de la Patagonia (CIEP), liderado por el investigador residente Dr. Pablo Mata, el cual&nbsp;se enfoca en dise\u00f1ar de manera participativa, en conjunto con los potenciales usuarios y profesionales del rubro, un conjunto de tres modelos de invernadero modular que cuenten con un dise\u00f1o estructural capaz de resistir apropiadamente las condiciones&nbsp;asociadas al viento y la nieve existentes en cualquiera de las zonas agroclim\u00e1ticas de la regi\u00f3n,&nbsp;a la vez que proporcionen un ambiente controlado apropiado para el cultivo hort\u00edcola. Los modelos propuestos deben ser validados mediante prototipos y pilotos productivos, y deben permitir una buena integraci\u00f3n con tecnolog\u00edas modernas de producci\u00f3n. Se considerar\u00e1n opciones de dise\u00f1o que sean f\u00e1cilmente adaptables a productores de diversos&nbsp;tama\u00f1os (auto-consumo, micro-empresa y pyme) y que sean viables econ\u00f3micamente considerando la rentabilidad del negocio hort\u00edcola. Los dise\u00f1os&nbsp;adem\u00e1s&nbsp;debieran permitir la contrataci\u00f3n de un seguro por siniestros medio-ambientales.<\/p>\n\n\n\n<p>El desarrollo de los nuevos tipos de invernadero se complementar\u00e1&nbsp;con acciones de transferencia de la experiencia obtenida con los invernaderos piloto y capacitaci\u00f3n para su buen uso y manejo, junto al uso de herramientas tecnol\u00f3gicas y de comunicaci\u00f3n (TICs) para el monitoreo ambiental al interior de los invernaderos. Buscando crear un bien de acceso p\u00fablico que se complemente&nbsp;con un paquete de transferencia tecnol\u00f3gica para mejorar las capacidades productivas instaladas en el sector.<\/p>\n\n\n\n<p>El \u00a0proyecto descrito de denomina \u201cProyecto de Innovaci\u00f3n. Aumento de la Superficie de uso para el rubro de hortalizas por medio del desarrollo de Infraestructura modular adaptada a distintas zonas agroclim\u00e1ticas &#8211; Regi\u00f3n de Ays\u00e9n\u201d (PYT-2021-0648).<\/p>\n\n\n\n<figure class=\"wp-block-image size-large is-resized\"><img fetchpriority=\"high\" decoding=\"async\" src=\"http:\/\/www.ciep.cl\/wp-content\/uploads\/2022\/03\/WhatsApp-Image-2022-03-11-at-14.47.48-768x1024.jpeg\" alt=\"\" class=\"wp-image-5585\" width=\"423\" height=\"564\"\/><\/figure>\n","protected":false},"excerpt":{"rendered":"<p>El uso de invernaderos ha permitido reducir la estacionalidad e incrementar la oferta de hortalizas frescas en la regi\u00f3n de Ays\u00e9n. A pesar de ello, aproximadamente el 80% de la demanda es satisfecha con productos introducidos desde otras regiones. De &#8230; <\/p>\n<p class=\"read-more-container\"><a title=\"Nuevo Proyecto crear\u00e1 Invernaderos Modulares y Tecnolog\u00edas para la Horticultura regional\" class=\"read-more button\" href=\"https:\/\/ciep.cl\/inicio\/2022\/03\/11\/nuevo-proyecto-creara-invernaderos-modulares-y-tecnologias-para-la-horticultura-regional\/#more-5583\" aria-label=\"Leer m\u00e1s sobre Nuevo Proyecto crear\u00e1 Invernaderos Modulares y Tecnolog\u00edas para la Horticultura regional\">Leer m\u00e1s<\/a><\/p>\n","protected":false},"author":3,"featured_media":5584,"comment_status":"open","ping_status":"open","sticky":false,"template":"","format":"standard","meta":{"footnotes":""},"categories":[5,38],"tags":[52],"class_list":["post-5583","post","type-post","status-publish","format-standard","has-post-thumbnail","hentry","category-noticias","category-ecosistemas-terrestres","tag-pablo-mata","infinite-scroll-item"],"_links":{"self":[{"href":"https:\/\/ciep.cl\/inicio\/wp-json\/wp\/v2\/posts\/5583","targetHints":{"allow":["GET"]}}],"collection":[{"href":"https:\/\/ciep.cl\/inicio\/wp-json\/wp\/v2\/posts"}],"about":[{"href":"https:\/\/ciep.cl\/inicio\/wp-json\/wp\/v2\/types\/post"}],"author":[{"embeddable":true,"href":"https:\/\/ciep.cl\/inicio\/wp-json\/wp\/v2\/users\/3"}],"replies":[{"embeddable":true,"href":"https:\/\/ciep.cl\/inicio\/wp-json\/wp\/v2\/comments?post=5583"}],"version-history":[{"count":0,"href":"https:\/\/ciep.cl\/inicio\/wp-json\/wp\/v2\/posts\/5583\/revisions"}],"wp:featuredmedia":[{"embeddable":true,"href":"https:\/\/ciep.cl\/inicio\/wp-json\/"}],"wp:attachment":[{"href":"https:\/\/ciep.cl\/inicio\/wp-json\/wp\/v2\/media?parent=5583"}],"wp:term":[{"taxonomy":"category","embeddable":true,"href":"https:\/\/ciep.cl\/inicio\/wp-json\/wp\/v2\/categories?post=5583"},{"taxonomy":"post_tag","embeddable":true,"href":"https:\/\/ciep.cl\/inicio\/wp-json\/wp\/v2\/tags?post=5583"}],"curies":[{"name":"wp","href":"https:\/\/api.w.org\/{rel}","templated":true}]}}