{"id":5861,"date":"2022-05-12T14:19:04","date_gmt":"2022-05-12T17:19:04","guid":{"rendered":"http:\/\/www.ciep.cl\/?p=5861"},"modified":"2022-05-12T14:19:04","modified_gmt":"2022-05-12T17:19:04","slug":"nodo-ciencia-austral-refuerza-trabajo-colaborativo-con-incorporacion-de-nueva-seremi-de-ciencia-de-aysen-y-magallanes","status":"publish","type":"post","link":"https:\/\/ciep.cl\/inicio\/2022\/05\/12\/nodo-ciencia-austral-refuerza-trabajo-colaborativo-con-incorporacion-de-nueva-seremi-de-ciencia-de-aysen-y-magallanes\/","title":{"rendered":"Nodo Ciencia Austral refuerza trabajo colaborativo con incorporaci\u00f3n de nueva Seremi de Ciencia de Ays\u00e9n y Magallanes"},"content":{"rendered":"\n<p><strong>En una nueva sesi\u00f3n del Comit\u00e9 de Coordinaci\u00f3n Macrozonal, donde se re\u00fanen actores relevantes del ecosistema cient\u00edfico-tecnol\u00f3gico de los territorios australes, se dio la bienvenida a Ver\u00f3nica Vallejos, nueva Seremi de Ciencia, Tecnolog\u00eda, Conocimiento e Innovaci\u00f3n de la Macrozona, quien participar\u00e1 junto a su equipo de esta instancia participativa convocada por Nodo Ciencia Austral. <\/strong><strong><\/strong><\/p>\n\n\n\n<p>Buscando impulsar un sistema de gobernanza en materia de Ciencia, Tecnolog\u00eda, Conocimiento e Innovaci\u00f3n (CTCI), que permita fomentar la articulaci\u00f3n de los actores vinculados a estas tem\u00e1ticas, el proyecto Nodo Ciencia Austral convoca mes a mes al Comit\u00e9 de Coordinaci\u00f3n Macrozonal. En esta sesi\u00f3n de mayo, participaron representantes de universidades, centros de investigaci\u00f3n, gobiernos regionales, servicios p\u00fablicos e instituciones privadas de las regiones australes, destacando la participaci\u00f3n de la Seremi de Ciencia, Ver\u00f3nica Vallejos, quien expres\u00f3 su inter\u00e9s por aportar en el trabajo articulado que lleva adelante el Nodo. \u201cGracias a la informaci\u00f3n presentada por los participantes de Nodo Ciencia Austral pude interiorizarme del trabajo desarrollado hasta ahora. Espero que los resultados del proyecto nos permitan avanzar en la mirada territorial para la gesti\u00f3n de la ciencia y tecnolog\u00eda y apoyar la implementaci\u00f3n de iniciativas que logran robustecer el sistema CTCI, tanto en la regi\u00f3n de Ays\u00e9n como la de Magallanes y de la Ant\u00e1rtica Chilena<strong>\u201d, <\/strong>destac\u00f3 la autoridad macrozonal.<\/p>\n\n\n\n<p>As\u00ed tambi\u00e9n, la Seremi de Ciencia -junto a su equipo\u2013 comprometieron su participaci\u00f3n en las comisiones de trabajo que desarrolla Nodo Ciencia Austral en materia de Ciencia Abierta, Gobernanza y Gesti\u00f3n de Iniciativas, liderados por investigadores(as) y profesionales de las instituciones ejecutoras: Universidad de Magallanes, Universidad de Ays\u00e9n, Instituto Ant\u00e1rtico Chileno (INACH) y Centro de Investigaci\u00f3n en Ecosistemas de la Patagonia (CIEP).<\/p>\n\n\n\n<p>En ese contexto, el director del proyecto, Dr. Juan Carlos Aravena, reconoci\u00f3 los avances logrados por esta iniciativa que se encuentra en su segundo a\u00f1o de implementaci\u00f3n, gracias al financiamiento de la Agencia Nacional de Investigaci\u00f3n y Desarrollo (ANID). \u201cHemos podido seguir avanzando en la articulaci\u00f3n y la colaboraci\u00f3n entre las instituciones que est\u00e1n participando en este proyecto y en la informaci\u00f3n de la Hoja de Ruta y nuestra coordinaci\u00f3n con el Nodo de Laboratorios Naturales Subant\u00e1rticos, que es un trabajo colaborativo muy importante para nosotros. Por otro lado, esta \u00faltima sesi\u00f3n permiti\u00f3 dar continuidad al trabajo que hemos estado desarrollando con la Seremia\u201d, expres\u00f3 Aravena, junto con agradecer la presencia de los equipos de la Gobernaci\u00f3n Regional de Ays\u00e9n y la Gobernaci\u00f3n Regional de Magallanes y la Ant\u00e1rtica Chilena.<\/p>\n\n\n\n<p>En esta sesi\u00f3n del Comit\u00e9 de Coordinaci\u00f3n Macrozonal se comparti\u00f3 el estado de avance de los desaf\u00edos del proyecto, entre ellos el proceso de co-dise\u00f1o y validaci\u00f3n participativa de la Hoja de Ruta, en miras a contar con una planificaci\u00f3n macrozonal en materia de CTCI hacia el a\u00f1o 2030. Tambi\u00e9n se dieron a conocer las cifras de participaci\u00f3n de la primera encuesta de percepci\u00f3n social de la ciencia para habitantes de la Macrozona Austral, instrumento que se encuentra disponible en <a href=\"http:\/\/www.nodocienciaaustral.com\/\"><u>www.nodocienciaaustral.cl<\/u><\/a>&nbsp;y que busca alcanzar una amplia muestra de representatividad en ambas regiones en esta \u00faltima semana.<\/p>\n\n\n\n<p><strong>Alianza con Nodo Laboratorios Naturales<\/strong><\/p>\n\n\n\n<p>Con el esp\u00edritu de fomentar la colaboraci\u00f3n y cooperaci\u00f3n entre iniciativas cient\u00edficas, Nodo Ciencia Austral desarrolla un trabajo en alianza con Nodo Laboratorios Naturales Subant\u00e1rticos, proyecto que tambi\u00e9n se implementa en las regiones de Ays\u00e9n, Magallanes y la Ant\u00e1rtica Chilena con la participaci\u00f3n de diversas universidades y centros de investigaci\u00f3n.&nbsp;<\/p>\n\n\n\n<p>Los resultados y avances de los primeros meses de ejecuci\u00f3n de esta iniciativa fueron presentados por su directora, Dra. Laura S\u00e1nchez Jard\u00f3n, en el Comit\u00e9 de Coordinaci\u00f3n Macrozonal. \u201cEn esta sesi\u00f3n, mencionamos las acciones que se est\u00e1n realizando para consensuar una definici\u00f3n operativa del concepto de Laboratorios Naturales Subant\u00e1rticos, es decir, qu\u00e9 son y d\u00f3nde se encuentran, y para ello se presentaron tres aproximaciones metodol\u00f3gicas que estamos realizando. Primero, la revisi\u00f3n bibliogr\u00e1fica de las definiciones y aplicaciones de este concepto en la literatura. Segundo la planilla de atributos y sitios \u00fanicos que se ha dise\u00f1ado y aplicado en colaboraci\u00f3n con el proyecto Mapa Nacional de Laboratorios Naturales de Chile y, en tercer lugar, la serie de talleres e instancias de discusi\u00f3n que estamos realizando con investigadores y profesionales del equipo t\u00e9cnico del proyecto\u201d.<\/p>\n","protected":false},"excerpt":{"rendered":"<p>En una nueva sesi\u00f3n del Comit\u00e9 de Coordinaci\u00f3n Macrozonal, donde se re\u00fanen actores relevantes del ecosistema cient\u00edfico-tecnol\u00f3gico de los territorios australes, se dio la bienvenida a Ver\u00f3nica Vallejos, nueva Seremi de Ciencia, Tecnolog\u00eda, Conocimiento e Innovaci\u00f3n de la Macrozona, quien &#8230; <\/p>\n<p class=\"read-more-container\"><a title=\"Nodo Ciencia Austral refuerza trabajo colaborativo con incorporaci\u00f3n de nueva Seremi de Ciencia de Ays\u00e9n y Magallanes\" class=\"read-more button\" href=\"https:\/\/ciep.cl\/inicio\/2022\/05\/12\/nodo-ciencia-austral-refuerza-trabajo-colaborativo-con-incorporacion-de-nueva-seremi-de-ciencia-de-aysen-y-magallanes\/#more-5861\" aria-label=\"Leer m\u00e1s sobre Nodo Ciencia Austral refuerza trabajo colaborativo con incorporaci\u00f3n de nueva Seremi de Ciencia de Ays\u00e9n y Magallanes\">Leer m\u00e1s<\/a><\/p>\n","protected":false},"author":3,"featured_media":5863,"comment_status":"open","ping_status":"open","sticky":false,"template":"","format":"standard","meta":{"footnotes":""},"categories":[5],"tags":[],"class_list":["post-5861","post","type-post","status-publish","format-standard","has-post-thumbnail","hentry","category-noticias","infinite-scroll-item"],"_links":{"self":[{"href":"https:\/\/ciep.cl\/inicio\/wp-json\/wp\/v2\/posts\/5861","targetHints":{"allow":["GET"]}}],"collection":[{"href":"https:\/\/ciep.cl\/inicio\/wp-json\/wp\/v2\/posts"}],"about":[{"href":"https:\/\/ciep.cl\/inicio\/wp-json\/wp\/v2\/types\/post"}],"author":[{"embeddable":true,"href":"https:\/\/ciep.cl\/inicio\/wp-json\/wp\/v2\/users\/3"}],"replies":[{"embeddable":true,"href":"https:\/\/ciep.cl\/inicio\/wp-json\/wp\/v2\/comments?post=5861"}],"version-history":[{"count":0,"href":"https:\/\/ciep.cl\/inicio\/wp-json\/wp\/v2\/posts\/5861\/revisions"}],"wp:featuredmedia":[{"embeddable":true,"href":"https:\/\/ciep.cl\/inicio\/wp-json\/"}],"wp:attachment":[{"href":"https:\/\/ciep.cl\/inicio\/wp-json\/wp\/v2\/media?parent=5861"}],"wp:term":[{"taxonomy":"category","embeddable":true,"href":"https:\/\/ciep.cl\/inicio\/wp-json\/wp\/v2\/categories?post=5861"},{"taxonomy":"post_tag","embeddable":true,"href":"https:\/\/ciep.cl\/inicio\/wp-json\/wp\/v2\/tags?post=5861"}],"curies":[{"name":"wp","href":"https:\/\/api.w.org\/{rel}","templated":true}]}}