{"id":5871,"date":"2022-05-30T12:40:13","date_gmt":"2022-05-30T15:40:13","guid":{"rendered":"http:\/\/www.ciep.cl\/?p=5871"},"modified":"2022-05-30T12:40:13","modified_gmt":"2022-05-30T15:40:13","slug":"pdi-y-ciep-firman-convenio-de-colaboracion-para-fortalecer-investigacion-medioambiental","status":"publish","type":"post","link":"https:\/\/ciep.cl\/inicio\/2022\/05\/30\/pdi-y-ciep-firman-convenio-de-colaboracion-para-fortalecer-investigacion-medioambiental\/","title":{"rendered":"PDI y CIEP firman convenio de colaboraci\u00f3n para fortalecer investigaci\u00f3n medioambiental"},"content":{"rendered":"\n<p><em>La actividad cont\u00f3 con la participaci\u00f3n del Delegado Presidencial Regional de Ays\u00e9n, Rodrigo Araya Morales, oficiales generales y superiores de la PDI, distintas autoridades regionales, provinciales, jefes de servicios y personal institucional.<\/em><br \/><\/p>\n\n\n\n<p>Este martes 24 de mayo, en el marco del lanzamiento de la segunda versi\u00f3n del Seminario \u201cLos cambios de la cri\u00f3sfera: diversas miradas sobre las repercusiones del deshielo de los glaciares\u201d, actividad acad\u00e9mica organizada por la Brigada Investigadora de Delitos del Medio Ambiente y Patrimonio Cultural de la Regi\u00f3n Policial de Ays\u00e9n, se realiz\u00f3 la firma de un importante convenio de colaboraci\u00f3n entre la Polic\u00eda de Investigaciones de Chile y Centro de Investigaci\u00f3n en Ecosistemas de la Patagonia (CIEP).<\/p>\n\n\n\n<p>Este convenio fue firmado por el Director General, Sergio Mu\u00f1oz Y\u00e1\u00f1ez, y la Directora Ejecutiva (subrogante) del CIEP, Ang\u00e9lica Oyarz\u00fan Jara, quienes en representaci\u00f3n de ambas instituciones acordaron un trabajo vinculante para fortalecer los estudios&nbsp;en relaci\u00f3n al medio ambiente y el ecosistema desde el mundo cient\u00edfico &#8211;&nbsp;acad\u00e9mico y el trabajo investigativo en el \u00e1mbito policial, permitiendo generar sistemas innovadores que inciden en una mejora sistem\u00e1tica&nbsp;de la capacidad y calidad investigativa de fen\u00f3menos medioambientales emergentes.<\/p>\n\n\n\n<p>El trabajo colaborativo a partir de este convenio posibilitar\u00e1 el fortalecimiento de las competencias del personal institucional, mediante programas espec\u00edficos de capacitaci\u00f3n rec\u00edproca e intercambio de conocimientos y experiencias en materias de investigaci\u00f3n cient\u00edfica y protecci\u00f3n del medio ambiente, delitos que afecten al ecosistema en la esfera de su competencia y la correspondiente investigaci\u00f3n de sus causas.<\/p>\n\n\n\n<p>Por su parte, la nueva versi\u00f3n del Seminario \u201cLos cambios de la cri\u00f3sfera\u201d que fue lanzada en el auditorio del Museo Regional de Ays\u00e9n y se extiende hasta el 26 de mayo, busca ser un espacio de desarrollo acad\u00e9mico para fortalecer un proceso de aprendizaje de nuevos conocimientos sobre algunos fen\u00f3menos emergentes relacionados al medio ambiente en la Patagonia chilena. As\u00ed, desde fines del a\u00f1o pasado,&nbsp;con la primera versi\u00f3n del seminario,&nbsp;detectives y oficiales policiales de Arica a Magallanes est\u00e1n adquiriendo nuevas herramientas con expertos del mundo acad\u00e9mico y cient\u00edfico a nivel regional, nacional e internacional.<\/p>\n\n\n\n<p>Al respecto, la m\u00e1xima autoridad institucional sostuvo que \u201cestamos inaugurando la segunda versi\u00f3n del Seminario \u2018Los Cambios de la Cri\u00f3sfera\u2019 que ha permitido conocer un poco m\u00e1s desde el aspecto cient\u00edfico lo relacionado a los glaciares que tenemos en esta zona, y en todo el pa\u00eds, y ver la forma de c\u00f3mo poder proteger este recurso natural que tenemos en Chile, tan exclusivo en el mundo y tan necesario custodiar\u201d.<\/p>\n\n\n\n<p>\u201cNosotros como Polic\u00eda de Investigaciones tenemos una Brigada Investigadora de Delitos Medioambientales y del Patrimonio Cultural que tambi\u00e9n pretende identificar todas estas formas delictuales que puedan interferir e impactar en el medio ambiente, as\u00ed es que feliz de estar ac\u00e1, de firmar este convenio con este Centro de Investigaci\u00f3n para poder fortalecernos ambas instituciones en el cuidado y, en la eventualidad de delitos contra este patrimonio, poder estar alerta como investigadores\u201d, puntualiz\u00f3 el Director General, Sergio Mu\u00f1oz, agregando que gracias a este convenio \u201cestamos explorando todo este conocimiento, anticipando lo que podr\u00eda venirse a futuro, como Polic\u00eda de Investigaciones de Chile siempre hemos estado preocupados de anticipar figuras delictuales para poder atacarlas, contenerlas y evitar que se instalen en nuestras realidades\u201d, finaliz\u00f3 el Director General.<\/p>\n\n\n\n<p>Por su parte, la Directora Ejecutiva (subrogante) del CIEP expres\u00f3 que \u201ccomo Centro desde hace un buen tiempo estamos trabajando con la Polic\u00eda de Investigaciones de Chile, especialmente a trav\u00e9s de la BIDEMA, pero hoy se da la posibilidad de concretar este trabajo colaborativo y poder generar transferencia en conocimiento con una instituci\u00f3n con la cual existen varios temas en com\u00fan. Nosotros desarrollamos ciencia y desarrollamos investigaci\u00f3n, principalmente, medioambientales en la cual la BIDEMA tiene una relevancia importante y entendemos y queremos que este trabajo colaborativo nos va a llevar a generar buenos dividendos a ambas instituciones\u201d, a\u00f1adiendo Ang\u00e9lica Oyarz\u00fan que \u201chemos iniciado un trabajo m\u00e1s espec\u00edfico en lo que apunta este seminario, en lo que es el desarrollo de los glaciares y esperamos ir con el tiempo avanzando en otras tem\u00e1ticas y otras l\u00edneas de investigaci\u00f3n como en ecosistemas marinos, ecosistemas terrestres, toda la investigaci\u00f3n asociada a clima, contaminaci\u00f3n y arqueolog\u00eda, por mencionar algunas\u201d.<\/p>\n\n\n\n<div class=\"wp-block-group\"><div class=\"wp-block-group__inner-container is-layout-flow wp-block-group-is-layout-flow\">\n<figure class=\"wp-block-gallery columns-2 is-cropped wp-block-gallery-1 is-layout-flex wp-block-gallery-is-layout-flex\"><ul class=\"blocks-gallery-grid\"><li class=\"blocks-gallery-item\"><figure><img decoding=\"async\" src=\"http:\/\/www.ciep.cl\/wp-content\/uploads\/2022\/05\/WhatsApp-Image-2022-05-25-at-11.25.32-AM-768x1024.jpeg\" alt=\"\" data-id=\"5873\" data-full-url=\"http:\/\/www.ciep.cl\/wp-content\/uploads\/2022\/05\/WhatsApp-Image-2022-05-25-at-11.25.32-AM.jpeg\" data-link=\"http:\/\/www.ciep.cl\/?attachment_id=5873\" class=\"wp-image-5873\"\/><\/figure><\/li><li class=\"blocks-gallery-item\"><figure><img decoding=\"async\" src=\"http:\/\/www.ciep.cl\/wp-content\/uploads\/2022\/05\/FTjjU7oXwAAErYl-1024x682.jpg\" alt=\"\" data-id=\"5874\" data-full-url=\"http:\/\/www.ciep.cl\/wp-content\/uploads\/2022\/05\/FTjjU7oXwAAErYl.jpg\" data-link=\"http:\/\/www.ciep.cl\/?attachment_id=5874\" class=\"wp-image-5874\"\/><\/figure><\/li><\/ul><\/figure>\n<\/div><\/div>\n\n\n\n<p>En la actividad particip\u00f3 el Delegado Presidencial Regional, Rodrigo Araya Morales, el Subdirector de Investigaci\u00f3n Policial y Criminal\u00edstica, Prefecto General Lautaro Arias Berrocal, el Jefe Nacional de Delitos Econ\u00f3micos y del Medio Ambiente, Prefecto Inspector Leonel Fuentes Y\u00e1\u00f1ez, el Jefe Regional, Prefecto Delf\u00edn Olgu\u00edn Donoso, y distintas autoridades regionales, provinciales, jefes de servicios y personal institucional.&nbsp;Cabe destacar que los expositores de esta jornada fueron el Jefe de la Unidad de Glaciolog\u00eda de la Direcci\u00f3n General de Aguas del MOP &#8211; Ays\u00e9n Jorge O\u00b4Kuinghttons, y el Glaci\u00f3logo e investigador de CIEP I\u00f1igo Irarr\u00e1zaval.<\/p>\n\n\n\n<figure class=\"wp-block-gallery columns-3 is-cropped wp-block-gallery-2 is-layout-flex wp-block-gallery-is-layout-flex\"><ul class=\"blocks-gallery-grid\"><li class=\"blocks-gallery-item\"><figure><img decoding=\"async\" src=\"http:\/\/www.ciep.cl\/wp-content\/uploads\/2022\/05\/DJI_0305-1024x768.jpg\" alt=\"\" data-id=\"5875\" data-full-url=\"http:\/\/www.ciep.cl\/wp-content\/uploads\/2022\/05\/DJI_0305.jpg\" data-link=\"http:\/\/www.ciep.cl\/?attachment_id=5875\" class=\"wp-image-5875\"\/><\/figure><\/li><li class=\"blocks-gallery-item\"><figure><img decoding=\"async\" src=\"http:\/\/www.ciep.cl\/wp-content\/uploads\/2022\/05\/DJI_0312_b-1024x705.jpg\" alt=\"\" data-id=\"5876\" data-full-url=\"http:\/\/www.ciep.cl\/wp-content\/uploads\/2022\/05\/DJI_0312_b.jpg\" data-link=\"http:\/\/www.ciep.cl\/?attachment_id=5876\" class=\"wp-image-5876\"\/><\/figure><\/li><li class=\"blocks-gallery-item\"><figure><img decoding=\"async\" src=\"http:\/\/www.ciep.cl\/wp-content\/uploads\/2022\/05\/DJI_0319.jpg\" alt=\"\" data-id=\"5877\" data-full-url=\"http:\/\/www.ciep.cl\/wp-content\/uploads\/2022\/05\/DJI_0319.jpg\" data-link=\"http:\/\/www.ciep.cl\/?attachment_id=5877\" class=\"wp-image-5877\"\/><\/figure><\/li><\/ul><\/figure>\n\n\n\n<p>Sobre la importancia de este convenio para la Regi\u00f3n de Ays\u00e9n, el Delegado Presidencial Regional, Rodrigo Araya Morales, indic\u00f3 que \u201ctodo lo que tiene que ver en c\u00f3mo se relacionan los distintos aspectos de la investigaci\u00f3n cient\u00edfica con respecto al medio ambiente, en particular lo que estamos viendo ahora con el tema de los Campos de Hielo, cobra mayor significancia cuando lo podemos relacionar con las actividades de otras instituciones p\u00fablicas, y aqu\u00ed vemos un ejemplo perfecto de eso\u201d, destacando que \u201cesta relaci\u00f3n de transferencia de conocimientos de lo cient\u00edfico a lo investigativo cobra ese valor, todos los conocimientos que se pueden generar ac\u00e1 pueden tener una resoluci\u00f3n pr\u00e1ctica en las investigaciones que pueda llevar adelante la PDI para proteger el medio ambiente\u201d.<\/p>\n","protected":false},"excerpt":{"rendered":"<p>La actividad cont\u00f3 con la participaci\u00f3n del Delegado Presidencial Regional de Ays\u00e9n, Rodrigo Araya Morales, oficiales generales y superiores de la PDI, distintas autoridades regionales, provinciales, jefes de servicios y personal institucional. Este martes 24 de mayo, en el marco &#8230; <\/p>\n<p class=\"read-more-container\"><a title=\"PDI y CIEP firman convenio de colaboraci\u00f3n para fortalecer investigaci\u00f3n medioambiental\" class=\"read-more button\" href=\"https:\/\/ciep.cl\/inicio\/2022\/05\/30\/pdi-y-ciep-firman-convenio-de-colaboracion-para-fortalecer-investigacion-medioambiental\/#more-5871\" aria-label=\"Leer m\u00e1s sobre PDI y CIEP firman convenio de colaboraci\u00f3n para fortalecer investigaci\u00f3n medioambiental\">Leer m\u00e1s<\/a><\/p>\n","protected":false},"author":3,"featured_media":5872,"comment_status":"open","ping_status":"open","sticky":false,"template":"","format":"standard","meta":{"footnotes":""},"categories":[5,38],"tags":[91,84],"class_list":["post-5871","post","type-post","status-publish","format-standard","has-post-thumbnail","hentry","category-noticias","category-ecosistemas-terrestres","tag-angelica-oyarzun","tag-inigo-irarrazaval-3","infinite-scroll-item"],"_links":{"self":[{"href":"https:\/\/ciep.cl\/inicio\/wp-json\/wp\/v2\/posts\/5871","targetHints":{"allow":["GET"]}}],"collection":[{"href":"https:\/\/ciep.cl\/inicio\/wp-json\/wp\/v2\/posts"}],"about":[{"href":"https:\/\/ciep.cl\/inicio\/wp-json\/wp\/v2\/types\/post"}],"author":[{"embeddable":true,"href":"https:\/\/ciep.cl\/inicio\/wp-json\/wp\/v2\/users\/3"}],"replies":[{"embeddable":true,"href":"https:\/\/ciep.cl\/inicio\/wp-json\/wp\/v2\/comments?post=5871"}],"version-history":[{"count":0,"href":"https:\/\/ciep.cl\/inicio\/wp-json\/wp\/v2\/posts\/5871\/revisions"}],"wp:featuredmedia":[{"embeddable":true,"href":"https:\/\/ciep.cl\/inicio\/wp-json\/"}],"wp:attachment":[{"href":"https:\/\/ciep.cl\/inicio\/wp-json\/wp\/v2\/media?parent=5871"}],"wp:term":[{"taxonomy":"category","embeddable":true,"href":"https:\/\/ciep.cl\/inicio\/wp-json\/wp\/v2\/categories?post=5871"},{"taxonomy":"post_tag","embeddable":true,"href":"https:\/\/ciep.cl\/inicio\/wp-json\/wp\/v2\/tags?post=5871"}],"curies":[{"name":"wp","href":"https:\/\/api.w.org\/{rel}","templated":true}]}}