{"id":5890,"date":"2022-06-01T13:16:12","date_gmt":"2022-06-01T16:16:12","guid":{"rendered":"http:\/\/www.ciep.cl\/?p=5890"},"modified":"2022-06-01T13:16:12","modified_gmt":"2022-06-01T16:16:12","slug":"seminario-sobre-recursos-hidricos-reunio-en-coyhaique-a-especialistas-para-avanzar-en-planificacion-y-gestion-sustentable","status":"publish","type":"post","link":"https:\/\/ciep.cl\/inicio\/2022\/06\/01\/seminario-sobre-recursos-hidricos-reunio-en-coyhaique-a-especialistas-para-avanzar-en-planificacion-y-gestion-sustentable\/","title":{"rendered":"SEMINARIO SOBRE RECURSOS H\u00cdDRICOS REUNI\u00d3 EN COYHAIQUE A ESPECIALISTAS PARA AVANZAR EN PLANIFICACI\u00d3N Y GESTI\u00d3N SUSTENTABLE"},"content":{"rendered":"\n<p><strong>* Charlas magistrales y exposiciones breves fueron encabezadas por acad\u00e9micos de diversas universidades del pa\u00eds, investigadores del CIEP, as\u00ed como por la DGA Ays\u00e9n y el Gobierno Regional, que concluyeron con un conversatorio.<\/strong><strong><\/strong><\/p>\n\n\n\n<p>Con expertos del m\u00e1s alto nivel, se desarroll\u00f3 el pasado viernes 27, el primer \u201cSeminario para la Planificaci\u00f3n Estrat\u00e9gica de Recursos H\u00eddricos en Ays\u00e9n, Seguridad H\u00eddrica en una Zona de Abundancia\u201d, organizado por la Corporaci\u00f3n de Desarrollo \u201cAys\u00e9n por Ays\u00e9n\u201d y el Centro de Investigaci\u00f3n de Ecosistemas de la Patagonia (CIEP).<\/p>\n\n\n\n<p>\u201cNaci\u00f3 la idea de juntarnos a conversar entre la gente que investiga con datos duros, con la gente que toma decisiones, pensar en c\u00f3mo nos vamos a anticipar a una crisis clim\u00e1tica que se nos viene (\u2026) Era una paradoja, c\u00f3mo una regi\u00f3n que es reserva mundial de agua hoy d\u00eda est\u00e1 en crisis por falta de agua, entonces algo no estamos haciendo bien y consideramos que es muy importante para juntarnos a conversar c\u00f3mo enfrentar esto y no esperar a que llegue la crisis\u201d, coment\u00f3 en las palabras de bienvenida el Presidente de la Corporaci\u00f3n de Desarrollo \u201cAys\u00e9n Por Ays\u00e9n\u201d, Eduardo Cruces Burgos.<\/p>\n\n\n\n<p>En total, hubo durante la jornada 8 exposiciones breves de reconocidos expertos y 5 charlas magistrales de mayor duraci\u00f3n, a cargo de diversos especialistas nacionales e internacionales, adem\u00e1s, de un conversatorio final entre los expositores, en el cual se abordaron los puntos m\u00e1s relevantes de esta amplia tem\u00e1tica de los recursos h\u00eddricos, y se respondieron inquietudes y consultas de los asistentes.&nbsp;Conversatorio que cont\u00f3 con la m\u00e1xima autoridad regional la gobernadora Andrea Mac\u00edas.<\/p>\n\n\n\n<p>Colaboraron tambi\u00e9n con la realizaci\u00f3n de este espacio de conversaci\u00f3n; la Universidad de Ays\u00e9n, Universidad de la Frontera, Universidad de Concepci\u00f3n, el Centro de Ciencia del Clima y la Resiliencia (CR2) de la Universidad de Chile, el Senado de Chile, el Gobierno Regional de Ays\u00e9n, la Direcci\u00f3n General de Aguas de Ays\u00e9n, Aguas Patagonia y la Embajada de Israel en Santiago de Chile.<\/p>\n\n\n\n<p>&nbsp;\u201cEl prop\u00f3sito de este seminario es en el contexto de los cambios, como el nuevo C\u00f3digo de Aguas y (eventual) nueva Constituci\u00f3n, s\u00ed tenemos muchas ideas, observaci\u00f3n y experiencias a nivel local, nacional e internacional para poner sobre la mesa, ideas en anticipaci\u00f3n a las discusiones que vienen, a los cambios y decisiones que hay que tomar, y al final estamos halando sobre planificaci\u00f3n de recursos h\u00eddricos que hay que abarcar profundamente, y tambi\u00e9n en especial en una regi\u00f3n y macrozona con las mayores reservas de agua en el mundo\u201d, relev\u00f3 por su parte, el Subdirector de Investigaci\u00f3n del CIEP, Brian Reid.<\/p>\n\n\n\n<p>Asistieron al encuentro, la gobernadora regional Andrea Mac\u00edas, los concejales Yohana Hern\u00e1ndez, de Coyhaique, y Alejandro Soto de Ays\u00e9n, as\u00ed como los consejeros regionales por Coyhaique Marisol Mart\u00ednez y Ra\u00fal Rudolphi, el director del IPS, Carlos Rodr\u00edguez, el director regional de obras hidr\u00e1ulicas, Cristian Aguilar, y representantes de diversos servicios p\u00fablicos, universidades locales, invitados especiales, empresarios y p\u00fablico en general.<\/p>\n\n\n\n<p><strong>EXPERIENCIAS, PRONOSTICOS Y CONVERSATORIO<\/strong><strong><\/strong><\/p>\n\n\n\n<p>La jornada de la ma\u00f1ana consider\u00f3 3 sesiones de exposiciones que se denominaron; \u201cClima y Agua\u201d, \u201cHidrolog\u00eda y Ecosistemas\u201d y \u201cAgua y Ser Humano\u201d, respectivamente. En ellas, destacaron charla magistral \u201cCambio precipitaciones en Ays\u00e9n: Estado de conocimiento y pron\u00f3stico\u201d, a cargo del Dr. Juan Pablo Boisier, investigador del Centro de Ciencia del Clima y la Resiliencia (CR2), de la U. de Chile; adem\u00e1s de las exposiciones breves del investigador residente del CIEP Luis Gom\u00e9z, con la experiencia \u201cAysenMet\u201d; el experto Rodrigo Aguayo, del programa de graduados ciencias medioambientales de la U. de Concepci\u00f3n y el proyecto \u201cPatagoniaMet\u201d; y la charla magistral \u201cGobernanza del agua\u201d, dada a conocer por Tatiana Rascovsky, asesora econ\u00f3mica de la embajada de Israel en Chile. Seguido, expuso el Dr. Marcelo Somos, acad\u00e9mico de la U. de la Frontera, la charla magistral \u201cSistema de estimaci\u00f3n caudales tiempo real en Ays\u00e9n\u201d; continuando con las charlas resumidas de los investigadores del Grupo Din\u00e1mica del Paisaje del CIEP, Dr. Brian Reid con \u201cAgua y ecosistemas desde las cumbres al mar\u201d; \u201cDisponibilidad h\u00eddrica en provincia de Coyhaique\u201d, a cargo del Dr. \u00cd\u00f1igo Irarr\u00e1zaval, y \u201cAgua y bosque &#8211; Monitoreo de agua en cuencas modelos\u201d, del mag\u00edster en Ciencias Paulo Moreno.Cerrando la ma\u00f1ana, estuvieron el Director Regional (s) de la Direcci\u00f3n General de Aguas de Ays\u00e9n, DGA, Jorge O\u00b4Kuinghttons, con la charla magistral \u201cNuevo C\u00f3digo de Aguas y Planificaci\u00f3n Estrat\u00e9gica por Cuenca\u201d; luego las charlas resumidas \u201cMonitoreo caudales y APR\u201d, a cargo del Dr. Brian Reid,&nbsp;en representaci\u00f3n de la Dra. Anna Astorga&nbsp;y \u201cAgua y eventos extremos\u201d, exposici\u00f3n del Dr. Alejandro Dusaillant, acad\u00e9mico de la U. de Ays\u00e9n.<\/p>\n\n\n\n<figure class=\"wp-block-gallery columns-3 is-cropped wp-block-gallery-1 is-layout-flex wp-block-gallery-is-layout-flex\"><ul class=\"blocks-gallery-grid\"><li class=\"blocks-gallery-item\"><figure><img decoding=\"async\" src=\"http:\/\/www.ciep.cl\/wp-content\/uploads\/2022\/06\/DJI_0326-1024x768.jpg\" alt=\"\" data-id=\"5892\" data-full-url=\"http:\/\/www.ciep.cl\/wp-content\/uploads\/2022\/06\/DJI_0326.jpg\" data-link=\"http:\/\/www.ciep.cl\/?attachment_id=5892\" class=\"wp-image-5892\"\/><\/figure><\/li><li class=\"blocks-gallery-item\"><figure><img decoding=\"async\" src=\"http:\/\/www.ciep.cl\/wp-content\/uploads\/2022\/06\/IMG-20220530-WA0043-1024x768.jpg\" alt=\"\" data-id=\"5893\" data-full-url=\"http:\/\/www.ciep.cl\/wp-content\/uploads\/2022\/06\/IMG-20220530-WA0043.jpg\" data-link=\"http:\/\/www.ciep.cl\/?attachment_id=5893\" class=\"wp-image-5893\"\/><\/figure><\/li><li class=\"blocks-gallery-item\"><figure><img decoding=\"async\" src=\"http:\/\/www.ciep.cl\/wp-content\/uploads\/2022\/06\/IMG-20220530-WA0052-1024x768.jpg\" alt=\"\" data-id=\"5895\" data-full-url=\"http:\/\/www.ciep.cl\/wp-content\/uploads\/2022\/06\/IMG-20220530-WA0052.jpg\" data-link=\"http:\/\/www.ciep.cl\/?attachment_id=5895\" class=\"wp-image-5895\"\/><\/figure><\/li><\/ul><\/figure>\n\n\n\n<p>En tanto, por la tarde, en la sesi\u00f3n 4 \u201cAgua y Soluciones\u201d, planificada para el inicio de la tarde, expusieron en primera instancia el Dr. Cristian Frene, investigador del Instituto de Ecolog\u00eda y Biodiversidad, la charla magistral \u201cGesti\u00f3n de la cuenca y desaf\u00edos\u201d; secundado por la charla \u201cSistema de agua potable rural, APR\u201d, exposici\u00f3n de la Ingeniera Carina Ponce, jefa de la Unidad T\u00e9cnica de APR de Aguas Patagonia.<\/p>\n\n\n\n<div class=\"wp-block-image\"><figure class=\"aligncenter size-large is-resized\"><img fetchpriority=\"high\" decoding=\"async\" src=\"http:\/\/www.ciep.cl\/wp-content\/uploads\/2022\/06\/IMG-20220530-WA0049-1024x768.jpg\" alt=\"\" class=\"wp-image-5894\" width=\"631\" height=\"473\"\/><\/figure><\/div>\n\n\n\n<p>El seminario concluy\u00f3 con la sesi\u00f3n 5, denominada \u201cPol\u00edtica sobre el uso de los recursos h\u00eddricos\u201d; que abri\u00f3 con la \u201cVisi\u00f3n del Gobierno Regional\u201d, expuesta por la gobernadora regional de Ays\u00e9n, Andrea Mac\u00edas Palma, quien posteriormente se integr\u00f3 al Conversatorio final con los panelistas presentes, instancia que present\u00f3 las reflexiones finales, s\u00edntesis y recomendaciones de los expertos, junto con abordar consultas del p\u00fablico asistente.<\/p>\n\n\n\n<p>Pr\u00f3ximamente las exposiciones \u00edntegras, as\u00ed como el Conversatorio final estar\u00e1n disponibles en las redes sociales de la Corporaci\u00f3n \u201cAys\u00e9n por Ays\u00e9n\u201d; <a href=\"http:\/\/www.aysenporaysen.cl\"><u>www.aysenporaysen.cl<\/u><\/a>\u00a0o mediante Facebook: Corporaci\u00f3n de desarrollo Ays\u00e9n por Ays\u00e9n.<\/p>\n\n\n\n<div class=\"wp-block-image\"><figure class=\"aligncenter size-large is-resized\"><img decoding=\"async\" src=\"http:\/\/www.ciep.cl\/wp-content\/uploads\/2022\/06\/DJI_0324-1024x768.jpg\" alt=\"\" class=\"wp-image-5891\" width=\"495\" height=\"371\"\/><\/figure><\/div>\n","protected":false},"excerpt":{"rendered":"<p>* Charlas magistrales y exposiciones breves fueron encabezadas por acad\u00e9micos de diversas universidades del pa\u00eds, investigadores del CIEP, as\u00ed como por la DGA Ays\u00e9n y el Gobierno Regional, que concluyeron con un conversatorio. Con expertos del m\u00e1s alto nivel, se &#8230; <\/p>\n<p class=\"read-more-container\"><a title=\"SEMINARIO SOBRE RECURSOS H\u00cdDRICOS REUNI\u00d3 EN COYHAIQUE A ESPECIALISTAS PARA AVANZAR EN PLANIFICACI\u00d3N Y GESTI\u00d3N SUSTENTABLE\" class=\"read-more button\" href=\"https:\/\/ciep.cl\/inicio\/2022\/06\/01\/seminario-sobre-recursos-hidricos-reunio-en-coyhaique-a-especialistas-para-avanzar-en-planificacion-y-gestion-sustentable\/#more-5890\" aria-label=\"Leer m\u00e1s sobre SEMINARIO SOBRE RECURSOS H\u00cdDRICOS REUNI\u00d3 EN COYHAIQUE A ESPECIALISTAS PARA AVANZAR EN PLANIFICACI\u00d3N Y GESTI\u00d3N SUSTENTABLE\">Leer m\u00e1s<\/a><\/p>\n","protected":false},"author":3,"featured_media":5897,"comment_status":"open","ping_status":"open","sticky":false,"template":"","format":"standard","meta":{"footnotes":""},"categories":[5,35,38],"tags":[44,40,84,62,30],"class_list":["post-5890","post","type-post","status-publish","format-standard","has-post-thumbnail","hentry","category-noticias","category-ecosistemas-acuaticos","category-ecosistemas-terrestres","tag-anna-astorga","tag-brian-reid","tag-inigo-irarrazaval-3","tag-luis-gomez","tag-paulo-moreno","infinite-scroll-item"],"_links":{"self":[{"href":"https:\/\/ciep.cl\/inicio\/wp-json\/wp\/v2\/posts\/5890","targetHints":{"allow":["GET"]}}],"collection":[{"href":"https:\/\/ciep.cl\/inicio\/wp-json\/wp\/v2\/posts"}],"about":[{"href":"https:\/\/ciep.cl\/inicio\/wp-json\/wp\/v2\/types\/post"}],"author":[{"embeddable":true,"href":"https:\/\/ciep.cl\/inicio\/wp-json\/wp\/v2\/users\/3"}],"replies":[{"embeddable":true,"href":"https:\/\/ciep.cl\/inicio\/wp-json\/wp\/v2\/comments?post=5890"}],"version-history":[{"count":0,"href":"https:\/\/ciep.cl\/inicio\/wp-json\/wp\/v2\/posts\/5890\/revisions"}],"wp:featuredmedia":[{"embeddable":true,"href":"https:\/\/ciep.cl\/inicio\/wp-json\/"}],"wp:attachment":[{"href":"https:\/\/ciep.cl\/inicio\/wp-json\/wp\/v2\/media?parent=5890"}],"wp:term":[{"taxonomy":"category","embeddable":true,"href":"https:\/\/ciep.cl\/inicio\/wp-json\/wp\/v2\/categories?post=5890"},{"taxonomy":"post_tag","embeddable":true,"href":"https:\/\/ciep.cl\/inicio\/wp-json\/wp\/v2\/tags?post=5890"}],"curies":[{"name":"wp","href":"https:\/\/api.w.org\/{rel}","templated":true}]}}