{"id":5969,"date":"2022-07-13T19:10:52","date_gmt":"2022-07-13T22:10:52","guid":{"rendered":"http:\/\/www.ciep.cl\/?p=5969"},"modified":"2022-07-13T19:10:52","modified_gmt":"2022-07-13T22:10:52","slug":"red-nacional-de-centros-regionales-de-ciencia-y-tecnologia-se-reune-con-ministro-de-ciencia-en-aysen","status":"publish","type":"post","link":"https:\/\/ciep.cl\/inicio\/2022\/07\/13\/red-nacional-de-centros-regionales-de-ciencia-y-tecnologia-se-reune-con-ministro-de-ciencia-en-aysen\/","title":{"rendered":"Red Nacional de Centros Regionales de Ciencia y Tecnolog\u00eda se re\u00fane con Ministro de Ciencia en Ays\u00e9n"},"content":{"rendered":"\n<p>9 centros de investigaci\u00f3n regionales de ciencia y tecnolog\u00eda, desde la regi\u00f3n de Coquimbo hasta la Regi\u00f3n de Magallanes, se reunieron para generar una mesa de conversaci\u00f3n junto al ministro de Ciencia, Tecnolog\u00eda, Conocimiento e Innovaci\u00f3n, Flavio Salazar y la gobernadora regional de Ays\u00e9n Andrea Mac\u00edas.<\/p>\n\n\n\n<p>La actividad que tuvo su cita en el Gobierno Regional de Ays\u00e9n convoc\u00f3, adem\u00e1s de las autoridades mencionadas, al delegado presidencial (s) Samuel Navarro, la seremi de CTCI de la macrozona austral Ver\u00f3nica Vallejos, al presidente de la Comisi\u00f3n de Ciencia del Consejo Regional de Ays\u00e9n Felipe Klein, a la rectora de la Universidad de Ays\u00e9n Natacha Pino, director del Campus Patagonia Alejandro Reyes, presidente del Instituto IDEA H\u00e9ctor Canales, al presidente del directorio de CIEP Hern\u00e1n Elizalde, jefa de la DIFOI del Gobierno Regional de Ays\u00e9n Jessica Lagos, entre otros, y a directivos de 8 de los 9 centros regionales de investigaci\u00f3n; Centro de Estudios Avanzados en Zonas \u00c1ridas (Ceaza, Coquimbo), Centro Regional de Estudios en Alimentos y Salud (Creas, Valpara\u00edso), Centro de Innovaci\u00f3n Hortofrut\u00edcola de Valpara\u00edso (Ceres, Valpara\u00edso), Centro de Estudios de Alimentos Procesados (Ceap, Maule), Centro de Estudios Avanzados en Fruticultura, (Ceaf, O\u00b4Higgins) y Centro de Estudios de Cuaternario de Fuego Patagonia y Ant\u00e1rtica (Cequa, Magallanes), Centro de Investigaci\u00f3n en Ecosistemas de la Patagonia (CIEP).<\/p>\n\n\n\n<p>El coordinador de la Red de Centros Regionales de Ciencia y Tecnolog\u00eda, Claudio Toro, adem\u00e1s Director del Centro de Integraci\u00f3n de Pol\u00edmeros Avanzados (CIPA) de la regi\u00f3n del Bio Bio, expuso los antecedentes y conformaci\u00f3n de la red, como adem\u00e1s, la puesta en valor de estos centros, las que muchas veces quedan fuera de los indicadores ministeriales, como por ejemplo el aporte al desarrollo de la educaci\u00f3n regional, apoyo en desarrollo de las pol\u00edticas p\u00fablicas y por sobre todo la importancia en la descentralizaci\u00f3n de la ciencia, con equipamiento y profesionales en el territorio.<\/p>\n\n\n\n<figure class=\"wp-block-gallery columns-1 is-cropped wp-block-gallery-1 is-layout-flex wp-block-gallery-is-layout-flex\"><ul class=\"blocks-gallery-grid\"><li class=\"blocks-gallery-item\"><figure><img decoding=\"async\" src=\"http:\/\/www.ciep.cl\/wp-content\/uploads\/2022\/07\/FXfwCcHWIAMFjFD-1024x768.jpg\" alt=\"\" data-id=\"5975\" data-full-url=\"http:\/\/www.ciep.cl\/wp-content\/uploads\/2022\/07\/FXfwCcHWIAMFjFD-scaled.jpg\" data-link=\"http:\/\/www.ciep.cl\/?attachment_id=5975\" class=\"wp-image-5975\"\/><\/figure><\/li><\/ul><\/figure>\n\n\n\n<p>El ministro de ciencia estuvo muy agradecido de la exposici\u00f3n, pudiendo aclarar muchas incertidumbres sobre la composici\u00f3n y estructura de los centros, \u201cLos Centros Regionales cumplen una labor fundamental en la descentralizaci\u00f3n de la ciencia, que es u objetivo principal de este gobierno\u201d. Por su parte la gobernadora regional sostuvo \u201ccuenten conmigo para apoyar sus necesidades desde mi cargo de vicepresidenta de la Asociaci\u00f3n de Gobernadoras y Gobernadores Regionales\u201d.<\/p>\n\n\n\n<p>Luego de esta reuni\u00f3n, la autoridad ministerial y los directores de centros, junto a la Seremi de CTCI de la Macrozona Austral se dirigieron a las dependencias del Centro de Investigaci\u00f3n en Ecosistemas de la Patagonia para conocer al equipo de trabajo y laboratorios, como tambi\u00e9n continuar el di\u00e1logo entre la red y el ministro.<\/p>\n\n\n\n<figure class=\"wp-block-gallery columns-3 is-cropped wp-block-gallery-2 is-layout-flex wp-block-gallery-is-layout-flex\"><ul class=\"blocks-gallery-grid\"><li class=\"blocks-gallery-item\"><figure><img decoding=\"async\" src=\"http:\/\/www.ciep.cl\/wp-content\/uploads\/2022\/07\/FXa1Ux3WAAIQR8S-1024x768.jpg\" alt=\"\" data-id=\"5971\" data-full-url=\"http:\/\/www.ciep.cl\/wp-content\/uploads\/2022\/07\/FXa1Ux3WAAIQR8S.jpg\" data-link=\"http:\/\/www.ciep.cl\/?attachment_id=5971\" class=\"wp-image-5971\"\/><\/figure><\/li><li class=\"blocks-gallery-item\"><figure><img decoding=\"async\" src=\"http:\/\/www.ciep.cl\/wp-content\/uploads\/2022\/07\/FXa1Ux-XEAAwmIr-1024x768.jpg\" alt=\"\" data-id=\"5972\" data-full-url=\"http:\/\/www.ciep.cl\/wp-content\/uploads\/2022\/07\/FXa1Ux-XEAAwmIr.jpg\" data-link=\"http:\/\/www.ciep.cl\/?attachment_id=5972\" class=\"wp-image-5972\"\/><\/figure><\/li><li class=\"blocks-gallery-item\"><figure><img decoding=\"async\" src=\"http:\/\/www.ciep.cl\/wp-content\/uploads\/2022\/07\/WhatsApp-Image-2022-07-11-at-10.34.06-PM-1024x768.jpeg\" alt=\"\" data-id=\"5973\" data-full-url=\"http:\/\/www.ciep.cl\/wp-content\/uploads\/2022\/07\/WhatsApp-Image-2022-07-11-at-10.34.06-PM.jpeg\" data-link=\"http:\/\/www.ciep.cl\/?attachment_id=5973\" class=\"wp-image-5973\"\/><\/figure><\/li><li class=\"blocks-gallery-item\"><figure><img decoding=\"async\" src=\"http:\/\/www.ciep.cl\/wp-content\/uploads\/2022\/07\/WhatsApp-Image-2022-07-11-at-10.34.12-PM-1024x768.jpeg\" alt=\"\" data-id=\"5977\" data-full-url=\"http:\/\/www.ciep.cl\/wp-content\/uploads\/2022\/07\/WhatsApp-Image-2022-07-11-at-10.34.12-PM.jpeg\" data-link=\"http:\/\/www.ciep.cl\/?attachment_id=5977\" class=\"wp-image-5977\"\/><\/figure><\/li><\/ul><\/figure>\n","protected":false},"excerpt":{"rendered":"<p>9 centros de investigaci\u00f3n regionales de ciencia y tecnolog\u00eda, desde la regi\u00f3n de Coquimbo hasta la Regi\u00f3n de Magallanes, se reunieron para generar una mesa de conversaci\u00f3n junto al ministro de Ciencia, Tecnolog\u00eda, Conocimiento e Innovaci\u00f3n, Flavio Salazar y la &#8230; <\/p>\n<p class=\"read-more-container\"><a title=\"Red Nacional de Centros Regionales de Ciencia y Tecnolog\u00eda se re\u00fane con Ministro de Ciencia en Ays\u00e9n\" class=\"read-more button\" href=\"https:\/\/ciep.cl\/inicio\/2022\/07\/13\/red-nacional-de-centros-regionales-de-ciencia-y-tecnologia-se-reune-con-ministro-de-ciencia-en-aysen\/#more-5969\" aria-label=\"Leer m\u00e1s sobre Red Nacional de Centros Regionales de Ciencia y Tecnolog\u00eda se re\u00fane con Ministro de Ciencia en Ays\u00e9n\">Leer m\u00e1s<\/a><\/p>\n","protected":false},"author":3,"featured_media":5973,"comment_status":"open","ping_status":"open","sticky":false,"template":"","format":"standard","meta":{"footnotes":""},"categories":[5],"tags":[],"class_list":["post-5969","post","type-post","status-publish","format-standard","has-post-thumbnail","hentry","category-noticias","infinite-scroll-item"],"_links":{"self":[{"href":"https:\/\/ciep.cl\/inicio\/wp-json\/wp\/v2\/posts\/5969","targetHints":{"allow":["GET"]}}],"collection":[{"href":"https:\/\/ciep.cl\/inicio\/wp-json\/wp\/v2\/posts"}],"about":[{"href":"https:\/\/ciep.cl\/inicio\/wp-json\/wp\/v2\/types\/post"}],"author":[{"embeddable":true,"href":"https:\/\/ciep.cl\/inicio\/wp-json\/wp\/v2\/users\/3"}],"replies":[{"embeddable":true,"href":"https:\/\/ciep.cl\/inicio\/wp-json\/wp\/v2\/comments?post=5969"}],"version-history":[{"count":0,"href":"https:\/\/ciep.cl\/inicio\/wp-json\/wp\/v2\/posts\/5969\/revisions"}],"wp:featuredmedia":[{"embeddable":true,"href":"https:\/\/ciep.cl\/inicio\/wp-json\/"}],"wp:attachment":[{"href":"https:\/\/ciep.cl\/inicio\/wp-json\/wp\/v2\/media?parent=5969"}],"wp:term":[{"taxonomy":"category","embeddable":true,"href":"https:\/\/ciep.cl\/inicio\/wp-json\/wp\/v2\/categories?post=5969"},{"taxonomy":"post_tag","embeddable":true,"href":"https:\/\/ciep.cl\/inicio\/wp-json\/wp\/v2\/tags?post=5969"}],"curies":[{"name":"wp","href":"https:\/\/api.w.org\/{rel}","templated":true}]}}