{"id":6245,"date":"2022-11-22T15:05:45","date_gmt":"2022-11-22T18:05:45","guid":{"rendered":"http:\/\/www.ciep.cl\/?p=6245"},"modified":"2022-11-22T15:05:45","modified_gmt":"2022-11-22T18:05:45","slug":"publicacion-2022-a-bosso-s-ibarra-l-gomez-boris-alvarez-c-herranz-m-somos-valenzuela-j-garrido-unveiling-spatial-patterns-of-exposure-and-risk-perception-to-air-pollution-a-case-study-in","status":"publish","type":"post","link":"https:\/\/ciep.cl\/inicio\/2022\/11\/22\/publicacion-2022-a-bosso-s-ibarra-l-gomez-boris-alvarez-c-herranz-m-somos-valenzuela-j-garrido-unveiling-spatial-patterns-of-exposure-and-risk-perception-to-air-pollution-a-case-study-in\/","title":{"rendered":"Publicacion\/2022\/A. Bosso, S. Ibarra, L. G\u00f3mez, Boris \u00c1lvarez, C. Herranz, M. Somos Valenzuela, J. Garrido. Unveiling Spatial Patterns of Exposure and Risk Perception to Air Pollution: A Case Study in Chilean Patagonia"},"content":{"rendered":"\n<p><a href=\"https:\/\/doi.org\/10.1080\/08941920.2022.2113007\">https:\/\/doi.org\/10.1080\/08941920.2022.2113007<\/a><\/p>\n\n\n\n<p><strong>Descubrimiento de patrones espaciales de exposici\u00f3n y percepci\u00f3n del riesgo de contaminaci\u00f3n atmosf\u00e9rica: estudio de un caso en la Patagonia chilena<\/strong><\/p>\n\n\n\n<p>La contaminaci\u00f3n por humo de le\u00f1a se convirti\u00f3 en un importante problema de salud p\u00fablica en el sur de Chile. Este art\u00edculo se empe\u00f1a en encontrar evidencia de desigualdad ambiental mediante la observaci\u00f3n de las asociaciones espaciales entre las caracter\u00edsticas sociodemogr\u00e1ficas, la exposici\u00f3n y la percepci\u00f3n del riesgo de contaminaci\u00f3n atmosf\u00e9rica. Se integran datos primarios de encuestas georreferenciadas con estimaciones del exceso de exposici\u00f3n en exteriores al humo de le\u00f1a en Coyhaique, una de las ciudades m\u00e1s contaminadas de Am\u00e9rica Latina. Los resultados revelan que ciertos grupos sociales est\u00e1n expuestos de manera desproporcionada al PM2.5. Las personas con un bajo nivel socioecon\u00f3mico, que viven en hogares con adultos mayores y que usan estufas a le\u00f1a tienden a pasar m\u00e1s d\u00edas al a\u00f1o con niveles de contaminaci\u00f3n atmosf\u00e9rica poco saludables. Los resultados muestran una relaci\u00f3n modesta pero estad\u00edsticamente importante entre los niveles PM2.5 y la percepci\u00f3n de riesgo. Los factores sociodemogr\u00e1ficos son tambi\u00e9n predictores importantes de la percepci\u00f3n del riesgo de contaminaci\u00f3n atmosf\u00e9rica. Se discute la implicancia en t\u00e9rminos de patrones de injusticia ambiental y campa\u00f1as de concientizaci\u00f3n p\u00fablica.<\/p>\n","protected":false},"excerpt":{"rendered":"<p>https:\/\/doi.org\/10.1080\/08941920.2022.2113007 Descubrimiento de patrones espaciales de exposici\u00f3n y percepci\u00f3n del riesgo de contaminaci\u00f3n atmosf\u00e9rica: estudio de un caso en la Patagonia chilena La contaminaci\u00f3n por humo de le\u00f1a se convirti\u00f3 en un importante problema de salud p\u00fablica en el sur &#8230; <\/p>\n<p class=\"read-more-container\"><a title=\"Publicacion\/2022\/A. Bosso, S. Ibarra, L. G\u00f3mez, Boris \u00c1lvarez, C. Herranz, M. Somos Valenzuela, J. Garrido. Unveiling Spatial Patterns of Exposure and Risk Perception to Air Pollution: A Case Study in Chilean Patagonia\" class=\"read-more button\" href=\"https:\/\/ciep.cl\/inicio\/2022\/11\/22\/publicacion-2022-a-bosso-s-ibarra-l-gomez-boris-alvarez-c-herranz-m-somos-valenzuela-j-garrido-unveiling-spatial-patterns-of-exposure-and-risk-perception-to-air-pollution-a-case-study-in\/#more-6245\" aria-label=\"Leer m\u00e1s sobre Publicacion\/2022\/A. Bosso, S. Ibarra, L. G\u00f3mez, Boris \u00c1lvarez, C. Herranz, M. Somos Valenzuela, J. Garrido. Unveiling Spatial Patterns of Exposure and Risk Perception to Air Pollution: A Case Study in Chilean Patagonia\">Leer m\u00e1s<\/a><\/p>\n","protected":false},"author":3,"featured_media":0,"comment_status":"open","ping_status":"open","sticky":false,"template":"","format":"standard","meta":{"footnotes":""},"categories":[59,25],"tags":[94,62],"class_list":["post-6245","post","type-post","status-publish","format-standard","hentry","category-clima-y-contaminacion-publicaciones","category-publicaciones","tag-claudio-herranz","tag-luis-gomez","infinite-scroll-item"],"_links":{"self":[{"href":"https:\/\/ciep.cl\/inicio\/wp-json\/wp\/v2\/posts\/6245","targetHints":{"allow":["GET"]}}],"collection":[{"href":"https:\/\/ciep.cl\/inicio\/wp-json\/wp\/v2\/posts"}],"about":[{"href":"https:\/\/ciep.cl\/inicio\/wp-json\/wp\/v2\/types\/post"}],"author":[{"embeddable":true,"href":"https:\/\/ciep.cl\/inicio\/wp-json\/wp\/v2\/users\/3"}],"replies":[{"embeddable":true,"href":"https:\/\/ciep.cl\/inicio\/wp-json\/wp\/v2\/comments?post=6245"}],"version-history":[{"count":0,"href":"https:\/\/ciep.cl\/inicio\/wp-json\/wp\/v2\/posts\/6245\/revisions"}],"wp:attachment":[{"href":"https:\/\/ciep.cl\/inicio\/wp-json\/wp\/v2\/media?parent=6245"}],"wp:term":[{"taxonomy":"category","embeddable":true,"href":"https:\/\/ciep.cl\/inicio\/wp-json\/wp\/v2\/categories?post=6245"},{"taxonomy":"post_tag","embeddable":true,"href":"https:\/\/ciep.cl\/inicio\/wp-json\/wp\/v2\/tags?post=6245"}],"curies":[{"name":"wp","href":"https:\/\/api.w.org\/{rel}","templated":true}]}}