{"id":6269,"date":"2022-11-29T10:14:57","date_gmt":"2022-11-29T13:14:57","guid":{"rendered":"http:\/\/www.ciep.cl\/?p=6269"},"modified":"2022-11-29T10:14:57","modified_gmt":"2022-11-29T13:14:57","slug":"equipo-de-nodo-ciencia-austral-viaja-a-encuentro-con-actores-ctci-de-todo-el-pais","status":"publish","type":"post","link":"https:\/\/ciep.cl\/inicio\/2022\/11\/29\/equipo-de-nodo-ciencia-austral-viaja-a-encuentro-con-actores-ctci-de-todo-el-pais\/","title":{"rendered":"Equipo de Nodo Ciencia Austral viaja a Encuentro con actores CTCI de todo el pa\u00eds"},"content":{"rendered":"\n<p><\/p>\n\n\n\n<p><\/p>\n\n\n\n<p><\/p>\n\n\n\n<p>Con el prop\u00f3sito de posicionar los instrumentos Nodo y forjar redes de colaboraci\u00f3n entre actores del ecosistema de ciencia y tecnolog\u00eda, el d\u00eda martes 29 de noviembre se llevar\u00e1 a cabo el Encuentro Nacional NODOS-ANID en Santiago.<\/p>\n\n\n\n<p>&#8211; Esta instancia reunir\u00e1 a representantes de los nodos macrozonales y del Ministerio de Ciencia y Tecnolog\u00eda para co-construir una visi\u00f3n de futuro del trabajo territorial.<\/p>\n\n\n\n<p>\u201cNodos ANID: Conocimiento colaborativo desde y para los territorios\u201d. Con esta invitaci\u00f3n, la Agencia Nacional de Investigaci\u00f3n y Desarrollo (ANID) ha establecido dentro de sus prioridades avanzar hacia una mirada descentralizada de su quehacer, apoyando la implementaci\u00f3n de iniciativas que busquen robustecer el sistema de ciencia, tecnolog\u00eda, conocimiento e innovaci\u00f3n (CTCI) y donde el conocimiento se adapte a las necesidades locales, proyectando a que en un futuro cercano sea capaz de impactar en el bienestar econ\u00f3mico, social y\/o cultural de las comunidades del territorio nacional.<\/p>\n\n\n\n<p>De esta manera, los Nodos son una estrategia para dar respuesta a este prop\u00f3sito, avanzando hacia una visi\u00f3n m\u00e1s colaborativa y territorial. En esa l\u00ednea, nace el Encuentro Nacional NODOS-ANID, que reunir\u00e1 en distintas mesas de trabajo y discusi\u00f3n a los equipos directivos de los cinco Nodos macrozonales CTCI, los cinco Nodos de Laboratorios Naturales, representantes del Ministerio y Subsecretar\u00eda de Ciencia, Tecnolog\u00eda, Conocimiento en Innovaci\u00f3n, y de la Agencia Nacional de Investigaci\u00f3n y Desarrollo.<\/p>\n\n\n\n<p>En ese contexto, el Director del Nodo Ciencia Austral, Dr. Juan Carlos Aravena, quien se encuentra en Santiago junto a los coordinadores Jessica Pichulaf y Rodolfo Sapiains, representando a las regiones de Ays\u00e9n y de Magallanes y la Ant\u00e1rtica Chilena, destaca que el Encuentro Nacional NODOS-ANID \u201ces una oportunidad para compartir las experiencias y enfoques de todas las macrozonas de pa\u00eds tras casi dos a\u00f1os de funcionamiento. Se espera adem\u00e1s que sea un oportunidad para pensar entre todos c\u00f3mo esta inicativa de organizaci\u00f3n desde los territorios se puede proyectar en el tiempo\u201d.<\/p>\n\n\n\n<p>Agrega tambi\u00e9n que la metodolog\u00eda del encuentro est\u00e1 pensada como \u201cun taller de trabajo, una jornada de intercambio de opiniones y de formas de construir redes de colaboraci\u00f3n, macrozonales y nacionales. Va a ser tambi\u00e9n el momento para contarle al resto de las macrozonas de qu\u00e9 modo hemos afrontado los desaf\u00edos de identificar nuestras fortalezas y<\/p>\n\n\n\n<p>debilidadades en materia de ciencia, tecnolog\u00eda, conocimiento e innovaci\u00f3n, y qu\u00e9 desaf\u00edos hemos planeado encarar de la forma m\u00e1s particpativa posible\u201d.<\/p>\n\n\n\n<p>De esta manera, se espera que este Encuentro sea un espacio para reflexionar respecto al trabajo y al rol que tienen los proyectos Nodos financiados por ANID, en la articulaci\u00f3n del ecosistema para la aceleraci\u00f3n del impacto territorial de la CTCI. Junto con avanzar en la co-construcci\u00f3n de lineamientos a futuro, integrando las visiones de todas las instituciones participantes.<\/p>\n","protected":false},"excerpt":{"rendered":"<p>Con el prop\u00f3sito de posicionar los instrumentos Nodo y forjar redes de colaboraci\u00f3n entre actores del ecosistema de ciencia y tecnolog\u00eda, el d\u00eda martes 29 de noviembre se llevar\u00e1 a cabo el Encuentro Nacional NODOS-ANID en Santiago. &#8211; Esta instancia &#8230; <\/p>\n<p class=\"read-more-container\"><a title=\"Equipo de Nodo Ciencia Austral viaja a Encuentro con actores CTCI de todo el pa\u00eds\" class=\"read-more button\" href=\"https:\/\/ciep.cl\/inicio\/2022\/11\/29\/equipo-de-nodo-ciencia-austral-viaja-a-encuentro-con-actores-ctci-de-todo-el-pais\/#more-6269\" aria-label=\"Leer m\u00e1s sobre Equipo de Nodo Ciencia Austral viaja a Encuentro con actores CTCI de todo el pa\u00eds\">Leer m\u00e1s<\/a><\/p>\n","protected":false},"author":3,"featured_media":6270,"comment_status":"open","ping_status":"open","sticky":false,"template":"","format":"standard","meta":{"footnotes":""},"categories":[5],"tags":[],"class_list":["post-6269","post","type-post","status-publish","format-standard","has-post-thumbnail","hentry","category-noticias","infinite-scroll-item"],"_links":{"self":[{"href":"https:\/\/ciep.cl\/inicio\/wp-json\/wp\/v2\/posts\/6269","targetHints":{"allow":["GET"]}}],"collection":[{"href":"https:\/\/ciep.cl\/inicio\/wp-json\/wp\/v2\/posts"}],"about":[{"href":"https:\/\/ciep.cl\/inicio\/wp-json\/wp\/v2\/types\/post"}],"author":[{"embeddable":true,"href":"https:\/\/ciep.cl\/inicio\/wp-json\/wp\/v2\/users\/3"}],"replies":[{"embeddable":true,"href":"https:\/\/ciep.cl\/inicio\/wp-json\/wp\/v2\/comments?post=6269"}],"version-history":[{"count":0,"href":"https:\/\/ciep.cl\/inicio\/wp-json\/wp\/v2\/posts\/6269\/revisions"}],"wp:featuredmedia":[{"embeddable":true,"href":"https:\/\/ciep.cl\/inicio\/wp-json\/"}],"wp:attachment":[{"href":"https:\/\/ciep.cl\/inicio\/wp-json\/wp\/v2\/media?parent=6269"}],"wp:term":[{"taxonomy":"category","embeddable":true,"href":"https:\/\/ciep.cl\/inicio\/wp-json\/wp\/v2\/categories?post=6269"},{"taxonomy":"post_tag","embeddable":true,"href":"https:\/\/ciep.cl\/inicio\/wp-json\/wp\/v2\/tags?post=6269"}],"curies":[{"name":"wp","href":"https:\/\/api.w.org\/{rel}","templated":true}]}}