{"id":6279,"date":"2022-12-02T14:50:59","date_gmt":"2022-12-02T17:50:59","guid":{"rendered":"http:\/\/www.ciep.cl\/?p=6279"},"modified":"2022-12-02T14:50:59","modified_gmt":"2022-12-02T17:50:59","slug":"habitantes-de-los-lagos-y-aysen-apoyan-a-cientificos-en-monitoreo-de-calidad-del-agua-de-los-principales-rios-del-norte-de-la-patagonia","status":"publish","type":"post","link":"https:\/\/ciep.cl\/inicio\/2022\/12\/02\/habitantes-de-los-lagos-y-aysen-apoyan-a-cientificos-en-monitoreo-de-calidad-del-agua-de-los-principales-rios-del-norte-de-la-patagonia\/","title":{"rendered":"Habitantes de Los Lagos y Ays\u00e9n apoyan a cient\u00edficos en monitoreo de calidad del agua de los principales r\u00edos del norte de la Patagonia"},"content":{"rendered":"\n<p><em>*Desde Puelo, Chait\u00e9n, Ra\u00fal Mar\u00edn Balmaceda, Puerto Cisnes y Puerto Ays\u00e9n participan en proyecto cient\u00edfico sobre calidad de aguas y los riesgos asociados a la sequ\u00eda que considera el monitoreo semanal de varias cuencas, para conocer as\u00ed la calidad de sus aguas a lo largo de un periodo de tiempo y bajo diversas condiciones.<\/em><em><\/em><\/p>\n\n\n\n<p>Enmarcado en el proyecto llamado <em>\u201cAn\u00e1lisis de Riesgo como una herramienta para la priorizaci\u00f3n de Normas Secundarias de Calidad Ambiental en los principales r\u00edos de Patagonia Norte, bajo escenarios hidrol\u00f3gicos de sequ\u00eda\u201d, <\/em>financiado por la Agencia Nacional de Investigaci\u00f3n y Desarrollo (ANID), adjudicado por Universidad Cat\u00f3lica de la Sant\u00edsima Concepci\u00f3n y dirigido por el Dr. Jorge Le\u00f3n-Mu\u00f1oz , el cual en la Regi\u00f3n de Ays\u00e9n cuenta con la colaboraci\u00f3n de los investigadores Dr. Brian Reid y Dra. Anna Astorga, ambos especialistas en estudios de agua dulce del Centro de Investigaci\u00f3n en Ecosistemas de la Patagonia (CIEP), quienes, junto a Lydia Blanchet, perteneciente a la Fundaci\u00f3n Riverkeeper desarrollan un programa de monitoreo en las cuencas de los r\u00edos Puelo, Yelcho, Palena, Cisnes y Ays\u00e9n, las cuales conforman los principales tributarios de agua dulce al sistema de fiordos del noroeste de Patagonia. &nbsp;<\/p>\n\n\n\n<p>Con algunas experiencias previas de ciencia ciudadana, los investigadores de CIEP sumaron a Lydia Blanchet al proyecto, quien hab\u00eda liderado un programa de monitoreo ciudadano de calidad de agua en Futaleuf\u00fa. \u201cEra imposible para nosotros muestrear semanalmente todos estos r\u00edos a lo largo de la extensa zona que estamos evaluando en el proyecto, por lo que era sumamente importante poder implementar colaboraciones con la ciudadan\u00eda. De apoco fuimos formando grupos de monitores, que en algunas localidades ya estaban bien organizados, y motiv\u00e1ndolos sobre la idea del proyecto, que busca conocer mas sobre los grandes r\u00edos que desembocan en sus localidades\u201d. Luego junto a&nbsp;Lydia, visitamos una vez al mes cada una de las localidades y sus r\u00edos, tomando un control de muestra de agua triplicado. Lo que sirve para comparar con las muestras comunitarias, las cuales hasta la fecha muestran valores muy similares. En estas vueltas tambi\u00e9n aprovechamos de relacionarnos con las comunidades, sus escuelas o liceos, y recolectamos las muestras semanales que posteriormente son analizadas por el equipo en el laboratorio de CIEP en Coyhaique\u201d, comenta la Dra. Anna Astorga, agregando, \u201cestamos muy motivados del apoyo e inter\u00e9s de particulares y organizaciones, y nos encantar\u00eda poder seguir con este ejercicio en futuros proyectos\u201d.<\/p>\n\n\n\n<p>La colaboraci\u00f3n entre la Universidad y el CIEP ha sido fundamental para abordar el proceso de sequ\u00eda que vive la regi\u00f3n, donde el Centro de Investigaci\u00f3n fue convocado a ser parte del proyecto porque cuenta con equipos, laboratorios y personal t\u00e9cnico y cient\u00edfico altamente calificado en esta materia, sumado al trabajo que realizan voluntarios en el terreno para establecer el monitoreo y an\u00e1lisis comunitario semanal de la qu\u00edmica del agua, &nbsp;cubriendo los principales r\u00edos con salidas al sistema de fiordos del noroeste de la Patagonia.<\/p>\n\n\n\n<p>El Dr. Brian Reid, limn\u00f3logo y subdirector cient\u00edfico de CIEP, coment\u00f3 la relevancia cient\u00edfica de este proyecto y monitoreo. \u201cHasta el momento nadie sabe lo que pasa , en mi experiencia llevo trabajando 15 a\u00f1os en la regi\u00f3n, inicialmente me enfoqu\u00e9 en la cuenca del Baker, pero no sabemos la importancia del efecto que tiene la cuenca en el mar en esta zona. Los datos que hay hasta ahora no son suficientes para caracterizar estos r\u00edos tan grandes e importantes, como saber cu\u00e1ntos nutrientes o elementos hay, que efectos tiene la luz en el mar, o los aportes de elementos claves como carbono o s\u00edlice. Este proyecto est\u00e1 levantando informaci\u00f3n con una intensidad de monitoreo in\u00e9dita para el pa\u00eds, tomando muestras cada mes desde este laboratorio y semanalmente por los grupos de trabajo. Eso es necesario para definir las normas secundarias de la calidad de agua, de las cuales hay muy pocas en el pa\u00eds, hablamos de unas unas 6 o 7&nbsp;en total, y estamos trabajando ahora en 5 r\u00edos. Si logramos esta segunda parte del seguimiento de este proyecto, vamos a tener la evidencia para poder establecer la calidad de agua de estos r\u00edos que tienen una excelente condici\u00f3n, y a la fecha estamos viendo resultados muy buenos con esta iniciativa\u201d<br \/><br \/><strong>\u00bfC\u00f3mo es el agua que fluye en estos r\u00edos?<\/strong><\/p>\n\n\n\n<p><br \/>Esta es una de las preguntas que las y los voluntarios de este proyecto han realizado, y es por eso que Reid, Astorga y Blanchet han realizado una serie de talleres, explicando qu\u00e9 resultados previos hay de esta investigaci\u00f3n. Una de las ideas principales del proyecto es que los r\u00edos no solo son agua, sino que traen sedimentos, nutrientes, iones desde su \u00e1rea de captaci\u00f3n (cuenca) y estos llegan a la costa donde tambi\u00e9n cumplen una funci\u00f3n. Las aguas que traen estos r\u00edos son sumamente excepcionales con el resto del pa\u00eds. \u201cUna gran cobertura de bosques y un bajo nivel de uso del suelo en cada una de estas cuencas hace que los niveles de sedimentos y nutrientes sean por lo general muy bajos, lo que nos cuenta de la pureza del agua\u201d explica Astorga. En los talleres, tanto con voluntarios, comunidad y estudiantes, han abordado la importancia del cuidado de la cuenca, ya que el agua no s\u00f3lo viaja de las monta\u00f1as al mar, si no que cumple m\u00faltiples funciones ecol\u00f3gicas en el camino y es utilizada en su trayecto por muchas especies, entre ellas nosotros, los seres humanos. &nbsp;<\/p>\n\n\n\n<p><strong>Ciencia Ciudadana, comunidades cuidadores de las cuencas<\/strong><strong><\/strong><\/p>\n\n\n\n<p>En el r\u00edo Cisnes existe una larga historia con un grupo organizado, quienes por iniciativa propia contactaron a especialistas de CIEP para ver si podr\u00edan analizar muestras de agua de este r\u00edo, lo que se realiz\u00f3 por un a\u00f1o consecutivo de agosto de 2017 a 2018, donde se detect\u00f3 un aumento de fosfato relacionado a un florecimiento de algas que se gener\u00f3 en los fiordos, por lo mismo se tom\u00f3 contacto con ellos para continuar los monitoreos, esta vez con otro fin. Adelina Tello, de Puerto Cisnes nos relata la experiencia de ella y la comunidad organizada que apoy\u00f3 este trabajo. \u201cNosotros participamos del primer muestreo con un grupo de 18 personas aproximadamente. Fue una experiencia de trabajar en equipo, la que ha permitido ver las fortalezas que tenemos como pobladoras y pobladores. El poder que ha tenido una comunidad organizada con un claro inter\u00e9s de defender el territorio. Adem\u00e1s, de levantar datos del r\u00edo Cisnes, una de las cuencas m\u00e1s importante de toda la regi\u00f3n, porque no exist\u00eda una l\u00ednea base de ese nivel de muestras semanales, en el periodo de un a\u00f1o. En este proceso aprendimos mucho, desde lo t\u00e9cnico y de vernos como vecinos y vecinas com\u00fan y corrientes con las capacidades de ir a tomar una muestra, hacer el proceso correctamente, respetando los protocolos y compartir la informaci\u00f3n con la gente que se fue sumando con el tiempo a este monitoreo\u201d. Junto a esta primera experiencia, Adelina resalta el valor que tiene el apoyar con la recolecci\u00f3n de datos, \u201cque podamos ocuparlos cuando sea necesario, y de tener nosotros y nosotras conocimiento de nuestros r\u00edos y cuerpos de agua, de conocer datos t\u00e9cnicos, nosotras tambi\u00e9n podemos tener esa capacidad\u201d Finalmente Adelina destac\u00f3 los aportes de la ciencia ciudadana, \u201dser\u00eda bueno que como instituciones o gobierno se releve a importancia de este trabajo, m\u00e1s all\u00e1 de los datos finales, que se vea como una hermosa instancia de educaci\u00f3n ambiental en los espacios de escuela, de liceo, de los distintos lugares que habitan los ni\u00f1os, ni\u00f1as y j\u00f3venes de nuestra localidad y en las distintas localidades, seguir fortaleciendo esas capacidad en ellas y ellos. Porque si se empieza a trabajar desde la infancia, cuando ya somos adultas y adultos es algo que ya tenemos en nosotras, desde ah\u00ed parte la conciencia por el entorno, por la tierra y por la defensa tambi\u00e9n. Entendiendo que somos una de las grandes reservas de agua del mundo y en estos tiempos de crisis clim\u00e1tica es urgente la conciencia de los pobladores y pobladoras, que nos hagamos parte y podamos valorizar los conocimientos que tenemos y se pueda potenciar con el trabajo de cient\u00edficos y cient\u00edficas que buscan que esta informaci\u00f3n pueda conocerse y relevar la importancia de las cuencas de Ays\u00e9n\u201d.<\/p>\n\n\n\n<figure class=\"wp-block-gallery columns-3 is-cropped wp-block-gallery-1 is-layout-flex wp-block-gallery-is-layout-flex\"><ul class=\"blocks-gallery-grid\"><li class=\"blocks-gallery-item\"><figure><img decoding=\"async\" src=\"http:\/\/www.ciep.cl\/wp-content\/uploads\/2022\/12\/Cisnes-1-1024x596.png\" alt=\"\" data-id=\"6281\" data-full-url=\"http:\/\/www.ciep.cl\/wp-content\/uploads\/2022\/12\/Cisnes-1.png\" data-link=\"http:\/\/www.ciep.cl\/?attachment_id=6281\" class=\"wp-image-6281\"\/><\/figure><\/li><li class=\"blocks-gallery-item\"><figure><img decoding=\"async\" src=\"http:\/\/www.ciep.cl\/wp-content\/uploads\/2022\/12\/Cisnes-2-1024x500.png\" alt=\"\" data-id=\"6282\" data-full-url=\"http:\/\/www.ciep.cl\/wp-content\/uploads\/2022\/12\/Cisnes-2.png\" data-link=\"http:\/\/www.ciep.cl\/?attachment_id=6282\" class=\"wp-image-6282\"\/><\/figure><\/li><li class=\"blocks-gallery-item\"><figure><img decoding=\"async\" src=\"http:\/\/www.ciep.cl\/wp-content\/uploads\/2022\/12\/Cisnes-3-1024x576.png\" alt=\"\" data-id=\"6284\" data-full-url=\"http:\/\/www.ciep.cl\/wp-content\/uploads\/2022\/12\/Cisnes-3.png\" data-link=\"http:\/\/www.ciep.cl\/?attachment_id=6284\" class=\"wp-image-6284\"\/><\/figure><\/li><\/ul><\/figure>\n\n\n\n<p><br \/>Sumado a la recolecci\u00f3n de muestras que realizan los cient\u00edficos de manera mensual, han llevado a cabo diversas actividades de divulgaci\u00f3n sobre este trabajo y sus resultados preliminares, en este sentido han realizado charlas en el Liceo y Biblioteca P\u00fablica de Puerto Cisnes, en la Escuela de Ra\u00fal Mar\u00edn Balmaceda y en la sede de la \u00a0Junta de vecinos de la misma localidad.<\/p>\n\n\n\n<figure class=\"wp-block-gallery columns-2 is-cropped wp-block-gallery-2 is-layout-flex wp-block-gallery-is-layout-flex\"><ul class=\"blocks-gallery-grid\"><li class=\"blocks-gallery-item\"><figure><img decoding=\"async\" src=\"http:\/\/www.ciep.cl\/wp-content\/uploads\/2022\/12\/WhatsApp-Image-2022-06-08-at-11.40.43-AM-1024x768.jpeg\" alt=\"\" data-id=\"6287\" data-full-url=\"http:\/\/www.ciep.cl\/wp-content\/uploads\/2022\/12\/WhatsApp-Image-2022-06-08-at-11.40.43-AM.jpeg\" data-link=\"http:\/\/www.ciep.cl\/?attachment_id=6287\" class=\"wp-image-6287\"\/><\/figure><\/li><li class=\"blocks-gallery-item\"><figure><img decoding=\"async\" src=\"http:\/\/www.ciep.cl\/wp-content\/uploads\/2022\/12\/WhatsApp-Image-2022-11-10-at-08.31.13-1024x768.jpeg\" alt=\"\" data-id=\"6286\" data-full-url=\"http:\/\/www.ciep.cl\/wp-content\/uploads\/2022\/12\/WhatsApp-Image-2022-11-10-at-08.31.13.jpeg\" data-link=\"http:\/\/www.ciep.cl\/?attachment_id=6286\" class=\"wp-image-6286\"\/><\/figure><\/li><\/ul><\/figure>\n\n\n\n<p>Mar\u00eda Eugenia C\u00e1rcamo, profesora del Liceo de Chait\u00e9n, coment\u00f3 la experiencia que ha sido el apoyar el estudio con sus estudiantes. \u201cEl colaborar en el monitoreo del agua del r\u00edo Yelcho, para los chicos, ha sido una experiencia muy motivadora. Les ha permitido desarrollar algunas habilidades en el manejo de instrumentos de laboratorio, tener m\u00e1s confianza en las actividades que ellos realizan, y tambi\u00e9n, en algunos casos reafirmar sus preferencias en cuanto a los estudios superiores que desean continuar. Tambi\u00e9n el compartir con investigadores y conocer su trabajo ha sido muy enriquecedor para ellos. En relaci\u00f3n a los aprendizajes, les ha permitido conocer de d\u00f3nde vienen las aguas que llegan al r\u00edo Yelcho, saber la importancia de \u00e9ste en los ecosistemas. Adem\u00e1s, como hemos ido conociendo algunos resultados de las investigaciones, ya tienen una idea de c\u00f3mo var\u00eda la temperatura durante el a\u00f1o, como var\u00eda la cantidad de sedimento y algunos nutrientes, y comenzar a formular algunas hip\u00f3tesis. Creo que desde ahora los chicos ven de manera diferente al r\u00edo\u201d.<\/p>\n\n\n\n<figure class=\"wp-block-gallery columns-3 is-cropped wp-block-gallery-3 is-layout-flex wp-block-gallery-is-layout-flex\"><ul class=\"blocks-gallery-grid\"><li class=\"blocks-gallery-item\"><figure><img decoding=\"async\" src=\"http:\/\/www.ciep.cl\/wp-content\/uploads\/2022\/12\/Cisnes-4-1024x724.png\" alt=\"\" data-id=\"6283\" data-full-url=\"http:\/\/www.ciep.cl\/wp-content\/uploads\/2022\/12\/Cisnes-4.png\" data-link=\"http:\/\/www.ciep.cl\/?attachment_id=6283\" class=\"wp-image-6283\"\/><\/figure><\/li><li class=\"blocks-gallery-item\"><figure><img decoding=\"async\" src=\"http:\/\/www.ciep.cl\/wp-content\/uploads\/2022\/12\/IMG_0487-1024x768.jpg\" alt=\"\" data-id=\"6285\" data-full-url=\"http:\/\/www.ciep.cl\/wp-content\/uploads\/2022\/12\/IMG_0487-scaled.jpg\" data-link=\"http:\/\/www.ciep.cl\/?attachment_id=6285\" class=\"wp-image-6285\"\/><\/figure><\/li><li class=\"blocks-gallery-item\"><figure><img decoding=\"async\" src=\"http:\/\/www.ciep.cl\/wp-content\/uploads\/2022\/12\/palena.jpg\" alt=\"\" data-id=\"6289\" data-full-url=\"http:\/\/www.ciep.cl\/wp-content\/uploads\/2022\/12\/palena.jpg\" data-link=\"http:\/\/www.ciep.cl\/2022\/12\/02\/habitantes-de-los-lagos-y-aysen-apoyan-a-cientificos-en-monitoreo-de-calidad-del-agua-de-los-principales-rios-del-norte-de-la-patagonia\/palena\/\" class=\"wp-image-6289\"\/><\/figure><\/li><\/ul><\/figure>\n","protected":false},"excerpt":{"rendered":"<p>*Desde Puelo, Chait\u00e9n, Ra\u00fal Mar\u00edn Balmaceda, Puerto Cisnes y Puerto Ays\u00e9n participan en proyecto cient\u00edfico sobre calidad de aguas y los riesgos asociados a la sequ\u00eda que considera el monitoreo semanal de varias cuencas, para conocer as\u00ed la calidad de &#8230; <\/p>\n<p class=\"read-more-container\"><a title=\"Habitantes de Los Lagos y Ays\u00e9n apoyan a cient\u00edficos en monitoreo de calidad del agua de los principales r\u00edos del norte de la Patagonia\" class=\"read-more button\" href=\"https:\/\/ciep.cl\/inicio\/2022\/12\/02\/habitantes-de-los-lagos-y-aysen-apoyan-a-cientificos-en-monitoreo-de-calidad-del-agua-de-los-principales-rios-del-norte-de-la-patagonia\/#more-6279\" aria-label=\"Leer m\u00e1s sobre Habitantes de Los Lagos y Ays\u00e9n apoyan a cient\u00edficos en monitoreo de calidad del agua de los principales r\u00edos del norte de la Patagonia\">Leer m\u00e1s<\/a><\/p>\n","protected":false},"author":3,"featured_media":6280,"comment_status":"open","ping_status":"open","sticky":false,"template":"","format":"standard","meta":{"footnotes":""},"categories":[5,35],"tags":[44,40],"class_list":["post-6279","post","type-post","status-publish","format-standard","has-post-thumbnail","hentry","category-noticias","category-ecosistemas-acuaticos","tag-anna-astorga","tag-brian-reid","infinite-scroll-item"],"_links":{"self":[{"href":"https:\/\/ciep.cl\/inicio\/wp-json\/wp\/v2\/posts\/6279","targetHints":{"allow":["GET"]}}],"collection":[{"href":"https:\/\/ciep.cl\/inicio\/wp-json\/wp\/v2\/posts"}],"about":[{"href":"https:\/\/ciep.cl\/inicio\/wp-json\/wp\/v2\/types\/post"}],"author":[{"embeddable":true,"href":"https:\/\/ciep.cl\/inicio\/wp-json\/wp\/v2\/users\/3"}],"replies":[{"embeddable":true,"href":"https:\/\/ciep.cl\/inicio\/wp-json\/wp\/v2\/comments?post=6279"}],"version-history":[{"count":0,"href":"https:\/\/ciep.cl\/inicio\/wp-json\/wp\/v2\/posts\/6279\/revisions"}],"wp:featuredmedia":[{"embeddable":true,"href":"https:\/\/ciep.cl\/inicio\/wp-json\/"}],"wp:attachment":[{"href":"https:\/\/ciep.cl\/inicio\/wp-json\/wp\/v2\/media?parent=6279"}],"wp:term":[{"taxonomy":"category","embeddable":true,"href":"https:\/\/ciep.cl\/inicio\/wp-json\/wp\/v2\/categories?post=6279"},{"taxonomy":"post_tag","embeddable":true,"href":"https:\/\/ciep.cl\/inicio\/wp-json\/wp\/v2\/tags?post=6279"}],"curies":[{"name":"wp","href":"https:\/\/api.w.org\/{rel}","templated":true}]}}