{"id":6405,"date":"2022-12-30T12:38:09","date_gmt":"2022-12-30T15:38:09","guid":{"rendered":"http:\/\/www.ciep.cl\/?p=6405"},"modified":"2022-12-30T12:38:09","modified_gmt":"2022-12-30T15:38:09","slug":"proyecto-apoyara-la-implementacion-de-la-reserva-de-la-biosfera-laguna-san-rafael","status":"publish","type":"post","link":"https:\/\/ciep.cl\/inicio\/2022\/12\/30\/proyecto-apoyara-la-implementacion-de-la-reserva-de-la-biosfera-laguna-san-rafael\/","title":{"rendered":"Proyecto apoyar\u00e1 la implementaci\u00f3n de la Reserva de la Bi\u00f3sfera Laguna San Rafael"},"content":{"rendered":"\n<p><em>Mediante el fortalecimiento del capital social de operadores y administradores locales del territorio del parque y sectores aleda\u00f1os se busca apoyar la gesti\u00f3n y proyecci\u00f3n de esta zona denominada Reserva de la Bi\u00f3sfera. <\/em><em><\/em><\/p>\n\n\n\n<p>El sur oeste de la regi\u00f3n de Ays\u00e9n, ha sido reconocida como Reserva de la Bi\u00f3sfera&nbsp;desde 1979 por la UNESCO, pero este reconocimiento, desde el a\u00f1o&nbsp;2019 ha involucrado a las localidades y comunidades aleda\u00f1as al Parque Nacional Laguna San Rafael. &nbsp;Lo que espec\u00edficamente se materializa en un apoyo a la &nbsp;gobernanza y desarrollo de ellas, centr\u00e1ndose en desarrollar modelos para la sostenibilidad mundial, nacional y local, y para que sirvan de lugares de aprendizaje donde los tomadores de decisiones, la comunidad cient\u00edfica, los profesionales de gesti\u00f3n y los colectivos trabajen en conjunto.<\/p>\n\n\n\n<p>Recientemente, fue adjudicado un proyecto del Fondo Innovaci\u00f3n a la Competitividad (FIC), financiados por el Gobierno Regional de Ays\u00e9n, &nbsp;por un equipo del departamento de turismo cient\u00edfico del Centro de Investigaci\u00f3n en Ecosistemas de la Patagonia (CIEP) , llamado Estudio de la Resiliencia, sustentabilidad y valorizaci\u00f3n de la Reserva de la Bi\u00f3sfera Laguna San Rafael -G\u201d. El proyecto busca, por medio de un equipo multidisciplinario,&nbsp;apoyar la buena gobernanza del territorio y la valorizaci\u00f3n de su patrimonio natural y cultural, como tambi\u00e9n apoyar a la implementaci\u00f3n de esta denominaci\u00f3n mundial.<\/p>\n\n\n\n<p><strong>\u00bfC\u00f3mo se llevar\u00e1 a cabo este desaf\u00edo?<\/strong><strong><\/strong><\/p>\n\n\n\n<p>La propuesta es generar un&nbsp;fortalecimiento del \u201cCapital Social\u201d&nbsp;a trav\u00e9s del apoyo cient\u00edfico y t\u00e9cnico, buscando desarrollar modelos que permitan la efectividad del trabajo en conjunto&nbsp;para el adecuado desarrollo local, la conservaci\u00f3n y, la valorizaci\u00f3n del territorio. Potenciando as\u00ed,&nbsp;la resiliencia de las comunidades al actual escenario de cambio clim\u00e1tico.<\/p>\n\n\n\n<p>El primer objetivo es apoyar la gobernanza,&nbsp;validando el comit\u00e9 de gesti\u00f3n y la creaci\u00f3n de un sello de calidad. Adem\u00e1s, impulsar talleres de trabajo con coordinadores locales, para la identificaci\u00f3n y creaci\u00f3n de iniciativas colectivas pilotos de ciencias, educaci\u00f3n, turismo y desarrollo productivo.&nbsp;Esta considerado realizar cinco giras de transferencia tecnol\u00f3gica y fortalecimiento de redes de emprendedores y de organizaciones locales, como tambi\u00e9n, socializar informaci\u00f3n de estudios cient\u00edficos existentes a actores p\u00fablicos y privados.&nbsp;Junto a la organizaci\u00f3n de tres&nbsp;seminarios abiertos al p\u00fablico en el territorio.&nbsp;<\/p>\n\n\n\n<p>Los beneficiarios de la presente propuesta ser\u00e1n emprendedores del sector turismo y los habitantes de seis&nbsp;localidades pertenecientes a las Comunas de;&nbsp;Chile Chico, Ib\u00e1\u00f1ez, &nbsp;Ays\u00e9n, Cochrane y Tortel.<\/p>\n\n\n\n<p>Otro factor que considera este proyecto es relevar&nbsp;a lo menos diez&nbsp;iniciativas con una puesta en valor del patrimonio, relacionadas a ciencias participativas, monitoreo y divulgaci\u00f3n de conocimientos. Los hitos territoriales&nbsp;identificados&nbsp;entregar\u00e1n orientaciones al comit\u00e9 de gesti\u00f3n de la Reserva y las autoridades regionales para sus planes de acci\u00f3n y gesti\u00f3n de la misma.<\/p>\n\n\n\n<p>Esta iniciativa es dirigida por el investigador de CIEP Fabien Bourlon y se encuentra asociada a otras organizaciones regionales de investigaci\u00f3n y desarrollo como las corporaciones ZOIT Los Glaciares y ZOIT\u00a0Chelenko, la Corporaci\u00f3n Nacional Forestal (CONAF),\u00a0ONG\u00a0Aumen, CODESA, Lodge Terra Luna, Universidad de\u00a0Grenoble\u00a0y la Red Internacional de Turismo Cient\u00edfico.<\/p>\n\n\n\n<figure class=\"wp-block-image size-large is-resized\"><img fetchpriority=\"high\" decoding=\"async\" src=\"http:\/\/www.ciep.cl\/wp-content\/uploads\/2022\/12\/thumbnail_IMG_8818-1024x768.jpg\" alt=\"\" class=\"wp-image-6407\" width=\"478\" height=\"359\"\/><\/figure>\n\n\n\n<figure class=\"wp-block-image size-large is-resized\"><img decoding=\"async\" src=\"http:\/\/www.ciep.cl\/wp-content\/uploads\/2022\/12\/thumbnail_IMG_8732-1024x768.jpg\" alt=\"\" class=\"wp-image-6410\" width=\"481\" height=\"361\"\/><\/figure>\n","protected":false},"excerpt":{"rendered":"<p>Mediante el fortalecimiento del capital social de operadores y administradores locales del territorio del parque y sectores aleda\u00f1os se busca apoyar la gesti\u00f3n y proyecci\u00f3n de esta zona denominada Reserva de la Bi\u00f3sfera. El sur oeste de la regi\u00f3n de &#8230; <\/p>\n<p class=\"read-more-container\"><a title=\"Proyecto apoyar\u00e1 la implementaci\u00f3n de la Reserva de la Bi\u00f3sfera Laguna San Rafael\" class=\"read-more button\" href=\"https:\/\/ciep.cl\/inicio\/2022\/12\/30\/proyecto-apoyara-la-implementacion-de-la-reserva-de-la-biosfera-laguna-san-rafael\/#more-6405\" aria-label=\"Leer m\u00e1s sobre Proyecto apoyar\u00e1 la implementaci\u00f3n de la Reserva de la Bi\u00f3sfera Laguna San Rafael\">Leer m\u00e1s<\/a><\/p>\n","protected":false},"author":3,"featured_media":6406,"comment_status":"open","ping_status":"open","sticky":false,"template":"","format":"standard","meta":{"footnotes":""},"categories":[5,64],"tags":[42],"class_list":["post-6405","post","type-post","status-publish","format-standard","has-post-thumbnail","hentry","category-noticias","category-turismo-sustentable","tag-fabien-bourlon","infinite-scroll-item"],"_links":{"self":[{"href":"https:\/\/ciep.cl\/inicio\/wp-json\/wp\/v2\/posts\/6405","targetHints":{"allow":["GET"]}}],"collection":[{"href":"https:\/\/ciep.cl\/inicio\/wp-json\/wp\/v2\/posts"}],"about":[{"href":"https:\/\/ciep.cl\/inicio\/wp-json\/wp\/v2\/types\/post"}],"author":[{"embeddable":true,"href":"https:\/\/ciep.cl\/inicio\/wp-json\/wp\/v2\/users\/3"}],"replies":[{"embeddable":true,"href":"https:\/\/ciep.cl\/inicio\/wp-json\/wp\/v2\/comments?post=6405"}],"version-history":[{"count":0,"href":"https:\/\/ciep.cl\/inicio\/wp-json\/wp\/v2\/posts\/6405\/revisions"}],"wp:featuredmedia":[{"embeddable":true,"href":"https:\/\/ciep.cl\/inicio\/wp-json\/"}],"wp:attachment":[{"href":"https:\/\/ciep.cl\/inicio\/wp-json\/wp\/v2\/media?parent=6405"}],"wp:term":[{"taxonomy":"category","embeddable":true,"href":"https:\/\/ciep.cl\/inicio\/wp-json\/wp\/v2\/categories?post=6405"},{"taxonomy":"post_tag","embeddable":true,"href":"https:\/\/ciep.cl\/inicio\/wp-json\/wp\/v2\/tags?post=6405"}],"curies":[{"name":"wp","href":"https:\/\/api.w.org\/{rel}","templated":true}]}}