{"id":6482,"date":"2023-01-13T18:21:22","date_gmt":"2023-01-13T21:21:22","guid":{"rendered":"http:\/\/www.ciep.cl\/?p=6482"},"modified":"2023-01-13T18:21:22","modified_gmt":"2023-01-13T21:21:22","slug":"congreso-futuro-descubre-el-programa-y-las-novedades-para-aysen-de-la-plataforma-de-intercambio-de-ideas-mas-importante-de-latinoamerica","status":"publish","type":"post","link":"https:\/\/ciep.cl\/inicio\/2023\/01\/13\/congreso-futuro-descubre-el-programa-y-las-novedades-para-aysen-de-la-plataforma-de-intercambio-de-ideas-mas-importante-de-latinoamerica\/","title":{"rendered":"Congreso Futuro: Descubre el programa y las novedades para Ays\u00e9n de la plataforma de intercambio de ideas m\u00e1s importante de Latinoam\u00e9rica"},"content":{"rendered":"\n<p><em>El evento se llevar\u00e1 a cabo entre el 16 y el 21 de enero en formato h\u00edbrido, y ser\u00e1 transmitido por el sitio web www.congresofuturo.cl. En Ays\u00e9n se realizar\u00e1n charlas y conversatorios el pr\u00f3ximo viernes 20 de enero, con la participaci\u00f3n de la Dra. Flavia Costa, el Dr. William Cheung y la Dra. Doris Soto, junto a investigadoras(es) regionales del CIEP y de la Universidad de Ays\u00e9n.<\/em><\/p>\n\n\n\n<p>\u201cSin L\u00edmite Real\u201d es el lema de la nueva versi\u00f3n del Congreso Futuro, que este a\u00f1o congregar\u00e1 alrededor de 100 especialistas en diversas \u00e1reas de las ciencias, humanidades y las artes en torno a reflexiones sobre los desaf\u00edos y oportunidades que representa la virtualidad del metaverso, incluyendo personalidades de destacado reconocimiento mundial, como Premios Nobel, acad\u00e9micos de MIT, neurocient\u00edficos y especialistas en Inteligencia Artificial.<\/p>\n\n\n\n<p>\u201cLo que queremos es abordar escenarios futuros, que evidentemente crean incertidumbre, que han cambiado nuestros estilos de vida y de nuestras sociedades, pero que sin duda tenemos que mirarlos en conjunto para saber qu\u00e9 capacidades tenemos que desarrollar, c\u00f3mo cambian las sociedades, y c\u00f3mo resguardar los derechos en esta nuevas l\u00f3gicas y escenarios\u201d explic\u00f3 la senadora Ximena \u00d3rdenes.<\/p>\n\n\n\n<p>Entre sus principales charlistas, el Congreso Futuro contar\u00e1 con la exploradora y bi\u00f3loga marina Sylvia Earle, el Nobel de la Paz y Premio Mundial de Alimentaci\u00f3n 2020 Rattan Lal, la experta en inteligencia artificial y estudios de la voz Rita Singh, la activista transg\u00e9nero Abby Stein, el ling\u00fcista, fil\u00f3sofo y analista pol\u00edtico Noam Chomsky, la soci\u00f3loga y acad\u00e9mica de la Universidad de Harvard Shoshana Zuboff, la experta en bio\u00e9tica y salud virtual Jodi Halpern, y el inform\u00e1tico y fil\u00f3sofo Yuk Hui.<\/p>\n\n\n\n<p>\u201cVamos a hablar de metaverso, un escenario que sin duda es nuevo, de inteligencia artificial, de ciberseguridad, y para eso hemos convocado distintos actores, para generar en conjunto una visi\u00f3n colectiva de los escenarios que se vienen\u201d aclar\u00f3 la parlamentaria.<\/p>\n\n\n\n<p><strong>Congreso Futuro Ays\u00e9n<\/strong><\/p>\n\n\n\n<p>En Coyhaique, el evento se realizar\u00e1 de forma presencial el pr\u00f3ximo 20 de enero en el Centro Cultural Coyhaique (9:00h a 13:00h) y contar\u00e1 con la participaci\u00f3n de la Dra. Flavia Costa, investigadora en ciencias sociales y autora de numerosas publicaciones sobre tecnolog\u00eda, cultura y sociedad; del Dr. William Cheung, experto en Gesti\u00f3n de Recursos y Estudios Ambientales, catedr\u00e1tico del Instituto de los Oc\u00e9anos y la Pesca de la UBC, y Director Cient\u00edfico del Programa Nereus de la Fundaci\u00f3n Nippon-UBC; y de la Dra. Doris Soto, experta en Ecolog\u00eda, ex miembro de la Organizaci\u00f3n de las Naciones Unidas para la Alimentaci\u00f3n (FAO), como Oficial Senior en tem\u00e1ticas de acuicultura y medioambiente, e investigadora del Centro Interdisciplinario de investigaci\u00f3n en Acuicultura (Incar).<\/p>\n\n\n\n<p><strong>El programa, que puede ser revisado en la p\u00e1gina oficial del evento &#8211;<\/strong><a href=\"https:\/\/www.congresofuturo.cl\/region\/aysen-\"><strong>https:\/\/www.congresofuturo.cl\/region\/aysen-<\/strong><\/a><strong> incluye la participaci\u00f3n del investigador de <\/strong>la Universidad de Ays\u00e9n Dr. Sergio Martinic Valencia, Doctor en Sociolog\u00eda, Master en Ciencias Sociales y Antrop\u00f3logo -quien acompa\u00f1ar\u00e1 a la Dra. Costa-, y de las(os) investigadoras(es) del Centro de Investigaci\u00f3n en Ecosistemas de la Patagonia, CIEP, especialistas en Pesquer\u00eda Rub\u00e9n Alarc\u00f3n y Madeleine Hamam\u00e9, quienes conformar\u00e1n un panel junto al Dr. Cheung y la Dra. Soto para abordar la gesti\u00f3n de la pesca como un recurso que debe comprenderse ante las respuestas y vulnerabilidades de los ecosistemas marinos y las pesquer\u00edas en el actual escenario de Cambio Clim\u00e1tico. \u201cEs importante que las personas se unan a estas instancias de reflexi\u00f3n y pensamientos sobre temas relevantes para el futuro de nuestra regi\u00f3n. Como CIEP apoyamos a la organizaci\u00f3n de Congreso Futuro, porque consideramos relevante que se visibilice el trabajo regional, como tambi\u00e9n,&nbsp; atraer a cient\u00edficos internacionales a conocer la Patagonia, un territorio inmensamente propicio para la ciencia\u201d, agreg\u00f3 el director de Transferencia y Vinculaci\u00f3n de CIEP Dr. Alexis Catal\u00e1n.<\/p>\n\n\n\n<p>\u201cDesde el 2017 en Ays\u00e9n, este es un importante espacio donde la academia y el mundo cient\u00edfico se encuentran con la ciudadan\u00eda para abordar tem\u00e1ticas que representan desaf\u00edos para todos y todas, adem\u00e1s es una instancia de descentralizaci\u00f3n del conocimiento al incorporar versiones regionales y como universidad regional somos parte de este encuentro no solo a trav\u00e9s de su organizaci\u00f3n, sino tambi\u00e9n, incorporando a nuestros investigadores e investigadoras a los espacios de reflexiones que nos plantea cada versi\u00f3n de este encuentro cient\u00edfico\u201d se\u00f1al\u00f3 la rectora de la Universidad de Ays\u00e9n Natacha Pino.<\/p>\n\n\n\n<p>Para participar en el Congreso Futuro Ays\u00e9n de formar presencial debes inscribirte a trav\u00e9s del siguiente formulario &#8211;<a href=\"https:\/\/forms.gle\/skKLdba4EhTEb7HfA\">https:\/\/forms.gle\/skKLdba4EhTEb7HfA<\/a>&#8211; o bien seguir la transmisi\u00f3n del d\u00eda 20 de enero desde el sitio web oficial <a href=\"http:\/\/www.congresofuturo.cl\">www.congresofuturo.cl<\/a><\/p>\n","protected":false},"excerpt":{"rendered":"<p>El evento se llevar\u00e1 a cabo entre el 16 y el 21 de enero en formato h\u00edbrido, y ser\u00e1 transmitido por el sitio web www.congresofuturo.cl. En Ays\u00e9n se realizar\u00e1n charlas y conversatorios el pr\u00f3ximo viernes 20 de enero, con la &#8230; <\/p>\n<p class=\"read-more-container\"><a title=\"Congreso Futuro: Descubre el programa y las novedades para Ays\u00e9n de la plataforma de intercambio de ideas m\u00e1s importante de Latinoam\u00e9rica\" class=\"read-more button\" href=\"https:\/\/ciep.cl\/inicio\/2023\/01\/13\/congreso-futuro-descubre-el-programa-y-las-novedades-para-aysen-de-la-plataforma-de-intercambio-de-ideas-mas-importante-de-latinoamerica\/#more-6482\" aria-label=\"Leer m\u00e1s sobre Congreso Futuro: Descubre el programa y las novedades para Ays\u00e9n de la plataforma de intercambio de ideas m\u00e1s importante de Latinoam\u00e9rica\">Leer m\u00e1s<\/a><\/p>\n","protected":false},"author":3,"featured_media":6483,"comment_status":"open","ping_status":"open","sticky":false,"template":"","format":"standard","meta":{"footnotes":""},"categories":[5],"tags":[],"class_list":["post-6482","post","type-post","status-publish","format-standard","has-post-thumbnail","hentry","category-noticias","infinite-scroll-item"],"_links":{"self":[{"href":"https:\/\/ciep.cl\/inicio\/wp-json\/wp\/v2\/posts\/6482","targetHints":{"allow":["GET"]}}],"collection":[{"href":"https:\/\/ciep.cl\/inicio\/wp-json\/wp\/v2\/posts"}],"about":[{"href":"https:\/\/ciep.cl\/inicio\/wp-json\/wp\/v2\/types\/post"}],"author":[{"embeddable":true,"href":"https:\/\/ciep.cl\/inicio\/wp-json\/wp\/v2\/users\/3"}],"replies":[{"embeddable":true,"href":"https:\/\/ciep.cl\/inicio\/wp-json\/wp\/v2\/comments?post=6482"}],"version-history":[{"count":0,"href":"https:\/\/ciep.cl\/inicio\/wp-json\/wp\/v2\/posts\/6482\/revisions"}],"wp:featuredmedia":[{"embeddable":true,"href":"https:\/\/ciep.cl\/inicio\/wp-json\/"}],"wp:attachment":[{"href":"https:\/\/ciep.cl\/inicio\/wp-json\/wp\/v2\/media?parent=6482"}],"wp:term":[{"taxonomy":"category","embeddable":true,"href":"https:\/\/ciep.cl\/inicio\/wp-json\/wp\/v2\/categories?post=6482"},{"taxonomy":"post_tag","embeddable":true,"href":"https:\/\/ciep.cl\/inicio\/wp-json\/wp\/v2\/tags?post=6482"}],"curies":[{"name":"wp","href":"https:\/\/api.w.org\/{rel}","templated":true}]}}