{"id":6501,"date":"2023-02-09T13:43:17","date_gmt":"2023-02-09T16:43:17","guid":{"rendered":"http:\/\/www.ciep.cl\/?p=6501"},"modified":"2023-02-09T13:43:17","modified_gmt":"2023-02-09T16:43:17","slug":"estudio-arrojo-que-casi-un-90-de-los-encuestados-cree-que-la-ciudadania-debe-desempenar-un-rol-mas-importante-en-el-desarrollo-de-la-ciencia","status":"publish","type":"post","link":"https:\/\/ciep.cl\/inicio\/2023\/02\/09\/estudio-arrojo-que-casi-un-90-de-los-encuestados-cree-que-la-ciudadania-debe-desempenar-un-rol-mas-importante-en-el-desarrollo-de-la-ciencia\/","title":{"rendered":"Estudio arroj\u00f3 que casi un 90% de los encuestados cree que la ciudadan\u00eda debe desempe\u00f1ar un rol m\u00e1s importante en el desarrollo de la ciencia"},"content":{"rendered":"\n<p><strong>Habitantes de las regiones de Ays\u00e9n, Magallanes y Ant\u00e1rtica Chilena expresaron tambi\u00e9n que la CTCI (ciencia, tecnolog\u00eda, conocimiento e innovaci\u00f3n) traer\u00e1 beneficios, pero tambi\u00e9n riesgos, para el desarrollo de su regi\u00f3n en los pr\u00f3ximos 20 a\u00f1os. Son parte de los resultados de un estudio ciudadano desarrollado por el proyecto Nodo Ciencia Austral y financiado por ANID.<\/strong><\/p>\n\n\n\n<p>Con el prop\u00f3sito de recopilar informaci\u00f3n sobre la visi\u00f3n y las prioridades de la relaci\u00f3n ciencia, sociedad y territorio en las regiones australes, un equipo de investigadoras e investigadores del proyecto Nodo Ciencia Austral desarroll\u00f3 la primera encuesta de percepci\u00f3n social de la ciencia para los habitantes de la Macrozona Austral. Durante el a\u00f1o 2022, este instrumento fue aplicado en formato online a residentes mayores de edad de todas las comunas de Ays\u00e9n y Magallanes.<\/p>\n\n\n\n<p>Tres dimensiones aborda este estudio denominado \u201cEvaluaci\u00f3n ciudadana de prioridades para el desarrollo de la Ciencia, Tecnolog\u00eda, Conocimiento e Innovaci\u00f3n en la Macrozona Austral\u201d. La primera corresponde a <strong>\u201cla importancia de las ciencias en su vida\u201d<\/strong>, buscando conocer las opiniones de los ciudadanos sobre c\u00f3mo valoran el conocimiento cient\u00edfico y tecnol\u00f3gico en su vida diaria. La segunda dimensi\u00f3n es <strong>\u201cel estado de las ciencias en su regi\u00f3n\u201d, <\/strong>enfocada en percibir la vinculaci\u00f3n actual entre la ciencia, el desarrollo tecnol\u00f3gico y su regi\u00f3n. Finalmente, la \u00faltima es <strong>\u201cel futuro de las ciencias en su regi\u00f3n\u201d<\/strong>, con el fin de saber la opini\u00f3n sobre el rol de la ciencia y la tecnolog\u00eda en su regi\u00f3n en los pr\u00f3ximos 20 a\u00f1os.<\/p>\n\n\n\n<p>\u00bfPara que ser\u00e1n utilizados estos resultados? La Subdirectora de Nodo Ciencia Austral e investigadora que lider\u00f3 el estudio, Dra. Trace Gale, comenta que \u201cprincipalmente para informar las prioridades ciudadanas para el desarrollo de la ciencia, tecnolog\u00eda, conocimiento e innovaci\u00f3n (CTCI) en la macrozona austral; y para contribuir a las pol\u00edticas y programas vinculados a esta materia, facilitando antecedentes para la toma de decisiones que permitan implementar un plan de desarrollo (Hoja de Ruta) que atienda las prioridades locales\u201d.&nbsp;<\/p>\n\n\n\n<p><strong>La ciencia en nuestra vida diaria<\/strong><\/p>\n\n\n\n<p>Los datos obtenidos dejaron importantes resultados al descubierto. Los participantes del estudio manifestaron una compleja relaci\u00f3n con la Ciencia, Tecnolog\u00eda, Conocimiento e Innovaci\u00f3n (CTCI). Por un lado, claramente valoraron la ciencia, con un 92% de los encuestados se\u00f1alando que \u201cla ciencia ayuda a \u201csu comprensi\u00f3n del mundo\u201d, \u201cen el cuidado de la salud y prevenci\u00f3n de enfermedades\u201d y \u201cen la preservaci\u00f3n del entorno y el ambiente\u201d. Sumado a ello, un 80% manifest\u00f3 que \u201cla ciencia y la tecnolog\u00eda est\u00e1n haciendo que nuestras vidas sean m\u00e1s f\u00e1ciles y c\u00f3modas\u201d y m\u00e1s de la mitad estuvo de acuerdo con que \u201cel desarrollo cient\u00edfico-tecnol\u00f3gico podr\u00eda ayudar a disminuir las desigualdades sociales\u201d.&nbsp;<\/p>\n\n\n\n<p>Sin embargo, los(as) encuestados(as) no confiaron plenamente en la ciencia y la tecnolog\u00eda. Un 37% crey\u00f3 que \u201cla ciencia y la tecnolog\u00eda son responsables de la mayor parte de los problemas medioambientales que tenemos en la actualidad\u201d.&nbsp;<\/p>\n\n\n\n<p>Tambi\u00e9n parece haber un nivel de escepticismo sobre la neutralidad de las investigaciones, ya que un 68% manifest\u00f3 que \u00abexiste la posibilidad de que quienes pagan las investigaciones influyan en los cient\u00edficos para que lleguen a las conclusiones que les convienen\u201d.<\/p>\n\n\n\n<p><strong>Comunicaci\u00f3n entre cient\u00edficos y ciudadanos<\/strong><\/p>\n\n\n\n<p>En cuanto a la democratizaci\u00f3n de la ciencia y la tecnolog\u00eda en el territorio austral, los resultados arrojaron que se puede mejorar la comunicaci\u00f3n entre el mundo cient\u00edfico y la ciudadan\u00eda. M\u00e1s de la mitad de los encuestados consider\u00f3 que \u201clos cient\u00edficos no se esfuerzan demasiado por informar al p\u00fablico sobre su trabajo\u201d y un 89,9% que \u00ablos ciudadanos deber\u00edan desempe\u00f1ar un papel m\u00e1s importante en el desarrollo de la ciencia, la tecnolog\u00eda y el conocimiento\u00bb, empoderando a las comunidades a tomar un rol m\u00e1s participativo en estas tem\u00e1ticas.<\/p>\n\n\n\n<p>La mayor\u00eda expres\u00f3 un alto inter\u00e9s por la ciencia que se desarrolla en sus regiones y el 80,9% expres\u00f3 su deseo de \u00abestar activamente involucrado en iniciativas sobre ciencia, tecnolog\u00eda y conocimiento\u00bb. En ese contexto, el investigador Dr. Rodolfo Sapiains, quien particip\u00f3 del desarrollo de la encuesta y asume el rol de Coordinador de Nodo Ciencia Austral en Punta Arenas, coment\u00f3 que \u201cestos resultados claramente muestran que las personas de la macrozona est\u00e1n interesadas en involucrarse m\u00e1s activamente en la generaci\u00f3n de conocimientos y eso es un gran desaf\u00edo para nuestras universidades y centros acad\u00e9micos y estamos en ese proceso de transformaci\u00f3n, de la forma de entender la ciencia. Estos datos nos motivan a buscar m\u00e1s puentes con las comunidades locales, para que el desarrollo del conocimiento ya no sea algo que se hace en los laboratorios sino algo que incluye las experiencias y conocimientos de las personas que habitan las regiones de Ays\u00e9n y Magallanes\u201d.&nbsp;<\/p>\n\n\n\n<p><strong>Ciencia regional y futura<\/strong><\/p>\n\n\n\n<p>El turismo obtuvo el mayor consenso como \u00e1rea destacable en la macrozona, con un 88,6% de los participantes en Magallanes y un 79% en Ays\u00e9n de acuerdo. De esta manera, la investigadora Dra. Trace Gale, concluy\u00f3 que \u201centender y apoyar la capacidad en el desarrollo de formas sostenibles de turismo parece fundamental en los pr\u00f3ximos a\u00f1os, especialmente a la luz de los riesgos e implicaciones del cambio clim\u00e1tico\u201d. A continuaci\u00f3n, la agricultura y la ganader\u00eda fue la otra \u00e1rea considerada destacable por m\u00e1s de la mitad de los participantes. Seguida por medioambiente y energ\u00eda.<\/p>\n\n\n\n<p>Sumado a ello, los encuestados expresaron un cauto optimismo sobre el papel de la ciencia con respecto a las futuras prioridades de la Macrozona Austral. Un 99,6% crey\u00f3 que la CTCI traer\u00e1 beneficios para el desarrollo de su regi\u00f3n en los pr\u00f3ximos 20 a\u00f1os.&nbsp; Sin embargo, m\u00e1s del 95% de los participantes percibieron que la CTCI tambi\u00e9n traer\u00e1 alg\u00fan nivel de riesgo para el desarrollo de su regi\u00f3n dentro de los pr\u00f3ximos 20 a\u00f1os.<\/p>\n\n\n\n<p><strong>Antecedentes del estudio<\/strong><\/p>\n\n\n\n<p>La muestra del estudio contempl\u00f3 un total de 565 participantes: 310 de la Regi\u00f3n de Ays\u00e9n y 255 de la Regi\u00f3n de Magallanes y de la Ant\u00e1rtica Chilena. A su vez, 440 son residentes de las capitales regionales y 125 de las otras comunas. Las cifras arrojaron un 51,8% de los participantes hombres y un 45,6% mujeres.<\/p>\n\n\n\n<p>El equipo a cargo de este estudio est\u00e1 conformado por investigadores del proyecto y otros invitados: la Dra. Trace Gale del Centro de Investigaci\u00f3n en Ecosistemas de la Patagonia (CIEP), Elias Barticevic del Instituto Ant\u00e1rtico Chileno (INACH), Dr. Juan Carlos Aravena y Rodolfo Sapiains de la Universidad de Magallanes (UMAG) y Liliana B\u00e1ez de la Universidad Austral de Chile (UACH).&nbsp;<\/p>\n\n\n\n<p>Finalmente, cabe se\u00f1alar que Nodo Ciencia Austral es una red macrozona austral para el trabajo colaborativo e interdisciplinario en CTCI, compuesta por diez instituciones asociadas en ambas regiones australes y financiada por la Agencia Nacional de Investigaci\u00f3n y Desarrollo (ANID).<\/p>\n\n\n\n<figure class=\"wp-block-gallery columns-2 is-cropped wp-block-gallery-1 is-layout-flex wp-block-gallery-is-layout-flex\"><ul class=\"blocks-gallery-grid\"><li class=\"blocks-gallery-item\"><figure><img decoding=\"async\" src=\"http:\/\/www.ciep.cl\/wp-content\/uploads\/2023\/02\/Nodo-cifras-encuesta-08-1024x1024.jpg\" alt=\"\" data-id=\"6504\" data-full-url=\"http:\/\/www.ciep.cl\/wp-content\/uploads\/2023\/02\/Nodo-cifras-encuesta-08.jpg\" data-link=\"http:\/\/www.ciep.cl\/?attachment_id=6504\" class=\"wp-image-6504\"\/><\/figure><\/li><li class=\"blocks-gallery-item\"><figure><img decoding=\"async\" src=\"http:\/\/www.ciep.cl\/wp-content\/uploads\/2023\/02\/Nodo-cifras-encuesta-12-1024x1024.jpg\" alt=\"\" data-id=\"6502\" data-full-url=\"http:\/\/www.ciep.cl\/wp-content\/uploads\/2023\/02\/Nodo-cifras-encuesta-12.jpg\" data-link=\"http:\/\/www.ciep.cl\/?attachment_id=6502\" class=\"wp-image-6502\"\/><\/figure><\/li><\/ul><\/figure>\n","protected":false},"excerpt":{"rendered":"<p>Habitantes de las regiones de Ays\u00e9n, Magallanes y Ant\u00e1rtica Chilena expresaron tambi\u00e9n que la CTCI (ciencia, tecnolog\u00eda, conocimiento e innovaci\u00f3n) traer\u00e1 beneficios, pero tambi\u00e9n riesgos, para el desarrollo de su regi\u00f3n en los pr\u00f3ximos 20 a\u00f1os. Son parte de los &#8230; <\/p>\n<p class=\"read-more-container\"><a title=\"Estudio arroj\u00f3 que casi un 90% de los encuestados cree que la ciudadan\u00eda debe desempe\u00f1ar un rol m\u00e1s importante en el desarrollo de la ciencia\" class=\"read-more button\" href=\"https:\/\/ciep.cl\/inicio\/2023\/02\/09\/estudio-arrojo-que-casi-un-90-de-los-encuestados-cree-que-la-ciudadania-debe-desempenar-un-rol-mas-importante-en-el-desarrollo-de-la-ciencia\/#more-6501\" aria-label=\"Leer m\u00e1s sobre Estudio arroj\u00f3 que casi un 90% de los encuestados cree que la ciudadan\u00eda debe desempe\u00f1ar un rol m\u00e1s importante en el desarrollo de la ciencia\">Leer m\u00e1s<\/a><\/p>\n","protected":false},"author":3,"featured_media":6503,"comment_status":"open","ping_status":"open","sticky":false,"template":"","format":"standard","meta":{"footnotes":""},"categories":[5],"tags":[46],"class_list":["post-6501","post","type-post","status-publish","format-standard","has-post-thumbnail","hentry","category-noticias","tag-trace-gale","infinite-scroll-item"],"_links":{"self":[{"href":"https:\/\/ciep.cl\/inicio\/wp-json\/wp\/v2\/posts\/6501","targetHints":{"allow":["GET"]}}],"collection":[{"href":"https:\/\/ciep.cl\/inicio\/wp-json\/wp\/v2\/posts"}],"about":[{"href":"https:\/\/ciep.cl\/inicio\/wp-json\/wp\/v2\/types\/post"}],"author":[{"embeddable":true,"href":"https:\/\/ciep.cl\/inicio\/wp-json\/wp\/v2\/users\/3"}],"replies":[{"embeddable":true,"href":"https:\/\/ciep.cl\/inicio\/wp-json\/wp\/v2\/comments?post=6501"}],"version-history":[{"count":0,"href":"https:\/\/ciep.cl\/inicio\/wp-json\/wp\/v2\/posts\/6501\/revisions"}],"wp:featuredmedia":[{"embeddable":true,"href":"https:\/\/ciep.cl\/inicio\/wp-json\/"}],"wp:attachment":[{"href":"https:\/\/ciep.cl\/inicio\/wp-json\/wp\/v2\/media?parent=6501"}],"wp:term":[{"taxonomy":"category","embeddable":true,"href":"https:\/\/ciep.cl\/inicio\/wp-json\/wp\/v2\/categories?post=6501"},{"taxonomy":"post_tag","embeddable":true,"href":"https:\/\/ciep.cl\/inicio\/wp-json\/wp\/v2\/tags?post=6501"}],"curies":[{"name":"wp","href":"https:\/\/api.w.org\/{rel}","templated":true}]}}